{"id":131506,"date":"2021-02-26T01:05:00","date_gmt":"2021-02-26T00:05:00","guid":{"rendered":"https:\/\/www.region-schwabach.de\/wordpress\/?p=131506"},"modified":"2021-02-25T23:03:46","modified_gmt":"2021-02-25T22:03:46","slug":"offentliche-sitzung-des-stadtrats-am-26-februar-2021","status":"publish","type":"post","link":"https:\/\/www.region-schwabach.de\/wordpress\/offentliche-sitzung-des-stadtrats-am-26-februar-2021\/","title":{"rendered":"\u00d6ffentliche Sitzung des Stadtrats am 26. Februar 2021"},"content":{"rendered":"\t\t<div data-elementor-type=\"wp-post\" data-elementor-id=\"131506\" class=\"elementor elementor-131506\">\n\t\t\t\t\t\t<section class=\"elementor-section elementor-top-section elementor-element elementor-element-678181b elementor-section-boxed elementor-section-height-default elementor-section-height-default\" data-id=\"678181b\" data-element_type=\"section\">\n\t\t\t\t\t\t<div class=\"elementor-container elementor-column-gap-default\">\n\t\t\t\t\t<div class=\"elementor-column elementor-col-50 elementor-top-column elementor-element elementor-element-6b34026\" data-id=\"6b34026\" data-element_type=\"column\">\n\t\t\t<div class=\"elementor-widget-wrap elementor-element-populated\">\n\t\t\t\t\t\t<div class=\"elementor-element elementor-element-2e31143 elementor-widget elementor-widget-wp-widget-advads_ad_widget\" data-id=\"2e31143\" data-element_type=\"widget\" data-widget_type=\"wp-widget-advads_ad_widget.default\">\n\t\t\t\t<div class=\"elementor-widget-container\">\n\t\t\t<div id=\"regio-540296266\"><div class=\"regio-adlabel\">Werbung<\/div><center><a href=\"https:\/\/a.partner-versicherung.de\/click.php?partner_id=19992&ad_id=1578&deep=kreditkarten\"  target=\"_blank\"><img decoding=\"async\" src=\"https:\/\/a.partner-versicherung.de\/view.php?partner_id=19992&ad_id=1578\" ><\/a><\/center><\/div>\t\t<\/div>\n\t\t\t\t<\/div>\n\t\t\t\t<div class=\"elementor-element elementor-element-443ab98 elementor-widget elementor-widget-text-editor\" data-id=\"443ab98\" data-element_type=\"widget\" data-widget_type=\"text-editor.default\">\n\t\t\t\t<div class=\"elementor-widget-container\">\n\t\t\t\t\t\t\t<h3>Freitag, den 26. Februar 2021 im Markgrafensaal:<br \/>\u00d6ffentliche Sitzung des Stadtrats<\/h3><p><span style=\"font-size: 12pt;\">Schwabach &#8211; Am Freitag, den 26. Februar 2021, findet im Markrafensaal Schwabach, in der Ludwigstra\u00dfe 16, um 16.00 Uhr die \u00f6ffentliche Sitzung des Stadtrats mit foldender Tagesordnung statt:<\/span><\/p><ol><li><span style=\"font-size: 12pt;\">Sicherstellung der Handlungsf\u00e4higkeit der politischen Gremien in Schwabach &#8211; \u00dcbertragungsbeschluss des Stadtrates auf den Hauptausschuss f\u00fcr hohe Inzidenzzahlen<\/span><\/li><li><span style=\"font-size: 12pt;\">Antragstellung zum F\u00f6rderprogramm &#8222;Beschaffung von Lehrerdienstger\u00e4ten SoLD&#8220;<\/span><\/li><li><span style=\"font-size: 12pt;\">Errichtung und Betrieb einer Gesundheitsregion-Plus Schwabach<\/span><\/li><li><span style=\"font-size: 12pt;\">Klimaschutz; Sachstand und weitere Umsetzung des integrierten Klimaschutzkonzepts<\/span><\/li><li><span style=\"font-size: 12pt;\">Ma\u00dfnahmenpaket zur Begegnung von wirtschaftlichen Einschnitten der Innenstadth\u00e4ndler und -betriebe<\/span><\/li><li><span style=\"font-size: 12pt;\">4.Teil\u00e4nderung des Fl\u00e4chennutzungsplanes der Stadt Schwabach mit integriertem Landschaftsplan \u00f6stlich des Uigenauer Weges &#8211; Erweiterung des Einzelhandelsgesch\u00e4ftes &#8211; Billigungsbeschluss<\/span><\/li><li><span style=\"font-size: 12pt;\">Bebauungsplan S-83-93, 2. \u00c4nderung &#8222;\u00f6stlich der Walpersdorfer Stra\u00dfe&#8220; &#8211; Satzungsbeschluss<\/span><\/li><li><span style=\"font-size: 12pt;\">Bebauungsplan S-118-20 \u201eHerderstra\u00dfe \u2013 Wiesenstra\u00dfe Ost\u201c &#8211; Aufstellungsbeschluss<\/span><\/li><li><span style=\"font-size: 12pt;\">Kommunen f\u00fcr ein starkes Lieferkettengesetz in Deutschland<\/span><\/li><li><span style=\"font-size: 12pt;\">Sachstandsbericht zur Ausstattung von Sch\u00fclerinnen und Sch\u00fclern f\u00fcr die Durchf\u00fchrung des Distanzunterrichts an Schwabacher Schulen<\/span><\/li><\/ol>\t\t\t\t\t\t<\/div>\n\t\t\t\t<\/div>\n\t\t\t\t<div class=\"elementor-element elementor-element-66aafb7 elementor-widget elementor-widget-shortcode\" data-id=\"66aafb7\" data-element_type=\"widget\" data-widget_type=\"shortcode.default\">\n\t\t\t\t<div class=\"elementor-widget-container\">\n\t\t\t\t\t<div class=\"elementor-shortcode\"><center><a href=\"https:\/\/a.partner-versicherung.de\/click.php?partner_id=19992&ad_id=441&deep=kfz-versicherung\"  target=\"_blank\"><img decoding=\"async\" src=\"https:\/\/a.partner-versicherung.de\/view.php?partner_id=19992&ad_id=441\" ><\/a><\/center><\/div>\n\t\t\t\t<\/div>\n\t\t\t\t<\/div>\n\t\t\t\t<div class=\"elementor-element elementor-element-21c3450 elementor-widget-divider--view-line elementor-widget elementor-widget-divider\" data-id=\"21c3450\" data-element_type=\"widget\" data-widget_type=\"divider.default\">\n\t\t\t\t<div class=\"elementor-widget-container\">\n\t\t\t\t\t<div class=\"elementor-divider\">\n\t\t\t<span class=\"elementor-divider-separator\">\n\t\t\t\t\t\t<\/span>\n\t\t<\/div>\n\t\t\t\t<\/div>\n\t\t\t\t<\/div>\n\t\t\t\t<div class=\"elementor-element elementor-element-f4c690c elementor-widget elementor-widget-google_maps\" data-id=\"f4c690c\" data-element_type=\"widget\" data-widget_type=\"google_maps.default\">\n\t\t\t\t<div class=\"elementor-widget-container\">\n\t\t\t\t\t<div class=\"elementor-custom-embed\">\n\t\t\t<iframe loading=\"lazy\"\n\t\t\t\t\tsrc=\"https:\/\/maps.google.com\/maps?q=Ludwigstra%C3%9Fe%2016%2C%20Schwabach%2C%20Deutschland&#038;t=m&#038;z=17&#038;output=embed&#038;iwloc=near\"\n\t\t\t\t\ttitle=\"Ludwigstra\u00dfe 16, Schwabach, Deutschland\"\n\t\t\t\t\taria-label=\"Ludwigstra\u00dfe 16, Schwabach, Deutschland\"\n\t\t\t><\/iframe>\n\t\t<\/div>\n\t\t\t\t<\/div>\n\t\t\t\t<\/div>\n\t\t\t\t\t<\/div>\n\t\t<\/div>\n\t\t\t\t<div class=\"elementor-column elementor-col-50 elementor-top-column elementor-element elementor-element-dd4c02c\" data-id=\"dd4c02c\" data-element_type=\"column\">\n\t\t\t<div class=\"elementor-widget-wrap elementor-element-populated\">\n\t\t\t\t\t\t<div class=\"elementor-element elementor-element-afcda01 elementor-widget elementor-widget-heading\" data-id=\"afcda01\" data-element_type=\"widget\" data-widget_type=\"heading.default\">\n\t\t\t\t<div class=\"elementor-widget-container\">\n\t\t\t<h3 class=\"elementor-heading-title elementor-size-default\">Schnell vergleichen und sparen!<\/h3>\t\t<\/div>\n\t\t\t\t<\/div>\n\t\t\t\t<div class=\"elementor-element elementor-element-4a29827 elementor-widget elementor-widget-wp-widget-advads_ad_widget\" data-id=\"4a29827\" data-element_type=\"widget\" data-widget_type=\"wp-widget-advads_ad_widget.default\">\n\t\t\t\t<div class=\"elementor-widget-container\">\n\t\t\t<div id=\"regio-2232791084\"><div class=\"regio-adlabel\">Werbung<\/div><!-- Beginn https:\/\/www.financeads.net\/-Code --><a href=\"https:\/\/www.financeads.net\/tc.php?t=36648C236142529B\" target=\"_blank\"><img fetchpriority=\"high\" decoding=\"async\" src=\"https:\/\/www.financeads.net\/tb.php?t=36648V236142529B&https=1\" alt=\"\" border=\"0\" width=\"300\" height=\"250\"><\/a><!-- Ende https:\/\/www.financeads.net\/-Code --><\/div>\t\t<\/div>\n\t\t\t\t<\/div>\n\t\t\t\t<div class=\"elementor-element elementor-element-1017dfe elementor-widget elementor-widget-wp-widget-advads_ad_widget\" data-id=\"1017dfe\" data-element_type=\"widget\" data-widget_type=\"wp-widget-advads_ad_widget.default\">\n\t\t\t\t<div class=\"elementor-widget-container\">\n\t\t\t<div id=\"regio-1942834246\"><div class=\"regio-adlabel\">Werbung<\/div><!-- Beginn https:\/\/www.financeads.net\/-Code --><a href=\"https:\/\/www.financeads.net\/tc.php?t=36648C42614510B\" target=\"_blank\"><img decoding=\"async\" src=\"https:\/\/www.financeads.net\/tb.php?t=36648V42614510B&https=1\" alt=\"\" border=\"0\" width=\"200\" height=\"300\"><\/a><!-- Ende https:\/\/www.financeads.net\/-Code --><\/div>\t\t<\/div>\n\t\t\t\t<\/div>\n\t\t\t\t<div class=\"elementor-element elementor-element-fd0ad79 elementor-widget elementor-widget-wp-widget-advads_ad_widget\" data-id=\"fd0ad79\" data-element_type=\"widget\" data-widget_type=\"wp-widget-advads_ad_widget.default\">\n\t\t\t\t<div class=\"elementor-widget-container\">\n\t\t\t<div id=\"regio-4229357643\"><div class=\"regio-adlabel\">Werbung<\/div><!-- Beginn https:\/\/www.financeads.net\/-Code --><a href=\"https:\/\/www.financeads.net\/tc.php?t=36648C205040072B\" target=\"_blank\"><img decoding=\"async\" src=\"https:\/\/www.financeads.net\/tb.php?t=36648V205040072B&https=1\" alt=\"\" border=\"0\" width=\"300\" height=\"250\"><\/a><!-- Ende https:\/\/www.financeads.net\/-Code --><\/div>\t\t<\/div>\n\t\t\t\t<\/div>\n\t\t\t\t<div class=\"elementor-element elementor-element-4484a81 elementor-widget elementor-widget-wp-widget-advads_ad_widget\" data-id=\"4484a81\" data-element_type=\"widget\" data-widget_type=\"wp-widget-advads_ad_widget.default\">\n\t\t\t\t<div class=\"elementor-widget-container\">\n\t\t\t<div id=\"regio-3068734282\"><div class=\"regio-adlabel\">Werbung<\/div><!-- Beginn https:\/\/www.financeads.net\/-Code --><a href=\"https:\/\/www.financeads.net\/tc.php?t=36648C271460142B\" target=\"_blank\"><img loading=\"lazy\" decoding=\"async\" src=\"https:\/\/www.financeads.net\/tb.php?t=36648V271460142B&https=1\" alt=\"PETPROTECT_Hund&Katze_Banner\" border=\"0\" width=\"250\" height=\"250\"><\/a><!-- Ende https:\/\/www.financeads.net\/-Code --><\/div>\t\t<\/div>\n\t\t\t\t<\/div>\n\t\t\t\t\t<\/div>\n\t\t<\/div>\n\t\t\t\t\t<\/div>\n\t\t<\/section>\n\t\t\t\t<\/div>\n\t\t","protected":false},"excerpt":{"rendered":"<div class=\"mh-excerpt\"><p>Freitag, den 26. Februar 2021 im Markgrafensaal: \u00d6ffentliche Sitzung des Stadtrats Schwabach &#8211; Am Freitag, den 26. Februar 2021, findet im Markrafensaal Schwabach, in der Ludwigstra\u00dfe 16, um 16.00 Uhr die \u00f6ffentliche Sitzung des Stadtrats <a class=\"mh-excerpt-more\" href=\"https:\/\/www.region-schwabach.de\/wordpress\/offentliche-sitzung-des-stadtrats-am-26-februar-2021\/\" title=\"\u00d6ffentliche Sitzung des Stadtrats am 26. Februar 2021\">[&#8230;]<\/a><\/p>\n<\/div>","protected":false},"author":1,"featured_media":39357,"comment_status":"open","ping_status":"open","sticky":false,"template":"","format":"standard","meta":{"_cbd_carousel_blocks":"[]","footnotes":""},"categories":[16,79,61],"tags":[14885,2029,2028,3960,1480,19,3012,3151],"class_list":{"0":"post-131506","1":"post","2":"type-post","3":"status-publish","4":"format-standard","5":"has-post-thumbnail","7":"category-aktuell","8":"category-politik","9":"category-rathaus","10":"tag-26-02-2021","11":"tag-ludwigstrasse","12":"tag-markgrafensaal","13":"tag-oeffentliche-sitzung-des-stadtrats","14":"tag-rathaus","15":"tag-schwabach","16":"tag-stadt","17":"tag-stadt-schwabach"},"_links":{"self":[{"href":"https:\/\/www.region-schwabach.de\/wordpress\/wp-json\/wp\/v2\/posts\/131506","targetHints":{"allow":["GET"]}}],"collection":[{"href":"https:\/\/www.region-schwabach.de\/wordpress\/wp-json\/wp\/v2\/posts"}],"about":[{"href":"https:\/\/www.region-schwabach.de\/wordpress\/wp-json\/wp\/v2\/types\/post"}],"author":[{"embeddable":true,"href":"https:\/\/www.region-schwabach.de\/wordpress\/wp-json\/wp\/v2\/users\/1"}],"replies":[{"embeddable":true,"href":"https:\/\/www.region-schwabach.de\/wordpress\/wp-json\/wp\/v2\/comments?post=131506"}],"version-history":[{"count":0,"href":"https:\/\/www.region-schwabach.de\/wordpress\/wp-json\/wp\/v2\/posts\/131506\/revisions"}],"wp:featuredmedia":[{"embeddable":true,"href":"https:\/\/www.region-schwabach.de\/wordpress\/wp-json\/wp\/v2\/media\/39357"}],"wp:attachment":[{"href":"https:\/\/www.region-schwabach.de\/wordpress\/wp-json\/wp\/v2\/media?parent=131506"}],"wp:term":[{"taxonomy":"category","embeddable":true,"href":"https:\/\/www.region-schwabach.de\/wordpress\/wp-json\/wp\/v2\/categories?post=131506"},{"taxonomy":"post_tag","embeddable":true,"href":"https:\/\/www.region-schwabach.de\/wordpress\/wp-json\/wp\/v2\/tags?post=131506"}],"curies":[{"name":"wp","href":"https:\/\/api.w.org\/{rel}","templated":true}]}}