{"id":131843,"date":"2021-02-28T02:12:00","date_gmt":"2021-02-28T01:12:00","guid":{"rendered":"https:\/\/www.region-schwabach.de\/wordpress\/?p=131843"},"modified":"2021-02-28T15:48:13","modified_gmt":"2021-02-28T14:48:13","slug":"andrea-hopperdietzel-zur-neuen-vorsitzenden-der-frauenkommission-gewahlt","status":"publish","type":"post","link":"https:\/\/www.region-schwabach.de\/wordpress\/andrea-hopperdietzel-zur-neuen-vorsitzenden-der-frauenkommission-gewahlt\/","title":{"rendered":"Andrea Hopperdietzel zur neuen Vorsitzenden der Frauenkommission gew\u00e4hlt"},"content":{"rendered":"\t\t<div data-elementor-type=\"wp-post\" data-elementor-id=\"131843\" class=\"elementor elementor-131843\">\n\t\t\t\t\t\t<section class=\"elementor-section elementor-top-section elementor-element elementor-element-678181b elementor-section-boxed elementor-section-height-default elementor-section-height-default\" data-id=\"678181b\" data-element_type=\"section\">\n\t\t\t\t\t\t<div class=\"elementor-container elementor-column-gap-default\">\n\t\t\t\t\t<div class=\"elementor-column elementor-col-50 elementor-top-column elementor-element elementor-element-6b34026\" data-id=\"6b34026\" data-element_type=\"column\">\n\t\t\t<div class=\"elementor-widget-wrap elementor-element-populated\">\n\t\t\t\t\t\t<div class=\"elementor-element elementor-element-4e38fb7 elementor-widget elementor-widget-wp-widget-advads_ad_widget\" data-id=\"4e38fb7\" data-element_type=\"widget\" data-widget_type=\"wp-widget-advads_ad_widget.default\">\n\t\t\t\t<div class=\"elementor-widget-container\">\n\t\t\t<div id=\"regio-2533870598\"><div class=\"regio-adlabel\">Werbung<\/div><center><a href=\"https:\/\/a.partner-versicherung.de\/click.php?partner_id=19992&ad_id=1578&deep=kreditkarten\"  target=\"_blank\"><img decoding=\"async\" src=\"https:\/\/a.partner-versicherung.de\/view.php?partner_id=19992&ad_id=1578\" ><\/a><\/center><\/div>\t\t<\/div>\n\t\t\t\t<\/div>\n\t\t\t\t<div class=\"elementor-element elementor-element-443ab98 elementor-widget elementor-widget-text-editor\" data-id=\"443ab98\" data-element_type=\"widget\" data-widget_type=\"text-editor.default\">\n\t\t\t\t<div class=\"elementor-widget-container\">\n\t\t\t\t\t\t\t<h3>Andrea Hopperdietzel neue Vorsitzende der Frauenkommission<br \/>Stellvertreterin ist Nadine Siegert<\/h3><p><span style=\"font-size: 12pt;\">Schwabach &#8211; Andrea Hopperdietzel vom Verein Hilfe f\u00fcr Frauen in Not Roth-Schwabach e.V. ist die neue Vorsitzende der Frauenkommission, ihre Stellvertretung ist Nadine Siegert vom Limbacher B\u00fcrgertreff. In einer spannenden Wahl haben 18 der 19 Mitglieder der Frauenkommission \u2013 unter Einhaltung strengster Corona-Schutz-Bestimmungen \u2013 gestern im Markgrafensaal gew\u00e4hlt. F\u00fcr die Durchf\u00fchrung der Wahl war Pr\u00e4senz erforderlich.<br \/><\/span><\/p><p><span style=\"font-size: 12pt;\">Oberb\u00fcrgermeister Peter Rei\u00df forderte in seinem Gru\u00dfwort zur Er\u00f6ffnung der Sitzung, die Frauen auf, aktiv Themen einzubringen und sagte seine Unterst\u00fctzung zu.<br \/><\/span><\/p><p><span style=\"font-size: 12pt;\">Die Frauenkommission ist seit \u00fcber 25 Jahren ein st\u00e4dtischer Beirat aus weiblichen Mitgliedern des Stadtrates, Vertreterinnen aus Parteien und gew\u00e4hlten Frauen aus Einrichtungen, Organisationen und Vereinen. In vier Sitzungen pro Jahr werden aktuelle ebenso wie l\u00e4ngerfristige oder auch grunds\u00e4tzliche gleichstellungspolitische Themen behandelt. <\/span><\/p><p><span style=\"font-size: 12pt;\">Die Kommission hat die Aufgabe, die Arbeit der Gleichstellungsstelle zu unterst\u00fctzen und zu begleiten, sowie Initiativen und Ma\u00dfnahmen vorzubereiten und diese dem Stadtrat vorzuschlagen. Dar\u00fcber hinaus hat die Kommission das Recht, Stellungnahmen und Empfehlungen an den Stadtrat und den Oberb\u00fcrgermeister zu verfassen, die innerhalb von drei Monaten behandelt werden m\u00fcssen. Die Vorsitzende hat zu diesen Punkten ein Rederecht im Stadtrat.<br \/><\/span><\/p><p><span style=\"font-size: 12pt;\">\u201eAls Gleichstellungsbeauftragte der Stadt Schwabach und Gesch\u00e4ftsf\u00fchrerin der Frauenkommission sch\u00e4tze ich die zukunftsorientierte und partei\u00fcbergreifende Zusammenarbeit in der Frauenkommission f\u00fcr die Weiterentwicklung der Gleichstellung von Frauen und M\u00e4nnern sehr\u201c, stellte Sabine Reek-Rade fest. \u201eDie Zusammenarbeit mit den in der Kommission vertretenen Frauenorganisationen und Parteien stellt f\u00fcr mich sicher, dass unsere Schwabacher Gleichstellungspolitik eine unmittelbare Verbindung zu den B\u00fcrgerinnen und B\u00fcrgern beh\u00e4lt.\u201c<br \/><\/span><\/p><p><span style=\"font-size: 12pt;\"><strong>Foto (von links):<\/strong> Oberb\u00fcrgermeister Peter Rei\u00df, stellvertretende Vorsitzende<br \/>der Frauenkommission Nadine Siegert, die neue Vorsitzende der<br \/>Frauenkommission Andrea Hopperditzel, Gleichstellungsbeauftragte Sabine<br \/>Reek-Rade<\/span><\/p><h3>Weiterf\u00fchrende Links:<\/h3><p><span style=\"font-size: 12pt;\"><a href=\"https:\/\/www.schwabach.de\/de\/politik\/beiraete\/frauenkommission.html\" target=\"_blank\" rel=\"noopener\">Zur Homepage der Frauenkommission geht es hier &#8230;<\/a><\/span><\/p><figure id=\"attachment_131851\" aria-describedby=\"caption-attachment-131851\" style=\"width: 960px\" class=\"wp-caption aligncenter\"><a href=\"https:\/\/www.region-schwabach.de\/wordpress\/wp-content\/uploads\/2021\/02\/PM28_FK-Sitzung-e1614523084459.jpg\"><img fetchpriority=\"high\" decoding=\"async\" class=\"size-full wp-image-131851\" src=\"https:\/\/www.region-schwabach.de\/wordpress\/wp-content\/uploads\/2021\/02\/PM28_FK-Sitzung-e1614523084459.jpg\" alt=\"\" width=\"960\" height=\"640\" \/><\/a><figcaption id=\"caption-attachment-131851\" class=\"wp-caption-text\">Andrea Hopperdietzel zur neuen Vorsitzenden der Frauenkommission gew\u00e4hlt<\/figcaption><\/figure>\t\t\t\t\t\t<\/div>\n\t\t\t\t<\/div>\n\t\t\t\t<div class=\"elementor-element elementor-element-21c3450 elementor-widget-divider--view-line elementor-widget elementor-widget-divider\" data-id=\"21c3450\" data-element_type=\"widget\" data-widget_type=\"divider.default\">\n\t\t\t\t<div class=\"elementor-widget-container\">\n\t\t\t\t\t<div class=\"elementor-divider\">\n\t\t\t<span class=\"elementor-divider-separator\">\n\t\t\t\t\t\t<\/span>\n\t\t<\/div>\n\t\t\t\t<\/div>\n\t\t\t\t<\/div>\n\t\t\t\t<div class=\"elementor-element elementor-element-f4c690c elementor-widget elementor-widget-google_maps\" data-id=\"f4c690c\" data-element_type=\"widget\" data-widget_type=\"google_maps.default\">\n\t\t\t\t<div class=\"elementor-widget-container\">\n\t\t\t\t\t<div class=\"elementor-custom-embed\">\n\t\t\t<iframe loading=\"lazy\"\n\t\t\t\t\tsrc=\"https:\/\/maps.google.com\/maps?q=Ludwigstra%C3%9Fe%2016%2C%20Schwabach%2C%20Deutschland&#038;t=m&#038;z=17&#038;output=embed&#038;iwloc=near\"\n\t\t\t\t\ttitle=\"Ludwigstra\u00dfe 16, Schwabach, Deutschland\"\n\t\t\t\t\taria-label=\"Ludwigstra\u00dfe 16, Schwabach, Deutschland\"\n\t\t\t><\/iframe>\n\t\t<\/div>\n\t\t\t\t<\/div>\n\t\t\t\t<\/div>\n\t\t\t\t\t<\/div>\n\t\t<\/div>\n\t\t\t\t<div class=\"elementor-column elementor-col-50 elementor-top-column elementor-element elementor-element-5907a18\" data-id=\"5907a18\" data-element_type=\"column\">\n\t\t\t<div class=\"elementor-widget-wrap elementor-element-populated\">\n\t\t\t\t\t\t<div class=\"elementor-element elementor-element-540377b elementor-widget elementor-widget-heading\" data-id=\"540377b\" data-element_type=\"widget\" data-widget_type=\"heading.default\">\n\t\t\t\t<div class=\"elementor-widget-container\">\n\t\t\t<h3 class=\"elementor-heading-title elementor-size-default\">Schnell vergleichen und sparen!<\/h3>\t\t<\/div>\n\t\t\t\t<\/div>\n\t\t\t\t<div class=\"elementor-element elementor-element-ffc551e elementor-widget elementor-widget-wp-widget-advads_ad_widget\" data-id=\"ffc551e\" data-element_type=\"widget\" data-widget_type=\"wp-widget-advads_ad_widget.default\">\n\t\t\t\t<div class=\"elementor-widget-container\">\n\t\t\t<div id=\"regio-4068586344\"><div class=\"regio-adlabel\">Werbung<\/div><!-- Beginn https:\/\/www.financeads.net\/-Code --><a href=\"https:\/\/www.financeads.net\/tc.php?t=36648C236142529B\" target=\"_blank\"><img decoding=\"async\" src=\"https:\/\/www.financeads.net\/tb.php?t=36648V236142529B&https=1\" alt=\"\" border=\"0\" width=\"300\" height=\"250\"><\/a><!-- Ende https:\/\/www.financeads.net\/-Code --><\/div>\t\t<\/div>\n\t\t\t\t<\/div>\n\t\t\t\t<div class=\"elementor-element elementor-element-deae22e elementor-widget elementor-widget-wp-widget-advads_ad_widget\" data-id=\"deae22e\" data-element_type=\"widget\" data-widget_type=\"wp-widget-advads_ad_widget.default\">\n\t\t\t\t<div class=\"elementor-widget-container\">\n\t\t\t<div id=\"regio-3458888801\"><div class=\"regio-adlabel\">Werbung<\/div><!-- Beginn https:\/\/www.financeads.net\/-Code --><a href=\"https:\/\/www.financeads.net\/tc.php?t=36648C42614510B\" target=\"_blank\"><img decoding=\"async\" src=\"https:\/\/www.financeads.net\/tb.php?t=36648V42614510B&https=1\" alt=\"\" border=\"0\" width=\"200\" height=\"300\"><\/a><!-- Ende https:\/\/www.financeads.net\/-Code --><\/div>\t\t<\/div>\n\t\t\t\t<\/div>\n\t\t\t\t<div class=\"elementor-element elementor-element-8bae3ed elementor-widget elementor-widget-wp-widget-advads_ad_widget\" data-id=\"8bae3ed\" data-element_type=\"widget\" data-widget_type=\"wp-widget-advads_ad_widget.default\">\n\t\t\t\t<div class=\"elementor-widget-container\">\n\t\t\t<div id=\"regio-2989606669\"><div class=\"regio-adlabel\">Werbung<\/div><!-- Beginn https:\/\/www.financeads.net\/-Code --><a href=\"https:\/\/www.financeads.net\/tc.php?t=36648C205040072B\" target=\"_blank\"><img loading=\"lazy\" decoding=\"async\" src=\"https:\/\/www.financeads.net\/tb.php?t=36648V205040072B&https=1\" alt=\"\" border=\"0\" width=\"300\" height=\"250\"><\/a><!-- Ende https:\/\/www.financeads.net\/-Code --><\/div>\t\t<\/div>\n\t\t\t\t<\/div>\n\t\t\t\t<div class=\"elementor-element elementor-element-b62ee55 elementor-widget elementor-widget-wp-widget-advads_ad_widget\" data-id=\"b62ee55\" data-element_type=\"widget\" data-widget_type=\"wp-widget-advads_ad_widget.default\">\n\t\t\t\t<div class=\"elementor-widget-container\">\n\t\t\t<div id=\"regio-3257713631\"><div class=\"regio-adlabel\">Werbung<\/div><!-- Beginn https:\/\/www.financeads.net\/-Code --><a href=\"https:\/\/www.financeads.net\/tc.php?t=36648C271460142B\" target=\"_blank\"><img loading=\"lazy\" decoding=\"async\" src=\"https:\/\/www.financeads.net\/tb.php?t=36648V271460142B&https=1\" alt=\"PETPROTECT_Hund&Katze_Banner\" border=\"0\" width=\"250\" height=\"250\"><\/a><!-- Ende https:\/\/www.financeads.net\/-Code --><\/div>\t\t<\/div>\n\t\t\t\t<\/div>\n\t\t\t\t\t<\/div>\n\t\t<\/div>\n\t\t\t\t\t<\/div>\n\t\t<\/section>\n\t\t\t\t<\/div>\n\t\t","protected":false},"excerpt":{"rendered":"<div class=\"mh-excerpt\"><p>Andrea Hopperdietzel neue Vorsitzende der Frauenkommission Stellvertreterin ist Nadine Siegert Schwabach &#8211; Andrea Hopperdietzel vom Verein Hilfe f\u00fcr Frauen in Not Roth-Schwabach e.V. ist die neue Vorsitzende der Frauenkommission, ihre Stellvertretung ist Nadine Siegert vom <a class=\"mh-excerpt-more\" href=\"https:\/\/www.region-schwabach.de\/wordpress\/andrea-hopperdietzel-zur-neuen-vorsitzenden-der-frauenkommission-gewahlt\/\" title=\"Andrea Hopperdietzel zur neuen Vorsitzenden der Frauenkommission gew\u00e4hlt\">[&#8230;]<\/a><\/p>\n<\/div>","protected":false},"author":1,"featured_media":131848,"comment_status":"open","ping_status":"open","sticky":false,"template":"","format":"standard","meta":{"_cbd_carousel_blocks":"[]","footnotes":""},"categories":[16,79,61,231],"tags":[14882,14911,6904,2029,2028,14912,4366,1480,19,3151,14913,14910,6097,14883],"class_list":{"0":"post-131843","1":"post","2":"type-post","3":"status-publish","4":"format-standard","5":"has-post-thumbnail","7":"category-aktuell","8":"category-politik","9":"category-rathaus","10":"category-veranstaltungsnews","11":"tag-24-02-2021","12":"tag-andrea-hopperdietzel","13":"tag-frauenkommission","14":"tag-ludwigstrasse","15":"tag-markgrafensaal","16":"tag-nadine-siegert","17":"tag-oeffentliche-sitzung-der-frauenkommission","18":"tag-rathaus","19":"tag-schwabach","20":"tag-stadt-schwabach","21":"tag-stellvertreterin","22":"tag-vorsitzende","23":"tag-vorstellung","24":"tag-wahlen"},"_links":{"self":[{"href":"https:\/\/www.region-schwabach.de\/wordpress\/wp-json\/wp\/v2\/posts\/131843","targetHints":{"allow":["GET"]}}],"collection":[{"href":"https:\/\/www.region-schwabach.de\/wordpress\/wp-json\/wp\/v2\/posts"}],"about":[{"href":"https:\/\/www.region-schwabach.de\/wordpress\/wp-json\/wp\/v2\/types\/post"}],"author":[{"embeddable":true,"href":"https:\/\/www.region-schwabach.de\/wordpress\/wp-json\/wp\/v2\/users\/1"}],"replies":[{"embeddable":true,"href":"https:\/\/www.region-schwabach.de\/wordpress\/wp-json\/wp\/v2\/comments?post=131843"}],"version-history":[{"count":0,"href":"https:\/\/www.region-schwabach.de\/wordpress\/wp-json\/wp\/v2\/posts\/131843\/revisions"}],"wp:featuredmedia":[{"embeddable":true,"href":"https:\/\/www.region-schwabach.de\/wordpress\/wp-json\/wp\/v2\/media\/131848"}],"wp:attachment":[{"href":"https:\/\/www.region-schwabach.de\/wordpress\/wp-json\/wp\/v2\/media?parent=131843"}],"wp:term":[{"taxonomy":"category","embeddable":true,"href":"https:\/\/www.region-schwabach.de\/wordpress\/wp-json\/wp\/v2\/categories?post=131843"},{"taxonomy":"post_tag","embeddable":true,"href":"https:\/\/www.region-schwabach.de\/wordpress\/wp-json\/wp\/v2\/tags?post=131843"}],"curies":[{"name":"wp","href":"https:\/\/api.w.org\/{rel}","templated":true}]}}