{"id":133005,"date":"2021-03-24T01:30:00","date_gmt":"2021-03-24T00:30:00","guid":{"rendered":"https:\/\/www.region-schwabach.de\/wordpress\/?p=133005"},"modified":"2021-03-23T22:17:06","modified_gmt":"2021-03-23T21:17:06","slug":"stadtverwaltung-ab-donnerstag-den-11-03-2021-mit-stand-bei-der-virtuellen-ausbildungsmesse-zamonline-vertreten","status":"publish","type":"post","link":"https:\/\/www.region-schwabach.de\/wordpress\/stadtverwaltung-ab-donnerstag-den-11-03-2021-mit-stand-bei-der-virtuellen-ausbildungsmesse-zamonline-vertreten\/","title":{"rendered":"Stadtverwaltung ab Donnerstag, den 11.03.2021, mit Stand bei der virtuellen Ausbildungsmesse ZAMonline vertreten"},"content":{"rendered":"\t\t<div data-elementor-type=\"wp-post\" data-elementor-id=\"133005\" class=\"elementor elementor-133005\">\n\t\t\t\t\t\t<section class=\"elementor-section elementor-top-section elementor-element elementor-element-678181b elementor-section-boxed elementor-section-height-default elementor-section-height-default\" data-id=\"678181b\" data-element_type=\"section\">\n\t\t\t\t\t\t<div class=\"elementor-container elementor-column-gap-default\">\n\t\t\t\t\t<div class=\"elementor-column elementor-col-50 elementor-top-column elementor-element elementor-element-6b34026\" data-id=\"6b34026\" data-element_type=\"column\">\n\t\t\t<div class=\"elementor-widget-wrap elementor-element-populated\">\n\t\t\t\t\t\t<div class=\"elementor-element elementor-element-dfcd45a elementor-widget elementor-widget-wp-widget-advads_ad_widget\" data-id=\"dfcd45a\" data-element_type=\"widget\" data-widget_type=\"wp-widget-advads_ad_widget.default\">\n\t\t\t\t<div class=\"elementor-widget-container\">\n\t\t\t<div id=\"regio-296171437\"><div class=\"regio-adlabel\">Werbung<\/div><center><a href=\"https:\/\/a.partner-versicherung.de\/click.php?partner_id=19992&ad_id=1578&deep=kreditkarten\"  target=\"_blank\"><img decoding=\"async\" src=\"https:\/\/a.partner-versicherung.de\/view.php?partner_id=19992&ad_id=1578\" ><\/a><\/center><\/div>\t\t<\/div>\n\t\t\t\t<\/div>\n\t\t\t\t<div class=\"elementor-element elementor-element-443ab98 elementor-widget elementor-widget-text-editor\" data-id=\"443ab98\" data-element_type=\"widget\" data-widget_type=\"text-editor.default\">\n\t\t\t\t<div class=\"elementor-widget-container\">\n\t\t\t\t\t\t\t<h3>Auch Stadtverwaltung Schwabach mit Messestand vertreten<br \/>Virtuelle Ausbildungsmesse startet<\/h3><p><span style=\"font-size: 12pt;\">Schwabach &#8211; Die Zentrale Ausbildungsmesse ZAM-Online startet am Donnerstag, 11. M\u00e4rz 2021 um 9 Uhr. Die Messe f\u00fcr die gesamte Bildungsregion Landkreis Roth und Stadt Schwabach steht allen Interessierten kostenfrei 14 Tage lang rund um die Uhr zur Verf\u00fcgung. Auch die Stadtverwaltung Schwabach ist mit einem Messestand auf der ZAMonline vertreten, als einer von 94 Ausstellern verschiedenster Branchen. <\/span><\/p><p><span style=\"font-size: 12pt;\">Mit wenigen Klicks gelangt man dort auf verschiedene Informationen, wie etwa die Ausbildungsseite oder ein kurzes Video. Ebenso kann man \u00fcber eine Chatfunktion mit den Ansprechpersonen direkt Kontakt aufnehmen.<br \/><\/span><\/p><p><span style=\"font-size: 12pt;\">Ein vielseitiges Programm auf der Vortragsb\u00fchne, eine Messelobby mit Gru\u00dfworten, eine Umfrage mit Gewinnspiel sowie eine intelligente Suchfunktion bieten die Gelegenheit zu Information, Kontaktaufnahme und passgenauer Ausbildungs- und Studienplatzsuche in der Region.<br \/><\/span><\/p><p><span style=\"font-size: 12pt;\">An vier Pr\u00e4senztagen stehen die Ausbildungsbetriebe, Beh\u00f6rden oder Hochschulen auch &#8222;live&#8220; per Chat f\u00fcr alle Fragen der Sch\u00fclerinnen und Sch\u00fcler zur Verf\u00fcgung:<br \/><\/span><\/p><ul style=\"list-style-type: disc;\"><li><span style=\"font-size: 12pt;\">Samstag, 13. M\u00e4rz von 10 bis 13 Uhr<\/span><\/li><li><span style=\"font-size: 12pt;\">Mittwoch, 17. M\u00e4rz von 14 bis 17 Uhr<\/span><\/li><li><span style=\"font-size: 12pt;\">Freitag, 19. M\u00e4rz von 16 bis 19 Uhr<\/span><\/li><li><span style=\"font-size: 12pt;\">Dienstag, 23. M\u00e4rz von 14 bis 17 Uhr<br \/><\/span><\/li><\/ul><p><span style=\"font-size: 12pt;\">Anmeldung und alle weiteren Informationen unter www.zam-online.com. Jugendliche, Eltern, Lehrkr\u00e4fte &#8211; alle sind eingeladen, diesen neuen Weg der Berufsorientierung zu nutzen. Denn s\u00e4mtliche Pr\u00e4senzveranstaltungen, die sonst angeboten wurden, fallen heuer aus.<br \/><\/span><\/p><p><span style=\"font-size: 12pt;\"><strong>Foto (JF Messeprojekt GmbH, Abdruck honorarfrei)<\/strong>: Der virtuelle Messestand der Stadt Schwabach<\/span><\/p>\t\t\t\t\t\t<\/div>\n\t\t\t\t<\/div>\n\t\t\t\t<div class=\"elementor-element elementor-element-77d717b elementor-widget elementor-widget-shortcode\" data-id=\"77d717b\" data-element_type=\"widget\" data-widget_type=\"shortcode.default\">\n\t\t\t\t<div class=\"elementor-widget-container\">\n\t\t\t\t\t<div class=\"elementor-shortcode\"><!-- Beginn https:\/\/www.financeads.net\/-Code --><a href=\"https:\/\/www.financeads.net\/tc.php?t=36648C38513858B\" target=\"_blank\"><center><img decoding=\"async\" src=\"https:\/\/www.financeads.net\/tb.php?t=36648V38513858B&https=1\" alt=\"\" border=\"0\" width=\"468\" height=\"60\"><\/a><!-- Ende https:\/\/www.financeads.net\/-Code --><\/div>\n\t\t\t\t<\/div>\n\t\t\t\t<\/div>\n\t\t\t\t<div class=\"elementor-element elementor-element-f976688 elementor-widget elementor-widget-google_maps\" data-id=\"f976688\" data-element_type=\"widget\" data-widget_type=\"google_maps.default\">\n\t\t\t\t<div class=\"elementor-widget-container\">\n\t\t\t\t\t<div class=\"elementor-custom-embed\">\n\t\t\t<iframe loading=\"lazy\"\n\t\t\t\t\tsrc=\"https:\/\/maps.google.com\/maps?q=K%C3%B6nigsplatz%2C%20Schwabach%2C%20Deutschland&#038;t=m&#038;z=17&#038;output=embed&#038;iwloc=near\"\n\t\t\t\t\ttitle=\"K\u00f6nigsplatz, Schwabach, Deutschland\"\n\t\t\t\t\taria-label=\"K\u00f6nigsplatz, Schwabach, Deutschland\"\n\t\t\t><\/iframe>\n\t\t<\/div>\n\t\t\t\t<\/div>\n\t\t\t\t<\/div>\n\t\t\t\t\t<\/div>\n\t\t<\/div>\n\t\t\t\t<div class=\"elementor-column elementor-col-50 elementor-top-column elementor-element elementor-element-52ef2ec\" data-id=\"52ef2ec\" data-element_type=\"column\">\n\t\t\t<div class=\"elementor-widget-wrap elementor-element-populated\">\n\t\t\t\t\t\t<div class=\"elementor-element elementor-element-66c7ced elementor-widget elementor-widget-heading\" data-id=\"66c7ced\" data-element_type=\"widget\" data-widget_type=\"heading.default\">\n\t\t\t\t<div class=\"elementor-widget-container\">\n\t\t\t<h3 class=\"elementor-heading-title elementor-size-default\">Schnell vergleichen und sparen!<\/h3>\t\t<\/div>\n\t\t\t\t<\/div>\n\t\t\t\t<div class=\"elementor-element elementor-element-d4f799c elementor-widget elementor-widget-wp-widget-advads_ad_widget\" data-id=\"d4f799c\" data-element_type=\"widget\" data-widget_type=\"wp-widget-advads_ad_widget.default\">\n\t\t\t\t<div class=\"elementor-widget-container\">\n\t\t\t<div id=\"regio-1146732776\"><div class=\"regio-adlabel\">Werbung<\/div><!-- Beginn https:\/\/www.financeads.net\/-Code --><a href=\"https:\/\/www.financeads.net\/tc.php?t=36648C236142529B\" target=\"_blank\"><img fetchpriority=\"high\" decoding=\"async\" src=\"https:\/\/www.financeads.net\/tb.php?t=36648V236142529B&https=1\" alt=\"\" border=\"0\" width=\"300\" height=\"250\"><\/a><!-- Ende https:\/\/www.financeads.net\/-Code --><\/div>\t\t<\/div>\n\t\t\t\t<\/div>\n\t\t\t\t<div class=\"elementor-element elementor-element-9247084 elementor-widget elementor-widget-wp-widget-advads_ad_widget\" data-id=\"9247084\" data-element_type=\"widget\" data-widget_type=\"wp-widget-advads_ad_widget.default\">\n\t\t\t\t<div class=\"elementor-widget-container\">\n\t\t\t<div id=\"regio-1471239303\"><div class=\"regio-adlabel\">Werbung<\/div><!-- Beginn https:\/\/www.financeads.net\/-Code --><a href=\"https:\/\/www.financeads.net\/tc.php?t=36648C42614510B\" target=\"_blank\"><img decoding=\"async\" src=\"https:\/\/www.financeads.net\/tb.php?t=36648V42614510B&https=1\" alt=\"\" border=\"0\" width=\"200\" height=\"300\"><\/a><!-- Ende https:\/\/www.financeads.net\/-Code --><\/div>\t\t<\/div>\n\t\t\t\t<\/div>\n\t\t\t\t<div class=\"elementor-element elementor-element-dd4c893 elementor-widget elementor-widget-wp-widget-advads_ad_widget\" data-id=\"dd4c893\" data-element_type=\"widget\" data-widget_type=\"wp-widget-advads_ad_widget.default\">\n\t\t\t\t<div class=\"elementor-widget-container\">\n\t\t\t<div id=\"regio-3196321135\"><div class=\"regio-adlabel\">Werbung<\/div><!-- Beginn https:\/\/www.financeads.net\/-Code --><a href=\"https:\/\/www.financeads.net\/tc.php?t=36648C205040072B\" target=\"_blank\"><img loading=\"lazy\" decoding=\"async\" src=\"https:\/\/www.financeads.net\/tb.php?t=36648V205040072B&https=1\" alt=\"\" border=\"0\" width=\"300\" height=\"250\"><\/a><!-- Ende https:\/\/www.financeads.net\/-Code --><\/div>\t\t<\/div>\n\t\t\t\t<\/div>\n\t\t\t\t<div class=\"elementor-element elementor-element-d576fb3 elementor-widget elementor-widget-wp-widget-advads_ad_widget\" data-id=\"d576fb3\" data-element_type=\"widget\" data-widget_type=\"wp-widget-advads_ad_widget.default\">\n\t\t\t\t<div class=\"elementor-widget-container\">\n\t\t\t<div id=\"regio-3225993749\"><div class=\"regio-adlabel\">Werbung<\/div><!-- Beginn https:\/\/www.financeads.net\/-Code --><a href=\"https:\/\/www.financeads.net\/tc.php?t=36648C271460142B\" target=\"_blank\"><img loading=\"lazy\" decoding=\"async\" src=\"https:\/\/www.financeads.net\/tb.php?t=36648V271460142B&https=1\" alt=\"PETPROTECT_Hund&Katze_Banner\" border=\"0\" width=\"250\" height=\"250\"><\/a><!-- Ende https:\/\/www.financeads.net\/-Code --><\/div>\t\t<\/div>\n\t\t\t\t<\/div>\n\t\t\t\t\t<\/div>\n\t\t<\/div>\n\t\t\t\t\t<\/div>\n\t\t<\/section>\n\t\t\t\t<\/div>\n\t\t","protected":false},"excerpt":{"rendered":"<div class=\"mh-excerpt\"><p>Auch Stadtverwaltung Schwabach mit Messestand vertreten Virtuelle Ausbildungsmesse startet Schwabach &#8211; Die Zentrale Ausbildungsmesse ZAM-Online startet am Donnerstag, 11. M\u00e4rz 2021 um 9 Uhr. Die Messe f\u00fcr die gesamte Bildungsregion Landkreis Roth und Stadt Schwabach <a class=\"mh-excerpt-more\" href=\"https:\/\/www.region-schwabach.de\/wordpress\/stadtverwaltung-ab-donnerstag-den-11-03-2021-mit-stand-bei-der-virtuellen-ausbildungsmesse-zamonline-vertreten\/\" title=\"Stadtverwaltung ab Donnerstag, den 11.03.2021, mit Stand bei der virtuellen Ausbildungsmesse ZAMonline vertreten\">[&#8230;]<\/a><\/p>\n<\/div>","protected":false},"author":1,"featured_media":133006,"comment_status":"open","ping_status":"open","sticky":false,"template":"","format":"standard","meta":{"_cbd_carousel_blocks":"[]","footnotes":""},"categories":[16,287,61,231],"tags":[15023,15026,12084,14526,14525,14532,4034,1480,19,3151,14247,15024,15025],"class_list":{"0":"post-133005","1":"post","2":"type-post","3":"status-publish","4":"format-standard","5":"has-post-thumbnail","7":"category-aktuell","8":"category-jugend-und-familie","9":"category-rathaus","10":"category-veranstaltungsnews","11":"tag-11-bis-24-maerz-2021","12":"tag-bildungsregion-landkreis-roth-und-stadt-schwabach","13":"tag-corona","14":"tag-digitale-form","15":"tag-januar-2021","16":"tag-live-stream","17":"tag-online","18":"tag-rathaus","19":"tag-schwabach","20":"tag-stadt-schwabach","21":"tag-virtuell","22":"tag-virtuelle-ausbildungsmesse","23":"tag-zamonline"},"_links":{"self":[{"href":"https:\/\/www.region-schwabach.de\/wordpress\/wp-json\/wp\/v2\/posts\/133005","targetHints":{"allow":["GET"]}}],"collection":[{"href":"https:\/\/www.region-schwabach.de\/wordpress\/wp-json\/wp\/v2\/posts"}],"about":[{"href":"https:\/\/www.region-schwabach.de\/wordpress\/wp-json\/wp\/v2\/types\/post"}],"author":[{"embeddable":true,"href":"https:\/\/www.region-schwabach.de\/wordpress\/wp-json\/wp\/v2\/users\/1"}],"replies":[{"embeddable":true,"href":"https:\/\/www.region-schwabach.de\/wordpress\/wp-json\/wp\/v2\/comments?post=133005"}],"version-history":[{"count":0,"href":"https:\/\/www.region-schwabach.de\/wordpress\/wp-json\/wp\/v2\/posts\/133005\/revisions"}],"wp:featuredmedia":[{"embeddable":true,"href":"https:\/\/www.region-schwabach.de\/wordpress\/wp-json\/wp\/v2\/media\/133006"}],"wp:attachment":[{"href":"https:\/\/www.region-schwabach.de\/wordpress\/wp-json\/wp\/v2\/media?parent=133005"}],"wp:term":[{"taxonomy":"category","embeddable":true,"href":"https:\/\/www.region-schwabach.de\/wordpress\/wp-json\/wp\/v2\/categories?post=133005"},{"taxonomy":"post_tag","embeddable":true,"href":"https:\/\/www.region-schwabach.de\/wordpress\/wp-json\/wp\/v2\/tags?post=133005"}],"curies":[{"name":"wp","href":"https:\/\/api.w.org\/{rel}","templated":true}]}}