{"id":133137,"date":"2021-03-14T01:16:00","date_gmt":"2021-03-14T00:16:00","guid":{"rendered":"https:\/\/www.region-schwabach.de\/wordpress\/?p=133137"},"modified":"2021-03-14T09:11:47","modified_gmt":"2021-03-14T08:11:47","slug":"stadtmuseum-schwabach-offnet-am-samstag-den-13-marz-2021-wieder","status":"publish","type":"post","link":"https:\/\/www.region-schwabach.de\/wordpress\/stadtmuseum-schwabach-offnet-am-samstag-den-13-marz-2021-wieder\/","title":{"rendered":"Stadtmuseum Schwabach \u00f6ffnet am Samstag, den 13. M\u00e4rz 2021, wieder"},"content":{"rendered":"\t\t<div data-elementor-type=\"wp-post\" data-elementor-id=\"133137\" class=\"elementor elementor-133137\">\n\t\t\t\t\t\t<section class=\"elementor-section elementor-top-section elementor-element elementor-element-678181b elementor-section-boxed elementor-section-height-default elementor-section-height-default\" data-id=\"678181b\" data-element_type=\"section\">\n\t\t\t\t\t\t<div class=\"elementor-container elementor-column-gap-default\">\n\t\t\t\t\t<div class=\"elementor-column elementor-col-50 elementor-top-column elementor-element elementor-element-6b34026\" data-id=\"6b34026\" data-element_type=\"column\">\n\t\t\t<div class=\"elementor-widget-wrap elementor-element-populated\">\n\t\t\t\t\t\t<div class=\"elementor-element elementor-element-4e38fb7 elementor-widget elementor-widget-wp-widget-advads_ad_widget\" data-id=\"4e38fb7\" data-element_type=\"widget\" data-widget_type=\"wp-widget-advads_ad_widget.default\">\n\t\t\t\t<div class=\"elementor-widget-container\">\n\t\t\t<div id=\"regio-4131762561\"><div class=\"regio-adlabel\">Werbung<\/div><center><a href=\"https:\/\/a.partner-versicherung.de\/click.php?partner_id=19992&ad_id=1578&deep=kreditkarten\"  target=\"_blank\"><img decoding=\"async\" src=\"https:\/\/a.partner-versicherung.de\/view.php?partner_id=19992&ad_id=1578\" ><\/a><\/center><\/div>\t\t<\/div>\n\t\t\t\t<\/div>\n\t\t\t\t<div class=\"elementor-element elementor-element-443ab98 elementor-widget elementor-widget-text-editor\" data-id=\"443ab98\" data-element_type=\"widget\" data-widget_type=\"text-editor.default\">\n\t\t\t\t<div class=\"elementor-widget-container\">\n\t\t\t\t\t\t\t<h3>Nach vorheriger telefonischer Terminvereinbarung:<br \/>Schwabacher Stadtmuseum \u00f6ffnet wieder<\/h3><p><span style=\"font-size: 12pt;\">Schwabach &#8211; Das Stadtmuseum \u00f6ffnet ab Samstag, den 13. M\u00e4rz 2021, mit einem aktualisierten Hygienekonzept und mit Terminvergabe wieder f\u00fcr Besucherinnen und Besucher. Besuche sind dann zu den gewohnten \u00d6ffnungszeiten f\u00fcr eine Dauer von zwei Stunden und f\u00fcr maximal 20 Personen gleichzeitig m\u00f6glich.<br \/><\/span><\/p><h3><span style=\"font-size: 14pt;\">Termine m\u00fcssen telefonisch vereinbart werden<\/span><\/h3><p><span style=\"font-size: 12pt;\">Termine f\u00fcr einen Besuch m\u00fcssen telefonisch vereinbart werden, dies ist ausschlie\u00dflich Mittwoch bis Sonntag in der Zeit zwischen 10.30 Uhr bis 17.00 Uhr unter der Telefonnummer 09122 860-620 m\u00f6glich.<br \/><\/span><\/p><h3>Corona-Regeln beachten!<\/h3><p><span style=\"font-size: 12pt;\">Zudem gelten die aktuellen Kontaktbeschr\u00e4nkungen, Abstandsregeln sowie<br \/>Maskenpflicht. Personen ab 15 Jahren m\u00fcssen eine FFP2-Maske, Kinder<br \/>zwischen 6 und 14 Jahren eine medizinische Mund-Nasen-Bedeckung tragen.<br \/><\/span><\/p><h3>Dauer &#8211; und Sonderausstellungen zu sehen<\/h3><p><span style=\"font-size: 12pt;\">Neben den Dauerausstellungen sind auch noch die beiden Sonderausstellungen zu sehen. So wurde die Jahresschau \u201eEGOISTEN\u201c des K\u00fcnstlerbundes Schwabach noch bis 5. April 2021 verl\u00e4ngert, die Ausstellung \u201e600 Jahre Stadt+Kirche Schwabach\u201c sogar bis 31. Dezember. <\/span><\/p><p><span style=\"font-size: 12pt;\"><strong>Weitere Informationen unter <a href=\"https:\/\/www.schwabach.de\/de\/kulturportal-stadtmuseum\/stadtmuseum.html\" target=\"_blank\" rel=\"noopener\">stadtmuseum-schwabach.de<\/a>.<\/strong><br \/><\/span><\/p><p><span style=\"font-size: 12pt;\"><strong>Foto (Norbert Korn):<\/strong> Blick in die Sonderausstellung \u201eEGOISTEN\u201c des<br \/>K\u00fcnstlerbundes Schwabach<\/span><\/p>\t\t\t\t\t\t<\/div>\n\t\t\t\t<\/div>\n\t\t\t\t<div class=\"elementor-element elementor-element-c59289a elementor-widget elementor-widget-shortcode\" data-id=\"c59289a\" data-element_type=\"widget\" data-widget_type=\"shortcode.default\">\n\t\t\t\t<div class=\"elementor-widget-container\">\n\t\t\t\t\t<div class=\"elementor-shortcode\"><!-- Beginn https:\/\/www.financeads.net\/-Code --><a href=\"https:\/\/www.financeads.net\/tc.php?t=36648C38513858B\" target=\"_blank\"><center><img decoding=\"async\" src=\"https:\/\/www.financeads.net\/tb.php?t=36648V38513858B&https=1\" alt=\"\" border=\"0\" width=\"468\" height=\"60\"><\/a><!-- Ende https:\/\/www.financeads.net\/-Code --><\/div>\n\t\t\t\t<\/div>\n\t\t\t\t<\/div>\n\t\t\t\t<div class=\"elementor-element elementor-element-21c3450 elementor-widget-divider--view-line elementor-widget elementor-widget-divider\" data-id=\"21c3450\" data-element_type=\"widget\" data-widget_type=\"divider.default\">\n\t\t\t\t<div class=\"elementor-widget-container\">\n\t\t\t\t\t<div class=\"elementor-divider\">\n\t\t\t<span class=\"elementor-divider-separator\">\n\t\t\t\t\t\t<\/span>\n\t\t<\/div>\n\t\t\t\t<\/div>\n\t\t\t\t<\/div>\n\t\t\t\t<div class=\"elementor-element elementor-element-f4c690c elementor-widget elementor-widget-google_maps\" data-id=\"f4c690c\" data-element_type=\"widget\" data-widget_type=\"google_maps.default\">\n\t\t\t\t<div class=\"elementor-widget-container\">\n\t\t\t\t\t<div class=\"elementor-custom-embed\">\n\t\t\t<iframe loading=\"lazy\"\n\t\t\t\t\tsrc=\"https:\/\/maps.google.com\/maps?q=Museumsstra%C3%9Fe%201%2C%20Schwabach%2C%20Deutschland&#038;t=m&#038;z=16&#038;output=embed&#038;iwloc=near\"\n\t\t\t\t\ttitle=\"Museumsstra\u00dfe 1, Schwabach, Deutschland\"\n\t\t\t\t\taria-label=\"Museumsstra\u00dfe 1, Schwabach, Deutschland\"\n\t\t\t><\/iframe>\n\t\t<\/div>\n\t\t\t\t<\/div>\n\t\t\t\t<\/div>\n\t\t\t\t\t<\/div>\n\t\t<\/div>\n\t\t\t\t<div class=\"elementor-column elementor-col-50 elementor-top-column elementor-element elementor-element-5907a18\" data-id=\"5907a18\" data-element_type=\"column\">\n\t\t\t<div class=\"elementor-widget-wrap elementor-element-populated\">\n\t\t\t\t\t\t<div class=\"elementor-element elementor-element-540377b elementor-widget elementor-widget-heading\" data-id=\"540377b\" data-element_type=\"widget\" data-widget_type=\"heading.default\">\n\t\t\t\t<div class=\"elementor-widget-container\">\n\t\t\t<h3 class=\"elementor-heading-title elementor-size-default\">Schnell vergleichen und sparen!<\/h3>\t\t<\/div>\n\t\t\t\t<\/div>\n\t\t\t\t<div class=\"elementor-element elementor-element-ffc551e elementor-widget elementor-widget-wp-widget-advads_ad_widget\" data-id=\"ffc551e\" data-element_type=\"widget\" data-widget_type=\"wp-widget-advads_ad_widget.default\">\n\t\t\t\t<div class=\"elementor-widget-container\">\n\t\t\t<div id=\"regio-824062040\"><div class=\"regio-adlabel\">Werbung<\/div><!-- Beginn https:\/\/www.financeads.net\/-Code --><a href=\"https:\/\/www.financeads.net\/tc.php?t=36648C236142529B\" target=\"_blank\"><img fetchpriority=\"high\" decoding=\"async\" src=\"https:\/\/www.financeads.net\/tb.php?t=36648V236142529B&https=1\" alt=\"\" border=\"0\" width=\"300\" height=\"250\"><\/a><!-- Ende https:\/\/www.financeads.net\/-Code --><\/div>\t\t<\/div>\n\t\t\t\t<\/div>\n\t\t\t\t<div class=\"elementor-element elementor-element-deae22e elementor-widget elementor-widget-wp-widget-advads_ad_widget\" data-id=\"deae22e\" data-element_type=\"widget\" data-widget_type=\"wp-widget-advads_ad_widget.default\">\n\t\t\t\t<div class=\"elementor-widget-container\">\n\t\t\t<div id=\"regio-412992669\"><div class=\"regio-adlabel\">Werbung<\/div><!-- Beginn https:\/\/www.financeads.net\/-Code --><a href=\"https:\/\/www.financeads.net\/tc.php?t=36648C42614510B\" target=\"_blank\"><img decoding=\"async\" src=\"https:\/\/www.financeads.net\/tb.php?t=36648V42614510B&https=1\" alt=\"\" border=\"0\" width=\"200\" height=\"300\"><\/a><!-- Ende https:\/\/www.financeads.net\/-Code --><\/div>\t\t<\/div>\n\t\t\t\t<\/div>\n\t\t\t\t<div class=\"elementor-element elementor-element-8bae3ed elementor-widget elementor-widget-wp-widget-advads_ad_widget\" data-id=\"8bae3ed\" data-element_type=\"widget\" data-widget_type=\"wp-widget-advads_ad_widget.default\">\n\t\t\t\t<div class=\"elementor-widget-container\">\n\t\t\t<div id=\"regio-2456160179\"><div class=\"regio-adlabel\">Werbung<\/div><!-- Beginn https:\/\/www.financeads.net\/-Code --><a href=\"https:\/\/www.financeads.net\/tc.php?t=36648C205040072B\" target=\"_blank\"><img loading=\"lazy\" decoding=\"async\" src=\"https:\/\/www.financeads.net\/tb.php?t=36648V205040072B&https=1\" alt=\"\" border=\"0\" width=\"300\" height=\"250\"><\/a><!-- Ende https:\/\/www.financeads.net\/-Code --><\/div>\t\t<\/div>\n\t\t\t\t<\/div>\n\t\t\t\t<div class=\"elementor-element elementor-element-b62ee55 elementor-widget elementor-widget-wp-widget-advads_ad_widget\" data-id=\"b62ee55\" data-element_type=\"widget\" data-widget_type=\"wp-widget-advads_ad_widget.default\">\n\t\t\t\t<div class=\"elementor-widget-container\">\n\t\t\t<div id=\"regio-1761045490\"><div class=\"regio-adlabel\">Werbung<\/div><!-- Beginn https:\/\/www.financeads.net\/-Code --><a href=\"https:\/\/www.financeads.net\/tc.php?t=36648C271460142B\" target=\"_blank\"><img loading=\"lazy\" decoding=\"async\" src=\"https:\/\/www.financeads.net\/tb.php?t=36648V271460142B&https=1\" alt=\"PETPROTECT_Hund&Katze_Banner\" border=\"0\" width=\"250\" height=\"250\"><\/a><!-- Ende https:\/\/www.financeads.net\/-Code --><\/div>\t\t<\/div>\n\t\t\t\t<\/div>\n\t\t\t\t\t<\/div>\n\t\t<\/div>\n\t\t\t\t\t<\/div>\n\t\t<\/section>\n\t\t\t\t<\/div>\n\t\t","protected":false},"excerpt":{"rendered":"<div class=\"mh-excerpt\"><p>Nach vorheriger telefonischer Terminvereinbarung: Schwabacher Stadtmuseum \u00f6ffnet wieder Schwabach &#8211; Das Stadtmuseum \u00f6ffnet ab Samstag, den 13. M\u00e4rz 2021, mit einem aktualisierten Hygienekonzept und mit Terminvergabe wieder f\u00fcr Besucherinnen und Besucher. Besuche sind dann zu <a class=\"mh-excerpt-more\" href=\"https:\/\/www.region-schwabach.de\/wordpress\/stadtmuseum-schwabach-offnet-am-samstag-den-13-marz-2021-wieder\/\" title=\"Stadtmuseum Schwabach \u00f6ffnet am Samstag, den 13. M\u00e4rz 2021, wieder\">[&#8230;]<\/a><\/p>\n<\/div>","protected":false},"author":1,"featured_media":133138,"comment_status":"open","ping_status":"open","sticky":false,"template":"","format":"standard","meta":{"_cbd_carousel_blocks":"[]","footnotes":""},"categories":[16,79,61,231],"tags":[15038,522,420,12463,1480,19,3151,3739,12462],"class_list":{"0":"post-133137","1":"post","2":"type-post","3":"status-publish","4":"format-standard","5":"has-post-thumbnail","7":"category-aktuell","8":"category-politik","9":"category-rathaus","10":"category-veranstaltungsnews","11":"tag-13-03-2021","12":"tag-koenigsplatz","13":"tag-museumsstrasse","14":"tag-oeffnung","15":"tag-rathaus","16":"tag-schwabach","17":"tag-stadt-schwabach","18":"tag-stadtmuseum","19":"tag-wiedereroeffnung"},"_links":{"self":[{"href":"https:\/\/www.region-schwabach.de\/wordpress\/wp-json\/wp\/v2\/posts\/133137","targetHints":{"allow":["GET"]}}],"collection":[{"href":"https:\/\/www.region-schwabach.de\/wordpress\/wp-json\/wp\/v2\/posts"}],"about":[{"href":"https:\/\/www.region-schwabach.de\/wordpress\/wp-json\/wp\/v2\/types\/post"}],"author":[{"embeddable":true,"href":"https:\/\/www.region-schwabach.de\/wordpress\/wp-json\/wp\/v2\/users\/1"}],"replies":[{"embeddable":true,"href":"https:\/\/www.region-schwabach.de\/wordpress\/wp-json\/wp\/v2\/comments?post=133137"}],"version-history":[{"count":0,"href":"https:\/\/www.region-schwabach.de\/wordpress\/wp-json\/wp\/v2\/posts\/133137\/revisions"}],"wp:featuredmedia":[{"embeddable":true,"href":"https:\/\/www.region-schwabach.de\/wordpress\/wp-json\/wp\/v2\/media\/133138"}],"wp:attachment":[{"href":"https:\/\/www.region-schwabach.de\/wordpress\/wp-json\/wp\/v2\/media?parent=133137"}],"wp:term":[{"taxonomy":"category","embeddable":true,"href":"https:\/\/www.region-schwabach.de\/wordpress\/wp-json\/wp\/v2\/categories?post=133137"},{"taxonomy":"post_tag","embeddable":true,"href":"https:\/\/www.region-schwabach.de\/wordpress\/wp-json\/wp\/v2\/tags?post=133137"}],"curies":[{"name":"wp","href":"https:\/\/api.w.org\/{rel}","templated":true}]}}