{"id":133726,"date":"2021-03-20T01:30:00","date_gmt":"2021-03-20T00:30:00","guid":{"rendered":"https:\/\/www.region-schwabach.de\/wordpress\/?p=133726"},"modified":"2021-03-20T12:33:06","modified_gmt":"2021-03-20T11:33:06","slug":"ausstellung-in-der-stadtkirche-schwabach-johannes-green-fotografie-lied-ab-samstag-den-20-marz-2021","status":"publish","type":"post","link":"https:\/\/www.region-schwabach.de\/wordpress\/ausstellung-in-der-stadtkirche-schwabach-johannes-green-fotografie-lied-ab-samstag-den-20-marz-2021\/","title":{"rendered":"Ausstellung in der Stadtkirche Schwabach &#8211; &#8222;Johannes Green &#8211; Fotografie &#038; Lied&#8220; &#8211; ab Samstag, den 20. M\u00e4rz 2021"},"content":{"rendered":"\t\t<div data-elementor-type=\"wp-post\" data-elementor-id=\"133726\" class=\"elementor elementor-133726\">\n\t\t\t\t\t\t<section class=\"elementor-section elementor-top-section elementor-element elementor-element-678181b elementor-section-boxed elementor-section-height-default elementor-section-height-default\" data-id=\"678181b\" data-element_type=\"section\">\n\t\t\t\t\t\t<div class=\"elementor-container elementor-column-gap-default\">\n\t\t\t\t\t<div class=\"elementor-column elementor-col-50 elementor-top-column elementor-element elementor-element-6b34026\" data-id=\"6b34026\" data-element_type=\"column\">\n\t\t\t<div class=\"elementor-widget-wrap elementor-element-populated\">\n\t\t\t\t\t\t<div class=\"elementor-element elementor-element-230cdb4 elementor-widget elementor-widget-wp-widget-advads_ad_widget\" data-id=\"230cdb4\" data-element_type=\"widget\" data-widget_type=\"wp-widget-advads_ad_widget.default\">\n\t\t\t\t<div class=\"elementor-widget-container\">\n\t\t\t<div id=\"regio-2755381404\"><div class=\"regio-adlabel\">Werbung<\/div><center><a href=\"https:\/\/a.partner-versicherung.de\/click.php?partner_id=19992&ad_id=1578&deep=kreditkarten\"  target=\"_blank\"><img decoding=\"async\" src=\"https:\/\/a.partner-versicherung.de\/view.php?partner_id=19992&ad_id=1578\" ><\/a><\/center><\/div>\t\t<\/div>\n\t\t\t\t<\/div>\n\t\t\t\t<div class=\"elementor-element elementor-element-443ab98 elementor-widget elementor-widget-text-editor\" data-id=\"443ab98\" data-element_type=\"widget\" data-widget_type=\"text-editor.default\">\n\t\t\t\t<div class=\"elementor-widget-container\">\n\t\t\t\t\t\t\t<h3 class=\"entry-title\">Johannes Green \u00bbAn die Musik\u00ab<br \/>Fotografie und Lied in der Stadtkirche Schwabach<\/h3><p><span style=\"font-size: 12pt;\">Schwabach &#8211; Von Samstag, den 20. M\u00e4rz 2021, bis Sonntag, den 11. April 2021, ist in der Evangelischen Stadtkirche in Schwabach die Ausstellung <strong>\u201eJohannes Green &#8211; Fotografie &amp; Lied\u201c <\/strong>zu sehen.<\/span><\/p><p><span style=\"font-size: 12pt;\">Die fotografischen Werke des K\u00fcnstlers und S\u00e4ngers beziehen sich auf Lieder von Franz Schubert, von denen Johannes Green einige gemeinsam mit KMD Klaus Peschik an der Orgel im Rahmen des Gottesdienstes am 11. April 2021 vortragen wird.<\/span><\/p><p><span style=\"font-size: 12pt;\">Die expressiven und an Gem\u00e4lde erinnernden Fotografien stehen sowohl f\u00fcr sich, als auch im spannungsvollem Dialog mit den Liedern. In ihrer experimentellen Herangehensweise dehnen die Bilder zudem die M\u00f6glichkeiten der Fotografie \u00fcber das Bekannte hin aus. Sie laden ein zum Eintauchen in die Lyrik eines Goethe, eines Friedrich R\u00fcckert und die dazugeh\u00f6rige Musik Franz Schuberts.<\/span><\/p><p><span style=\"font-size: 12pt;\">Die Ausstellung ist t\u00e4glich von Montag bis Sonntag von 09.00 Uhr bis 18.00 Uhr ge\u00f6ffnet.<\/span><\/p><h3>Veranstaltungsort:<\/h3><p><span style=\"font-size: 12pt;\">Evangelische Stadtkirche Schwabach<\/span><br \/><span style=\"font-size: 12pt;\">Martin-Luther-Platz 2<\/span><br \/><span style=\"font-size: 12pt;\">91126 Schwabach<\/span><\/p><h3>Weiterf\u00fchrende Links:<\/h3><p><span style=\"font-size: 12pt;\"><a href=\"https:\/\/www.stmartin-schwabach.de\/johannes-green-2021\" target=\"_blank\" rel=\"noopener\">Weitere Infos zu der Ausstellung gibt es hier &#8230;<\/a><\/span><\/p>\t\t\t\t\t\t<\/div>\n\t\t\t\t<\/div>\n\t\t\t\t<div class=\"elementor-element elementor-element-913e5e1 elementor-widget-divider--view-line elementor-widget elementor-widget-divider\" data-id=\"913e5e1\" data-element_type=\"widget\" data-widget_type=\"divider.default\">\n\t\t\t\t<div class=\"elementor-widget-container\">\n\t\t\t\t\t<div class=\"elementor-divider\">\n\t\t\t<span class=\"elementor-divider-separator\">\n\t\t\t\t\t\t<\/span>\n\t\t<\/div>\n\t\t\t\t<\/div>\n\t\t\t\t<\/div>\n\t\t\t\t<div class=\"elementor-element elementor-element-28ae44d elementor-widget elementor-widget-google_maps\" data-id=\"28ae44d\" data-element_type=\"widget\" data-widget_type=\"google_maps.default\">\n\t\t\t\t<div class=\"elementor-widget-container\">\n\t\t\t\t\t<div class=\"elementor-custom-embed\">\n\t\t\t<iframe loading=\"lazy\"\n\t\t\t\t\tsrc=\"https:\/\/maps.google.com\/maps?q=Martin-Luther-Platz%202%2C%20Schwabach%2C%20Deutschland&#038;t=m&#038;z=17&#038;output=embed&#038;iwloc=near\"\n\t\t\t\t\ttitle=\"Martin-Luther-Platz 2, Schwabach, Deutschland\"\n\t\t\t\t\taria-label=\"Martin-Luther-Platz 2, Schwabach, Deutschland\"\n\t\t\t><\/iframe>\n\t\t<\/div>\n\t\t\t\t<\/div>\n\t\t\t\t<\/div>\n\t\t\t\t\t<\/div>\n\t\t<\/div>\n\t\t\t\t<div class=\"elementor-column elementor-col-50 elementor-top-column elementor-element elementor-element-a1cafc2\" data-id=\"a1cafc2\" data-element_type=\"column\">\n\t\t\t<div class=\"elementor-widget-wrap elementor-element-populated\">\n\t\t\t\t\t\t<div class=\"elementor-element elementor-element-894f031 elementor-widget elementor-widget-heading\" data-id=\"894f031\" data-element_type=\"widget\" data-widget_type=\"heading.default\">\n\t\t\t\t<div class=\"elementor-widget-container\">\n\t\t\t<h3 class=\"elementor-heading-title elementor-size-default\">Schnell vergleichen und sparen!<\/h3>\t\t<\/div>\n\t\t\t\t<\/div>\n\t\t\t\t<div class=\"elementor-element elementor-element-6189be9 elementor-widget elementor-widget-wp-widget-advads_ad_widget\" data-id=\"6189be9\" data-element_type=\"widget\" data-widget_type=\"wp-widget-advads_ad_widget.default\">\n\t\t\t\t<div class=\"elementor-widget-container\">\n\t\t\t<div id=\"regio-3791635227\"><div class=\"regio-adlabel\">Werbung<\/div><!-- Beginn https:\/\/www.financeads.net\/-Code --><a href=\"https:\/\/www.financeads.net\/tc.php?t=36648C236142529B\" target=\"_blank\"><img fetchpriority=\"high\" decoding=\"async\" src=\"https:\/\/www.financeads.net\/tb.php?t=36648V236142529B&https=1\" alt=\"\" border=\"0\" width=\"300\" height=\"250\"><\/a><!-- Ende https:\/\/www.financeads.net\/-Code --><\/div>\t\t<\/div>\n\t\t\t\t<\/div>\n\t\t\t\t<div class=\"elementor-element elementor-element-122d35f elementor-widget elementor-widget-wp-widget-advads_ad_widget\" data-id=\"122d35f\" data-element_type=\"widget\" data-widget_type=\"wp-widget-advads_ad_widget.default\">\n\t\t\t\t<div class=\"elementor-widget-container\">\n\t\t\t<div id=\"regio-2007931595\"><div class=\"regio-adlabel\">Werbung<\/div><!-- Beginn https:\/\/www.financeads.net\/-Code --><a href=\"https:\/\/www.financeads.net\/tc.php?t=36648C42614510B\" target=\"_blank\"><img decoding=\"async\" src=\"https:\/\/www.financeads.net\/tb.php?t=36648V42614510B&https=1\" alt=\"\" border=\"0\" width=\"200\" height=\"300\"><\/a><!-- Ende https:\/\/www.financeads.net\/-Code --><\/div>\t\t<\/div>\n\t\t\t\t<\/div>\n\t\t\t\t<div class=\"elementor-element elementor-element-0a43d36 elementor-widget elementor-widget-wp-widget-advads_ad_widget\" data-id=\"0a43d36\" data-element_type=\"widget\" data-widget_type=\"wp-widget-advads_ad_widget.default\">\n\t\t\t\t<div class=\"elementor-widget-container\">\n\t\t\t<div id=\"regio-3531405753\"><div class=\"regio-adlabel\">Werbung<\/div><!-- Beginn https:\/\/www.financeads.net\/-Code --><a href=\"https:\/\/www.financeads.net\/tc.php?t=36648C205040072B\" target=\"_blank\"><img decoding=\"async\" src=\"https:\/\/www.financeads.net\/tb.php?t=36648V205040072B&https=1\" alt=\"\" border=\"0\" width=\"300\" height=\"250\"><\/a><!-- Ende https:\/\/www.financeads.net\/-Code --><\/div>\t\t<\/div>\n\t\t\t\t<\/div>\n\t\t\t\t<div class=\"elementor-element elementor-element-f017bde elementor-widget elementor-widget-wp-widget-advads_ad_widget\" data-id=\"f017bde\" data-element_type=\"widget\" data-widget_type=\"wp-widget-advads_ad_widget.default\">\n\t\t\t\t<div class=\"elementor-widget-container\">\n\t\t\t<div id=\"regio-1663045519\"><div class=\"regio-adlabel\">Werbung<\/div><!-- Beginn https:\/\/www.financeads.net\/-Code --><a href=\"https:\/\/www.financeads.net\/tc.php?t=36648C271460142B\" target=\"_blank\"><img loading=\"lazy\" decoding=\"async\" src=\"https:\/\/www.financeads.net\/tb.php?t=36648V271460142B&https=1\" alt=\"PETPROTECT_Hund&Katze_Banner\" border=\"0\" width=\"250\" height=\"250\"><\/a><!-- Ende https:\/\/www.financeads.net\/-Code --><\/div>\t\t<\/div>\n\t\t\t\t<\/div>\n\t\t\t\t\t<\/div>\n\t\t<\/div>\n\t\t\t\t\t<\/div>\n\t\t<\/section>\n\t\t\t\t<\/div>\n\t\t","protected":false},"excerpt":{"rendered":"<div class=\"mh-excerpt\"><p>Johannes Green \u00bbAn die Musik\u00ab Fotografie und Lied in der Stadtkirche Schwabach Schwabach &#8211; Von Samstag, den 20. M\u00e4rz 2021, bis Sonntag, den 11. April 2021, ist in der Evangelischen Stadtkirche in Schwabach die Ausstellung <a class=\"mh-excerpt-more\" href=\"https:\/\/www.region-schwabach.de\/wordpress\/ausstellung-in-der-stadtkirche-schwabach-johannes-green-fotografie-lied-ab-samstag-den-20-marz-2021\/\" title=\"Ausstellung in der Stadtkirche Schwabach &#8211; &#8222;Johannes Green &#8211; Fotografie &#038; Lied&#8220; &#8211; ab Samstag, den 20. M\u00e4rz 2021\">[&#8230;]<\/a><\/p>\n<\/div>","protected":false},"author":1,"featured_media":133727,"comment_status":"open","ping_status":"open","sticky":false,"template":"","format":"standard","meta":{"_cbd_carousel_blocks":"[]","footnotes":""},"categories":[16,287,231,46],"tags":[15087,3155,6361,11943,15088,523,19,4883],"class_list":{"0":"post-133726","1":"post","2":"type-post","3":"status-publish","4":"format-standard","5":"has-post-thumbnail","7":"category-aktuell","8":"category-jugend-und-familie","9":"category-veranstaltungsnews","10":"category-verbaende","11":"tag-20-maerz-bis-11-april-2021","12":"tag-ausstellung","13":"tag-evangelische-stadtkirche","14":"tag-fotoprojekt","15":"tag-johannes-green-fotografie-lied","16":"tag-martin-luther-platz","17":"tag-schwabach","18":"tag-stadtkirche"},"_links":{"self":[{"href":"https:\/\/www.region-schwabach.de\/wordpress\/wp-json\/wp\/v2\/posts\/133726","targetHints":{"allow":["GET"]}}],"collection":[{"href":"https:\/\/www.region-schwabach.de\/wordpress\/wp-json\/wp\/v2\/posts"}],"about":[{"href":"https:\/\/www.region-schwabach.de\/wordpress\/wp-json\/wp\/v2\/types\/post"}],"author":[{"embeddable":true,"href":"https:\/\/www.region-schwabach.de\/wordpress\/wp-json\/wp\/v2\/users\/1"}],"replies":[{"embeddable":true,"href":"https:\/\/www.region-schwabach.de\/wordpress\/wp-json\/wp\/v2\/comments?post=133726"}],"version-history":[{"count":0,"href":"https:\/\/www.region-schwabach.de\/wordpress\/wp-json\/wp\/v2\/posts\/133726\/revisions"}],"wp:featuredmedia":[{"embeddable":true,"href":"https:\/\/www.region-schwabach.de\/wordpress\/wp-json\/wp\/v2\/media\/133727"}],"wp:attachment":[{"href":"https:\/\/www.region-schwabach.de\/wordpress\/wp-json\/wp\/v2\/media?parent=133726"}],"wp:term":[{"taxonomy":"category","embeddable":true,"href":"https:\/\/www.region-schwabach.de\/wordpress\/wp-json\/wp\/v2\/categories?post=133726"},{"taxonomy":"post_tag","embeddable":true,"href":"https:\/\/www.region-schwabach.de\/wordpress\/wp-json\/wp\/v2\/tags?post=133726"}],"curies":[{"name":"wp","href":"https:\/\/api.w.org\/{rel}","templated":true}]}}