{"id":133753,"date":"2021-03-22T01:05:00","date_gmt":"2021-03-22T00:05:00","guid":{"rendered":"https:\/\/www.region-schwabach.de\/wordpress\/?p=133753"},"modified":"2021-03-21T22:38:26","modified_gmt":"2021-03-21T21:38:26","slug":"massnahmen-zur-bekampfung-der-corona-pandemie-ab-22-marz-2021-fur-schulbetrieb-kinderbetreuung-lockerungen-astrazeneca-schnelltestzentrum","status":"publish","type":"post","link":"https:\/\/www.region-schwabach.de\/wordpress\/massnahmen-zur-bekampfung-der-corona-pandemie-ab-22-marz-2021-fur-schulbetrieb-kinderbetreuung-lockerungen-astrazeneca-schnelltestzentrum\/","title":{"rendered":"Ma\u00dfnahmen zur Bek\u00e4mpfung der Corona-Pandemie ab 22. M\u00e4rz 2021 f\u00fcr Schulbetrieb &#8211; Kinderbetreuung &#8211; Lockerungen &#8211; AstraZeneca &#8211; Schnelltestzentrum"},"content":{"rendered":"\t\t<div data-elementor-type=\"wp-post\" data-elementor-id=\"133753\" class=\"elementor elementor-133753\">\n\t\t\t\t\t\t<section class=\"elementor-section elementor-top-section elementor-element elementor-element-678181b elementor-section-boxed elementor-section-height-default elementor-section-height-default\" data-id=\"678181b\" data-element_type=\"section\">\n\t\t\t\t\t\t<div class=\"elementor-container elementor-column-gap-default\">\n\t\t\t\t\t<div class=\"elementor-column elementor-col-50 elementor-top-column elementor-element elementor-element-6b34026\" data-id=\"6b34026\" data-element_type=\"column\">\n\t\t\t<div class=\"elementor-widget-wrap elementor-element-populated\">\n\t\t\t\t\t\t<div class=\"elementor-element elementor-element-5fea1cd elementor-widget elementor-widget-wp-widget-advads_ad_widget\" data-id=\"5fea1cd\" data-element_type=\"widget\" data-widget_type=\"wp-widget-advads_ad_widget.default\">\n\t\t\t\t<div class=\"elementor-widget-container\">\n\t\t\t<div id=\"regio-3051757021\"><div class=\"regio-adlabel\">Werbung<\/div><center><a href=\"https:\/\/a.partner-versicherung.de\/click.php?partner_id=19992&ad_id=1578&deep=kreditkarten\"  target=\"_blank\"><img decoding=\"async\" src=\"https:\/\/a.partner-versicherung.de\/view.php?partner_id=19992&ad_id=1578\" ><\/a><\/center><\/div>\t\t<\/div>\n\t\t\t\t<\/div>\n\t\t\t\t<div class=\"elementor-element elementor-element-443ab98 elementor-widget elementor-widget-text-editor\" data-id=\"443ab98\" data-element_type=\"widget\" data-widget_type=\"text-editor.default\">\n\t\t\t\t<div class=\"elementor-widget-container\">\n\t\t\t\t\t\t\t<h3>Schulbetrieb \/ Kinderbetreuung \/ keine Lockerungen \/ AstraZeneca \/ Schnelltestzentrum<\/h3><h3>Stand der Ma\u00dfnahmen zur Bek\u00e4mpfung der Corona-<br \/>Pandemie ab Montag, den 22. M\u00e4rz 2021<\/h3><p><span style=\"font-size: 12pt;\">Schwabach &#8211; Am 19. M\u00e4rz meldete das Robert-Koch-Institut (Stand: 0:00 Uhr) in Schwabach eine 7-Tage-Inzidenz von 90,3 pro 100.000 Einwohnern. Da der Grenzwert von 100 nicht \u00fcberschritten wurde, bleibt der Schulbetrieb in der Woche von 22. bis 26. M\u00e4rz wie bisher: An allen Schularten findet in allen Jahrgangsstufen Wechselunterricht statt. Auch bei Kindertageseinrichtungen, Kindertagespflegestellen, Ferientagesbetreuungen und organisierten Spielgruppen bleibt es beim eingeschr\u00e4nkten Regelbetrieb. Das bedeutet, da\u00df alle Kinder in festen Gruppen betreut werden.<br \/><\/span><\/p><h3>Genehmigung f\u00fcr Lockerungen nicht erteilt<\/h3><p><span style=\"font-size: 12pt;\">Zudem hat das Bayerische Ministerium f\u00fcr Gesundheit und Pflege bekannt gegeben, da\u00df ab 22. M\u00e4rz keine weiteren Lockerungen der Ma\u00dfnahmen m\u00f6glich sind. Laut 12. Infektionsschutz-Ma\u00dfnahmenverordnung, h\u00e4tte bei einer stabilen Infektionslage von unter 100 bei der 7-Tage-Inzidenz ab Montag, 22. M\u00e4rz, Au\u00dfengastronomie und Kinos mit Terminvereinbarung wieder \u00f6ffnen d\u00fcrfen. Auch Kontaktsport unter freiem Himmel und kontaktfreier Sport im Innenbereich w\u00e4ren dann m\u00f6glich gewesen. <\/span><\/p><p><span style=\"font-size: 12pt;\">\u201eAufgrund des landesweiten besorgniserregenden Anstiegs der Infektionen kann bayernweit nicht mehr von einer stabilen Lage (\u2026) ausgegangen werden,\u201c teilte das<br \/>Gesundheitsministerium mit. Deshalb werde es die f\u00fcr die Lockerung notwendige Genehmigung nicht erteilen.<br \/><\/span><\/p><h3>Verimpfung mit <span style=\"font-size: 12pt;\">AstraZeneca l\u00e4uft wieder an<\/span><\/h3><p><span style=\"font-size: 12pt;\">Derweil l\u00e4uft in Schwabach auch die Verimpfung des Impfstoffs von AstraZeneca wieder an. F\u00fcr die kommende Woche sind rund 360 Erstimpfungen und 150 Zweitimpfungen mit den Wirkstoffen Biontech und Moderna vorgesehen. Dazu kommen voraussichtlich rund 350 Erstimpfungen mit AstraZeneca. \u201eNach der Freigabe des Impfstoffs durch die Europ\u00e4ische Arzneimittelbeh\u00f6rde (EMA) vertrauen wir darauf, dass der Impfstoff auch in Schwabach wieder eingesetzt werden kann. Die \u00c4rztinnen und \u00c4rzte im Impfzentrum beantworten im Rahmen des Aufkl\u00e4rungsgespr\u00e4chs vor der Impfung gerne und ausf\u00fchrlich die Fragen der zu impfenden Personen\u201c, erl\u00e4utert Stadtrechtsrat Knut Engelbrecht. <\/span><\/p><h3><span style=\"font-size: 14pt;\">11 Prozent der Schwabacher Bev\u00f6lkerung geimpft<\/span><\/h3><p><span style=\"font-size: 12pt;\">Insgesamt sind (Stand 19. M\u00e4rz) in Schwabach 6.199 Personen geimpft worden, davon 4.442 Erstimpfungen und 1.757 Zweitimpfungen. Damit wurden 11 Prozent der Schwabacher Bev\u00f6lkerung zumindest einmal geimpft.<br \/><\/span><\/p><h3><span style=\"font-size: 14pt;\">Terminvergabe f\u00fcr Schnelltestzentrum im Markgrafensaal gut angelaufen<\/span><\/h3><p><span style=\"font-size: 12pt;\">Die Terminvergabe f\u00fcr das Schnelltestzentrum im Markgrafensaal ist gut angelaufen. Bereits am ersten Tag haben die Schwabacherinnen und Schwabacher auf www.schwabach.de\/schnelltest \u00fcber 50 Termine online gebucht. &#8222;So k\u00f6nnen wir auch die \u00f6rtlichen Unternehmen unterst\u00fctzen, indem die Mitarbeiterinnen und Mitarbeiter sich schnell und unb\u00fcrokratisch testen lassen k\u00f6nnen&#8220;, sagt Oberb\u00fcrgermeister Peter Rei\u00df.\u00a0<\/span><\/p>\t\t\t\t\t\t<\/div>\n\t\t\t\t<\/div>\n\t\t\t\t<div class=\"elementor-element elementor-element-7cc9469 elementor-widget elementor-widget-shortcode\" data-id=\"7cc9469\" data-element_type=\"widget\" data-widget_type=\"shortcode.default\">\n\t\t\t\t<div class=\"elementor-widget-container\">\n\t\t\t\t\t<div class=\"elementor-shortcode\"><center><a href=\"https:\/\/a.partner-versicherung.de\/click.php?partner_id=19992&ad_id=441&deep=kfz-versicherung\"  target=\"_blank\"><img decoding=\"async\" src=\"https:\/\/a.partner-versicherung.de\/view.php?partner_id=19992&ad_id=441\" ><\/a><\/center><\/div>\n\t\t\t\t<\/div>\n\t\t\t\t<\/div>\n\t\t\t\t<div class=\"elementor-element elementor-element-0c834d7 elementor-widget-divider--view-line elementor-widget elementor-widget-divider\" data-id=\"0c834d7\" data-element_type=\"widget\" data-widget_type=\"divider.default\">\n\t\t\t\t<div class=\"elementor-widget-container\">\n\t\t\t\t\t<div class=\"elementor-divider\">\n\t\t\t<span class=\"elementor-divider-separator\">\n\t\t\t\t\t\t<\/span>\n\t\t<\/div>\n\t\t\t\t<\/div>\n\t\t\t\t<\/div>\n\t\t\t\t<div class=\"elementor-element elementor-element-325f51f elementor-widget elementor-widget-google_maps\" data-id=\"325f51f\" data-element_type=\"widget\" data-widget_type=\"google_maps.default\">\n\t\t\t\t<div class=\"elementor-widget-container\">\n\t\t\t\t\t<div class=\"elementor-custom-embed\">\n\t\t\t<iframe loading=\"lazy\"\n\t\t\t\t\tsrc=\"https:\/\/maps.google.com\/maps?q=Schwabach%2C%20Deutschland&#038;t=m&#038;z=15&#038;output=embed&#038;iwloc=near\"\n\t\t\t\t\ttitle=\"Schwabach, Deutschland\"\n\t\t\t\t\taria-label=\"Schwabach, Deutschland\"\n\t\t\t><\/iframe>\n\t\t<\/div>\n\t\t\t\t<\/div>\n\t\t\t\t<\/div>\n\t\t\t\t\t<\/div>\n\t\t<\/div>\n\t\t\t\t<div class=\"elementor-column elementor-col-50 elementor-top-column elementor-element elementor-element-f141625\" data-id=\"f141625\" data-element_type=\"column\">\n\t\t\t<div class=\"elementor-widget-wrap elementor-element-populated\">\n\t\t\t\t\t\t<div class=\"elementor-element elementor-element-aa635e8 elementor-widget elementor-widget-heading\" data-id=\"aa635e8\" data-element_type=\"widget\" data-widget_type=\"heading.default\">\n\t\t\t\t<div class=\"elementor-widget-container\">\n\t\t\t<h3 class=\"elementor-heading-title elementor-size-default\">Schnell vergleichen und sparen!<\/h3>\t\t<\/div>\n\t\t\t\t<\/div>\n\t\t\t\t<div class=\"elementor-element elementor-element-380778c elementor-widget elementor-widget-wp-widget-advads_ad_widget\" data-id=\"380778c\" data-element_type=\"widget\" data-widget_type=\"wp-widget-advads_ad_widget.default\">\n\t\t\t\t<div class=\"elementor-widget-container\">\n\t\t\t<div id=\"regio-2577410002\"><div class=\"regio-adlabel\">Werbung<\/div><!-- Beginn https:\/\/www.financeads.net\/-Code --><a href=\"https:\/\/www.financeads.net\/tc.php?t=36648C236142529B\" target=\"_blank\"><img fetchpriority=\"high\" decoding=\"async\" src=\"https:\/\/www.financeads.net\/tb.php?t=36648V236142529B&https=1\" alt=\"\" border=\"0\" width=\"300\" height=\"250\"><\/a><!-- Ende https:\/\/www.financeads.net\/-Code --><\/div>\t\t<\/div>\n\t\t\t\t<\/div>\n\t\t\t\t<div class=\"elementor-element elementor-element-bd26aa5 elementor-widget elementor-widget-wp-widget-advads_ad_widget\" data-id=\"bd26aa5\" data-element_type=\"widget\" data-widget_type=\"wp-widget-advads_ad_widget.default\">\n\t\t\t\t<div class=\"elementor-widget-container\">\n\t\t\t<div id=\"regio-275295209\"><div class=\"regio-adlabel\">Werbung<\/div><!-- Beginn https:\/\/www.financeads.net\/-Code --><a href=\"https:\/\/www.financeads.net\/tc.php?t=36648C42614510B\" target=\"_blank\"><img decoding=\"async\" src=\"https:\/\/www.financeads.net\/tb.php?t=36648V42614510B&https=1\" alt=\"\" border=\"0\" width=\"200\" height=\"300\"><\/a><!-- Ende https:\/\/www.financeads.net\/-Code --><\/div>\t\t<\/div>\n\t\t\t\t<\/div>\n\t\t\t\t<div class=\"elementor-element elementor-element-abfc6b5 elementor-widget elementor-widget-wp-widget-advads_ad_widget\" data-id=\"abfc6b5\" data-element_type=\"widget\" data-widget_type=\"wp-widget-advads_ad_widget.default\">\n\t\t\t\t<div class=\"elementor-widget-container\">\n\t\t\t<div id=\"regio-1610212454\"><div class=\"regio-adlabel\">Werbung<\/div><!-- Beginn https:\/\/www.financeads.net\/-Code --><a href=\"https:\/\/www.financeads.net\/tc.php?t=36648C205040072B\" target=\"_blank\"><img decoding=\"async\" src=\"https:\/\/www.financeads.net\/tb.php?t=36648V205040072B&https=1\" alt=\"\" border=\"0\" width=\"300\" height=\"250\"><\/a><!-- Ende https:\/\/www.financeads.net\/-Code --><\/div>\t\t<\/div>\n\t\t\t\t<\/div>\n\t\t\t\t<div class=\"elementor-element elementor-element-9b68655 elementor-widget elementor-widget-wp-widget-advads_ad_widget\" data-id=\"9b68655\" data-element_type=\"widget\" data-widget_type=\"wp-widget-advads_ad_widget.default\">\n\t\t\t\t<div class=\"elementor-widget-container\">\n\t\t\t<div id=\"regio-2816788854\"><div class=\"regio-adlabel\">Werbung<\/div><!-- Beginn https:\/\/www.financeads.net\/-Code --><a href=\"https:\/\/www.financeads.net\/tc.php?t=36648C271460142B\" target=\"_blank\"><img loading=\"lazy\" decoding=\"async\" src=\"https:\/\/www.financeads.net\/tb.php?t=36648V271460142B&https=1\" alt=\"PETPROTECT_Hund&Katze_Banner\" border=\"0\" width=\"250\" height=\"250\"><\/a><!-- Ende https:\/\/www.financeads.net\/-Code --><\/div>\t\t<\/div>\n\t\t\t\t<\/div>\n\t\t\t\t\t<\/div>\n\t\t<\/div>\n\t\t\t\t\t<\/div>\n\t\t<\/section>\n\t\t\t\t<\/div>\n\t\t","protected":false},"excerpt":{"rendered":"<div class=\"mh-excerpt\"><p>Schulbetrieb \/ Kinderbetreuung \/ keine Lockerungen \/ AstraZeneca \/ Schnelltestzentrum Stand der Ma\u00dfnahmen zur Bek\u00e4mpfung der Corona- Pandemie ab Montag, den 22. M\u00e4rz 2021 Schwabach &#8211; Am 19. M\u00e4rz meldete das Robert-Koch-Institut (Stand: 0:00 Uhr) <a class=\"mh-excerpt-more\" href=\"https:\/\/www.region-schwabach.de\/wordpress\/massnahmen-zur-bekampfung-der-corona-pandemie-ab-22-marz-2021-fur-schulbetrieb-kinderbetreuung-lockerungen-astrazeneca-schnelltestzentrum\/\" title=\"Ma\u00dfnahmen zur Bek\u00e4mpfung der Corona-Pandemie ab 22. M\u00e4rz 2021 f\u00fcr Schulbetrieb &#8211; Kinderbetreuung &#8211; Lockerungen &#8211; AstraZeneca &#8211; Schnelltestzentrum\">[&#8230;]<\/a><\/p>\n<\/div>","protected":false},"author":1,"featured_media":133754,"comment_status":"open","ping_status":"open","sticky":false,"template":"","format":"standard","meta":{"_cbd_carousel_blocks":"[]","footnotes":""},"categories":[16,287,61],"tags":[15094,15093,13953,15057,10960,13293,13161,3556,522,15096,4802,1480,15097,15095,19,3012,3151,14419],"class_list":{"0":"post-133753","1":"post","2":"type-post","3":"status-publish","4":"format-standard","5":"has-post-thumbnail","7":"category-aktuell","8":"category-jugend-und-familie","9":"category-rathaus","10":"tag-22-maerz-2021","11":"tag-22-03-2021","12":"tag-7-tage-inzidenz","13":"tag-astrazeneca","14":"tag-bekaempfung","15":"tag-corona-faelle","16":"tag-corona-pandemie","17":"tag-kinderbetreuung","18":"tag-koenigsplatz","19":"tag-lockerung","20":"tag-massnahmen","21":"tag-rathaus","22":"tag-schnelltestzentrum","23":"tag-schulbetrieb","24":"tag-schwabach","25":"tag-stadt","26":"tag-stadt-schwabach","27":"tag-weitergehende-massnahmen"},"_links":{"self":[{"href":"https:\/\/www.region-schwabach.de\/wordpress\/wp-json\/wp\/v2\/posts\/133753","targetHints":{"allow":["GET"]}}],"collection":[{"href":"https:\/\/www.region-schwabach.de\/wordpress\/wp-json\/wp\/v2\/posts"}],"about":[{"href":"https:\/\/www.region-schwabach.de\/wordpress\/wp-json\/wp\/v2\/types\/post"}],"author":[{"embeddable":true,"href":"https:\/\/www.region-schwabach.de\/wordpress\/wp-json\/wp\/v2\/users\/1"}],"replies":[{"embeddable":true,"href":"https:\/\/www.region-schwabach.de\/wordpress\/wp-json\/wp\/v2\/comments?post=133753"}],"version-history":[{"count":0,"href":"https:\/\/www.region-schwabach.de\/wordpress\/wp-json\/wp\/v2\/posts\/133753\/revisions"}],"wp:featuredmedia":[{"embeddable":true,"href":"https:\/\/www.region-schwabach.de\/wordpress\/wp-json\/wp\/v2\/media\/133754"}],"wp:attachment":[{"href":"https:\/\/www.region-schwabach.de\/wordpress\/wp-json\/wp\/v2\/media?parent=133753"}],"wp:term":[{"taxonomy":"category","embeddable":true,"href":"https:\/\/www.region-schwabach.de\/wordpress\/wp-json\/wp\/v2\/categories?post=133753"},{"taxonomy":"post_tag","embeddable":true,"href":"https:\/\/www.region-schwabach.de\/wordpress\/wp-json\/wp\/v2\/tags?post=133753"}],"curies":[{"name":"wp","href":"https:\/\/api.w.org\/{rel}","templated":true}]}}