{"id":134597,"date":"2021-04-03T10:45:14","date_gmt":"2021-04-03T08:45:14","guid":{"rendered":"https:\/\/www.region-schwabach.de\/wordpress\/?p=134597"},"modified":"2021-04-03T10:46:56","modified_gmt":"2021-04-03T08:46:56","slug":"nachtragsmeldung-schwerer-verkehrsunfall-zwischen-durrenmungenau-und-ebersbach-unfallopfer-verstorben","status":"publish","type":"post","link":"https:\/\/www.region-schwabach.de\/wordpress\/nachtragsmeldung-schwerer-verkehrsunfall-zwischen-durrenmungenau-und-ebersbach-unfallopfer-verstorben\/","title":{"rendered":"Nachtragsmeldung: Schwerer Verkehrsunfall zwischen D\u00fcrrenmungenau und Ebersbach &#8211; Unfallopfer verstorben"},"content":{"rendered":"\t\t<div data-elementor-type=\"wp-post\" data-elementor-id=\"134597\" class=\"elementor elementor-134597\">\n\t\t\t\t\t\t<section class=\"elementor-section elementor-top-section elementor-element elementor-element-1cuv9jr elementor-section-boxed elementor-section-height-default elementor-section-height-default\" data-id=\"1cuv9jr\" data-element_type=\"section\">\n\t\t\t\t\t\t<div class=\"elementor-container elementor-column-gap-default\">\n\t\t\t\t\t<div class=\"elementor-column elementor-col-50 elementor-top-column elementor-element elementor-element-q5zak7b\" data-id=\"q5zak7b\" data-element_type=\"column\">\n\t\t\t<div class=\"elementor-widget-wrap elementor-element-populated\">\n\t\t\t\t\t\t<div class=\"elementor-element elementor-element-dcef279 elementor-widget elementor-widget-wp-widget-advads_ad_widget\" data-id=\"dcef279\" data-element_type=\"widget\" data-widget_type=\"wp-widget-advads_ad_widget.default\">\n\t\t\t\t<div class=\"elementor-widget-container\">\n\t\t\t<div id=\"regio-55390936\"><div class=\"regio-adlabel\">Werbung<\/div><center><a href=\"https:\/\/a.partner-versicherung.de\/click.php?partner_id=19992&ad_id=1578&deep=kreditkarten\"  target=\"_blank\"><img decoding=\"async\" src=\"https:\/\/a.partner-versicherung.de\/view.php?partner_id=19992&ad_id=1578\" ><\/a><\/center><\/div>\t\t<\/div>\n\t\t\t\t<\/div>\n\t\t\t\t<div class=\"elementor-element elementor-element-a4daeae elementor-widget elementor-widget-text-editor\" data-id=\"a4daeae\" data-element_type=\"widget\" data-widget_type=\"text-editor.default\">\n\t\t\t\t<div class=\"elementor-widget-container\">\n\t\t\t\t\t\t\t<h3>Unfallbeteiligter Traktorfahrer im Krankenhaus verstorben<\/h3><p><span style=\"font-size: 12pt;\">Abenberg &#8211; Der 81-j\u00e4hrige Traktorfahrer, der bei einem Verkehrsunfall am Montag auf der Staatsstra\u00dfe ST2220 schwer verletzt wurde (siehe Polizeibericht weiter unten), ist am Mittwochnachmittag, den 31.03.2021, leidet verstorben. Die eingeschaltete Staatsanwaltschaft N\u00fcrnberg-F\u00fcrth hat sowohl die Sicherstellung der beteiligten Fahrzeuge als auch die Hinzuziehung eines Sachverst\u00e4ndigen zur genauen Kl\u00e4rung des Unfallgeschehens angeordnet.<\/span><\/p><h3>\u00a0<\/h3><h3>Urspr\u00fcnglicher Bericht:<\/h3><h3>Schwerer Unfall zwischen PKW und Traktor<\/h3><p><span style=\"font-size: 12pt;\">Abenberg &#8211; Am Montagvormittag, den 29.03.2021, kam es auf der Staatsstra\u00dfe 2220 zwischen D\u00fcrenmungenau und Ebersbach kurz vor 11.00 Uhr zu einem schweren Verkehrsunfall, bei dem die beiden am Unfall beteiligten Fahrer in umliegende Krankenh\u00e4user gebracht werden mu\u00dften.<\/span><\/p><p><span style=\"font-size: 12pt;\">Zu dem Unfall kam es, als ein 81-j\u00e4hriger Traktorfahrer Fahrer die Stra\u00dfe in Richtung Ebersbach \u00fcberqueren wollte, dabei jedoch einen von links kommenden vorfahrtsberechtigten Citroen Jumpy \u00fcbersah, dessen 37-j\u00e4hriger Fahrer nicht mehr rechtzeitig ausweichen konnte und ungebremst in den Traktor fuhr.<\/span><\/p><p><span style=\"font-size: 12pt;\">Der 37 J\u00e4hrige erlitt bei der Kollision eine Beinverletzung und kam mit dem Rettungs- wagen in eine nahegelegene Klinik, w\u00e4hrend der schwer verletzte Fahrer des Traktors zun\u00e4chst von Einsatzkr\u00e4ften der Feuerwehr aus dem umgekippten Fahrzeug geschnitten werden mu\u00dfte, bevor er mit dem Rettungshubschrauber ins Krankenhaus gebracht werden konnte. An den beiden beteiligten Fahrzeugen entstand jeweils ein wirtschaftlicher Totalschaden. <\/span><\/p>\t\t\t\t\t\t<\/div>\n\t\t\t\t<\/div>\n\t\t\t\t<div class=\"elementor-element elementor-element-6c3f9de elementor-widget elementor-widget-shortcode\" data-id=\"6c3f9de\" data-element_type=\"widget\" data-widget_type=\"shortcode.default\">\n\t\t\t\t<div class=\"elementor-widget-container\">\n\t\t\t\t\t<div class=\"elementor-shortcode\"><center><a href=\"https:\/\/a.partner-versicherung.de\/click.php?partner_id=19992&ad_id=441&deep=kfz-versicherung\"  target=\"_blank\"><img decoding=\"async\" src=\"https:\/\/a.partner-versicherung.de\/view.php?partner_id=19992&ad_id=441\" ><\/a><\/center><\/div>\n\t\t\t\t<\/div>\n\t\t\t\t<\/div>\n\t\t\t\t<div class=\"elementor-element elementor-element-ace1283 elementor-widget-divider--view-line elementor-widget elementor-widget-divider\" data-id=\"ace1283\" data-element_type=\"widget\" data-widget_type=\"divider.default\">\n\t\t\t\t<div class=\"elementor-widget-container\">\n\t\t\t\t\t<div class=\"elementor-divider\">\n\t\t\t<span class=\"elementor-divider-separator\">\n\t\t\t\t\t\t<\/span>\n\t\t<\/div>\n\t\t\t\t<\/div>\n\t\t\t\t<\/div>\n\t\t\t\t<div class=\"elementor-element elementor-element-ac34ac3 elementor-widget elementor-widget-google_maps\" data-id=\"ac34ac3\" data-element_type=\"widget\" data-widget_type=\"google_maps.default\">\n\t\t\t\t<div class=\"elementor-widget-container\">\n\t\t\t\t\t<div class=\"elementor-custom-embed\">\n\t\t\t<iframe loading=\"lazy\"\n\t\t\t\t\tsrc=\"https:\/\/maps.google.com\/maps?q=D%C3%BCrrenmungenau%2C%20Abenberg%2C%20Deutschland&#038;t=m&#038;z=14&#038;output=embed&#038;iwloc=near\"\n\t\t\t\t\ttitle=\"D\u00fcrrenmungenau, Abenberg, Deutschland\"\n\t\t\t\t\taria-label=\"D\u00fcrrenmungenau, Abenberg, Deutschland\"\n\t\t\t><\/iframe>\n\t\t<\/div>\n\t\t\t\t<\/div>\n\t\t\t\t<\/div>\n\t\t\t\t\t<\/div>\n\t\t<\/div>\n\t\t\t\t<div class=\"elementor-column elementor-col-50 elementor-top-column elementor-element elementor-element-4ce46fb\" data-id=\"4ce46fb\" data-element_type=\"column\">\n\t\t\t<div class=\"elementor-widget-wrap elementor-element-populated\">\n\t\t\t\t\t\t<div class=\"elementor-element elementor-element-38f4e35 elementor-widget elementor-widget-heading\" data-id=\"38f4e35\" data-element_type=\"widget\" data-widget_type=\"heading.default\">\n\t\t\t\t<div class=\"elementor-widget-container\">\n\t\t\t<h3 class=\"elementor-heading-title elementor-size-default\">Schnell vergleichen und sparen!<\/h3>\t\t<\/div>\n\t\t\t\t<\/div>\n\t\t\t\t<div class=\"elementor-element elementor-element-92c49bc elementor-widget elementor-widget-wp-widget-advads_ad_widget\" data-id=\"92c49bc\" data-element_type=\"widget\" data-widget_type=\"wp-widget-advads_ad_widget.default\">\n\t\t\t\t<div class=\"elementor-widget-container\">\n\t\t\t<div id=\"regio-3434842305\"><div class=\"regio-adlabel\">Werbung<\/div><!-- Beginn https:\/\/www.financeads.net\/-Code --><a href=\"https:\/\/www.financeads.net\/tc.php?t=36648C236142529B\" target=\"_blank\"><img fetchpriority=\"high\" decoding=\"async\" src=\"https:\/\/www.financeads.net\/tb.php?t=36648V236142529B&https=1\" alt=\"\" border=\"0\" width=\"300\" height=\"250\"><\/a><!-- Ende https:\/\/www.financeads.net\/-Code --><\/div>\t\t<\/div>\n\t\t\t\t<\/div>\n\t\t\t\t<div class=\"elementor-element elementor-element-cb0c78c elementor-widget elementor-widget-wp-widget-advads_ad_widget\" data-id=\"cb0c78c\" data-element_type=\"widget\" data-widget_type=\"wp-widget-advads_ad_widget.default\">\n\t\t\t\t<div class=\"elementor-widget-container\">\n\t\t\t<div id=\"regio-520578153\"><div class=\"regio-adlabel\">Werbung<\/div><!-- Beginn https:\/\/www.financeads.net\/-Code --><a href=\"https:\/\/www.financeads.net\/tc.php?t=36648C42614510B\" target=\"_blank\"><img decoding=\"async\" src=\"https:\/\/www.financeads.net\/tb.php?t=36648V42614510B&https=1\" alt=\"\" border=\"0\" width=\"200\" height=\"300\"><\/a><!-- Ende https:\/\/www.financeads.net\/-Code --><\/div>\t\t<\/div>\n\t\t\t\t<\/div>\n\t\t\t\t<div class=\"elementor-element elementor-element-31c9ced elementor-widget elementor-widget-wp-widget-advads_ad_widget\" data-id=\"31c9ced\" data-element_type=\"widget\" data-widget_type=\"wp-widget-advads_ad_widget.default\">\n\t\t\t\t<div class=\"elementor-widget-container\">\n\t\t\t<div id=\"regio-2582719829\"><div class=\"regio-adlabel\">Werbung<\/div><!-- Beginn https:\/\/www.financeads.net\/-Code --><a href=\"https:\/\/www.financeads.net\/tc.php?t=36648C205040072B\" target=\"_blank\"><img decoding=\"async\" src=\"https:\/\/www.financeads.net\/tb.php?t=36648V205040072B&https=1\" alt=\"\" border=\"0\" width=\"300\" height=\"250\"><\/a><!-- Ende https:\/\/www.financeads.net\/-Code --><\/div>\t\t<\/div>\n\t\t\t\t<\/div>\n\t\t\t\t<div class=\"elementor-element elementor-element-0344b9f elementor-widget elementor-widget-wp-widget-advads_ad_widget\" data-id=\"0344b9f\" data-element_type=\"widget\" data-widget_type=\"wp-widget-advads_ad_widget.default\">\n\t\t\t\t<div class=\"elementor-widget-container\">\n\t\t\t<div id=\"regio-4266035957\"><div class=\"regio-adlabel\">Werbung<\/div><!-- Beginn https:\/\/www.financeads.net\/-Code --><a href=\"https:\/\/www.financeads.net\/tc.php?t=36648C271460142B\" target=\"_blank\"><img loading=\"lazy\" decoding=\"async\" src=\"https:\/\/www.financeads.net\/tb.php?t=36648V271460142B&https=1\" alt=\"PETPROTECT_Hund&Katze_Banner\" border=\"0\" width=\"250\" height=\"250\"><\/a><!-- Ende https:\/\/www.financeads.net\/-Code --><\/div>\t\t<\/div>\n\t\t\t\t<\/div>\n\t\t\t\t\t<\/div>\n\t\t<\/div>\n\t\t\t\t\t<\/div>\n\t\t<\/section>\n\t\t\t\t<\/div>\n\t\t","protected":false},"excerpt":{"rendered":"<div class=\"mh-excerpt\"><p>Unfallbeteiligter Traktorfahrer im Krankenhaus verstorben Abenberg &#8211; Der 81-j\u00e4hrige Traktorfahrer, der bei einem Verkehrsunfall am Montag auf der Staatsstra\u00dfe ST2220 schwer verletzt wurde (siehe Polizeibericht weiter unten), ist am Mittwochnachmittag, den 31.03.2021, leidet verstorben. Die <a class=\"mh-excerpt-more\" href=\"https:\/\/www.region-schwabach.de\/wordpress\/nachtragsmeldung-schwerer-verkehrsunfall-zwischen-durrenmungenau-und-ebersbach-unfallopfer-verstorben\/\" title=\"Nachtragsmeldung: Schwerer Verkehrsunfall zwischen D\u00fcrrenmungenau und Ebersbach &#8211; Unfallopfer verstorben\">[&#8230;]<\/a><\/p>\n<\/div>","protected":false},"author":1,"featured_media":134536,"comment_status":"open","ping_status":"open","sticky":false,"template":"","format":"standard","meta":{"_cbd_carousel_blocks":"[]","footnotes":""},"categories":[15],"tags":[15139,15171,578,13065,13551,15165,3942,2102,296,2345,1856,981,2103,972,32,1327,2654,334,5462,1591,7498],"class_list":{"0":"post-134597","1":"post","2":"type-post","3":"status-publish","4":"format-standard","5":"has-post-thumbnail","7":"category-polizeimeldungen","8":"tag-29-03-2021","9":"tag-31-03-2021","10":"tag-abenberg","11":"tag-beinverletzung","12":"tag-citroen-jumper","13":"tag-duerenmungenau","14":"tag-ebersbach","15":"tag-einsatzkraefte","16":"tag-feuerwehr","17":"tag-kollision","18":"tag-krankenhaus","19":"tag-polizei","20":"tag-rettungsdienst","21":"tag-rettungshubschrauber","22":"tag-roth","23":"tag-schwer-verletzt","24":"tag-staatsstrasse-2220","25":"tag-unfall","26":"tag-verstorben","27":"tag-vorfahrtsverletzung","28":"tag-zusammenstoss-2"},"_links":{"self":[{"href":"https:\/\/www.region-schwabach.de\/wordpress\/wp-json\/wp\/v2\/posts\/134597","targetHints":{"allow":["GET"]}}],"collection":[{"href":"https:\/\/www.region-schwabach.de\/wordpress\/wp-json\/wp\/v2\/posts"}],"about":[{"href":"https:\/\/www.region-schwabach.de\/wordpress\/wp-json\/wp\/v2\/types\/post"}],"author":[{"embeddable":true,"href":"https:\/\/www.region-schwabach.de\/wordpress\/wp-json\/wp\/v2\/users\/1"}],"replies":[{"embeddable":true,"href":"https:\/\/www.region-schwabach.de\/wordpress\/wp-json\/wp\/v2\/comments?post=134597"}],"version-history":[{"count":0,"href":"https:\/\/www.region-schwabach.de\/wordpress\/wp-json\/wp\/v2\/posts\/134597\/revisions"}],"wp:featuredmedia":[{"embeddable":true,"href":"https:\/\/www.region-schwabach.de\/wordpress\/wp-json\/wp\/v2\/media\/134536"}],"wp:attachment":[{"href":"https:\/\/www.region-schwabach.de\/wordpress\/wp-json\/wp\/v2\/media?parent=134597"}],"wp:term":[{"taxonomy":"category","embeddable":true,"href":"https:\/\/www.region-schwabach.de\/wordpress\/wp-json\/wp\/v2\/categories?post=134597"},{"taxonomy":"post_tag","embeddable":true,"href":"https:\/\/www.region-schwabach.de\/wordpress\/wp-json\/wp\/v2\/tags?post=134597"}],"curies":[{"name":"wp","href":"https:\/\/api.w.org\/{rel}","templated":true}]}}