{"id":1346,"date":"2017-05-09T20:33:47","date_gmt":"2017-05-09T18:33:47","guid":{"rendered":"http:\/\/www.region-schwabach.de\/wordpress\/?p=1346"},"modified":"2017-05-18T01:28:56","modified_gmt":"2017-05-17T23:28:56","slug":"baubeginn-fuer-neue-kindertagesstaette","status":"publish","type":"post","link":"https:\/\/www.region-schwabach.de\/wordpress\/baubeginn-fuer-neue-kindertagesstaette\/","title":{"rendered":"Baubeginn f\u00fcr neue Kindertagesst\u00e4tte"},"content":{"rendered":"\t\t<div data-elementor-type=\"wp-post\" data-elementor-id=\"1346\" class=\"elementor elementor-1346 elementor-bc-flex-widget\">\n\t\t\t\t\t\t<section class=\"elementor-section elementor-top-section elementor-element elementor-element-1dzeyuh elementor-section-boxed elementor-section-height-default elementor-section-height-default\" data-id=\"1dzeyuh\" data-element_type=\"section\">\n\t\t\t\t\t\t<div class=\"elementor-container elementor-column-gap-default\">\n\t\t\t\t\t<div class=\"elementor-column elementor-col-66 elementor-top-column elementor-element elementor-element-aam59ft\" data-id=\"aam59ft\" data-element_type=\"column\">\n\t\t\t<div class=\"elementor-widget-wrap elementor-element-populated\">\n\t\t\t\t\t\t<div class=\"elementor-element elementor-element-k9p1oyc elementor-widget elementor-widget-text-editor\" data-id=\"k9p1oyc\" data-element_type=\"widget\" data-widget_type=\"text-editor.default\">\n\t\t\t\t<div class=\"elementor-widget-container\">\n\t\t\t\t\t\t\t<h3>Spatenstich in der Herderstra\u00dfe<\/h3><p>In der Herderstra\u00dfe in Schwabach hat das Bayerische Rote Kreuz \u00a0&#8211; mit dem obligatorischen Spatenstich &#8211; den Bau einer neuen Kindertagesst\u00e4tte gestartet, die bis Anfang 2018 fertiggestellt sein soll.<\/p><h3>Platz f\u00fcr insgesamt ca. 150 Kinder<\/h3><p>In dem Neubau sind\u00a0vier Krippengruppen mit Platz f\u00fcr\u00a048 Kinder unter drei Jahren, und vier Kindergartengruppen f\u00fcr ca. 100 Kinder geplant.\u00a0<\/p><h3>BRK erstmals Tr\u00e4ger einer Kindertagesst\u00e4tte<\/h3><p>Mit dem Bau in der Herderstra\u00dfe tritt das BRK erstmals als Tr\u00e4ger einer Kindertagesst\u00e4tte in Schwabach auf.\u00a0<\/p><p>Martin Fickert ( stellvertretender Gesch\u00e4ftsf\u00fchrer des BRK Kreisverbands S\u00fcdfranken) \u00e4u\u00dferte sich dazu wie folgt: \u201eUns war es wichtig, auch in Schwabach nicht nur als Rettungsdienst, sondern auch als Anbieter von Kinderbetreuungsleistungen aktiv zu sein\u201c<\/p><h3>Baukosten<\/h3><p>Die Baukosten belaufen sich auf ca. 3,2 Mio Euro, 2\/3 dieser Kosten werden von der\u00a0Stadt Schwabach getragen, 1\/3 aus F\u00f6rdermitteln des Bundesministeriums f\u00fcr Familie, Senioren, Frauen und Jugend finanziert.<\/p><h3>Bei Interesse an einem der Pl\u00e4tze ist Eile angesagt<\/h3><p>Interessierte Eltern sollten sich beeilen, da bereits jetzt nur noch wenige Pl\u00e4tze verf\u00fcgbar sind. Telefonische Auskunft erteilt das BRK unter der Telefonnummer 09122-5312.<\/p>\t\t\t\t\t\t<\/div>\n\t\t\t\t<\/div>\n\t\t\t\t\t<\/div>\n\t\t<\/div>\n\t\t\t\t<div class=\"elementor-column elementor-col-33 elementor-top-column elementor-element elementor-element-uferl75\" data-id=\"uferl75\" data-element_type=\"column\">\n\t\t\t<div class=\"elementor-widget-wrap elementor-element-populated\">\n\t\t\t\t\t\t<div class=\"elementor-element elementor-element-xuttsc2 elementor-widget elementor-widget-image\" data-id=\"xuttsc2\" data-element_type=\"widget\" data-widget_type=\"image.default\">\n\t\t\t\t<div class=\"elementor-widget-container\">\n\t\t\t\t\t\t\t\t\t\t\t\t\t<img decoding=\"async\" src=\"https:\/\/www.region-schwabach.de\/wordpress\/wp-content\/uploads\/elementor\/thumbs\/Platz-f\u00fcr-Werbung-ns0l3v1506b3v0tdp6da81x6usx9ugc799rfpi3h4g.jpg\" title=\"Platz f\u00fcr Werbung\" alt=\"Platz f\u00fcr Werbung\" loading=\"lazy\" \/>\t\t\t\t\t\t\t\t\t\t\t\t\t<\/div>\n\t\t\t\t<\/div>\n\t\t\t\t\t<\/div>\n\t\t<\/div>\n\t\t\t\t\t<\/div>\n\t\t<\/section>\n\t\t\t\t<\/div>\n\t\t","protected":false},"excerpt":{"rendered":"<div class=\"mh-excerpt\"><p>Spatenstich in der Herderstra\u00dfe In der Herderstra\u00dfe in Schwabach hat das Bayerische Rote Kreuz \u00a0&#8211; mit dem obligatorischen Spatenstich &#8211; den Bau einer neuen Kindertagesst\u00e4tte gestartet, die bis Anfang 2018 fertiggestellt sein soll. Platz f\u00fcr <a class=\"mh-excerpt-more\" href=\"https:\/\/www.region-schwabach.de\/wordpress\/baubeginn-fuer-neue-kindertagesstaette\/\" title=\"Baubeginn f\u00fcr neue Kindertagesst\u00e4tte\">[&#8230;]<\/a><\/p>\n<\/div>","protected":false},"author":1,"featured_media":1347,"comment_status":"open","ping_status":"open","sticky":false,"template":"template-full.php","format":"standard","meta":{"_cbd_carousel_blocks":"[]","footnotes":""},"categories":[16,46],"tags":[52,50,49,48,47,51],"class_list":{"0":"post-1346","1":"post","2":"type-post","3":"status-publish","4":"format-standard","5":"has-post-thumbnail","7":"category-aktuell","8":"category-verbaende","9":"tag-baubeginn","10":"tag-bayrisches-rotes-kreuz","11":"tag-brk","12":"tag-herderstrasse","13":"tag-kindertagesstaette","14":"tag-spatenstich"},"_links":{"self":[{"href":"https:\/\/www.region-schwabach.de\/wordpress\/wp-json\/wp\/v2\/posts\/1346","targetHints":{"allow":["GET"]}}],"collection":[{"href":"https:\/\/www.region-schwabach.de\/wordpress\/wp-json\/wp\/v2\/posts"}],"about":[{"href":"https:\/\/www.region-schwabach.de\/wordpress\/wp-json\/wp\/v2\/types\/post"}],"author":[{"embeddable":true,"href":"https:\/\/www.region-schwabach.de\/wordpress\/wp-json\/wp\/v2\/users\/1"}],"replies":[{"embeddable":true,"href":"https:\/\/www.region-schwabach.de\/wordpress\/wp-json\/wp\/v2\/comments?post=1346"}],"version-history":[{"count":0,"href":"https:\/\/www.region-schwabach.de\/wordpress\/wp-json\/wp\/v2\/posts\/1346\/revisions"}],"wp:featuredmedia":[{"embeddable":true,"href":"https:\/\/www.region-schwabach.de\/wordpress\/wp-json\/wp\/v2\/media\/1347"}],"wp:attachment":[{"href":"https:\/\/www.region-schwabach.de\/wordpress\/wp-json\/wp\/v2\/media?parent=1346"}],"wp:term":[{"taxonomy":"category","embeddable":true,"href":"https:\/\/www.region-schwabach.de\/wordpress\/wp-json\/wp\/v2\/categories?post=1346"},{"taxonomy":"post_tag","embeddable":true,"href":"https:\/\/www.region-schwabach.de\/wordpress\/wp-json\/wp\/v2\/tags?post=1346"}],"curies":[{"name":"wp","href":"https:\/\/api.w.org\/{rel}","templated":true}]}}