{"id":1363,"date":"2017-05-17T00:50:27","date_gmt":"2017-05-16T22:50:27","guid":{"rendered":"http:\/\/www.region-schwabach.de\/wordpress\/?p=1363"},"modified":"2017-05-18T01:29:14","modified_gmt":"2017-05-17T23:29:14","slug":"fuehrung-durch-900-jahre-stadtgeschichte","status":"publish","type":"post","link":"https:\/\/www.region-schwabach.de\/wordpress\/fuehrung-durch-900-jahre-stadtgeschichte\/","title":{"rendered":"F\u00fchrung durch 900 Jahre Stadtgeschichte"},"content":{"rendered":"\t\t<div data-elementor-type=\"wp-post\" data-elementor-id=\"1363\" class=\"elementor elementor-1363 elementor-bc-flex-widget\">\n\t\t\t\t\t\t<section class=\"elementor-section elementor-top-section elementor-element elementor-element-1dzeyuh elementor-section-boxed elementor-section-height-default elementor-section-height-default\" data-id=\"1dzeyuh\" data-element_type=\"section\">\n\t\t\t\t\t\t<div class=\"elementor-container elementor-column-gap-default\">\n\t\t\t\t\t<div class=\"elementor-column elementor-col-66 elementor-top-column elementor-element elementor-element-aam59ft\" data-id=\"aam59ft\" data-element_type=\"column\">\n\t\t\t<div class=\"elementor-widget-wrap elementor-element-populated\">\n\t\t\t\t\t\t<div class=\"elementor-element elementor-element-k9p1oyc elementor-widget elementor-widget-text-editor\" data-id=\"k9p1oyc\" data-element_type=\"widget\" data-widget_type=\"text-editor.default\">\n\t\t\t\t<div class=\"elementor-widget-container\">\n\t\t\t\t\t\t\t<h3>Interessante F\u00fchrung zum 900-j\u00e4hrigen Stadtjubil\u00e4um<\/h3><p>Gemeinsam mit der Stadtheimpflegerin veranstaltet das\u00a0Tourismusb\u00fcro Schwabach am Sonntag, den\u00a0\u00a021. Mai 2017 von 14.00 bis 17.00 Uhr, eine interessante F\u00fchrung zum Stadtjubil\u00e4um.<\/p><h3>13 historische Stationen in der Altstadt<\/h3><p>An 13 historischen Stationen in der Altstadt erz\u00e4hlen\u00a0Stadtf\u00fchrer- und -innen zu jeder vollen und halben Stunde das Wichtigste zur jeweiligen Station.<\/p><h3>Das sind die 13 Stationen:<\/h3><ul style=\"list-style-type: disc;\"><li>M\u00f6nchshof<\/li><li>Henselt Skulptur<\/li><li>Stadtkirche (Innenraum)<\/li><li>Rathaus (Haupteingang)<\/li><li>Sch\u00f6ner Brunnen<\/li><li>Goldener Stern\u00a0<\/li><li>Goldschl\u00e4ger-Schaupavillon<\/li><li>Rathaus (Durchgang)<\/li><li>Iffland Haus<\/li><li>Talmund-Tora-Schule<\/li><li>Pinzenberg-Keller<\/li><li>Spitalkirche (Innenraum)<\/li><li>Franzosenkirche (Innenraum)<\/li><\/ul><p>Stellen Sie sich einfach Ihre individuell Stadtf\u00fchrung zusammen und\u00a0entdecken Sie bei einem Spaziergang Schwabachs historische Altstadt.<\/p><p>Die Teilnahme ist kostenlos.<\/p>\t\t\t\t\t\t<\/div>\n\t\t\t\t<\/div>\n\t\t\t\t\t<\/div>\n\t\t<\/div>\n\t\t\t\t<div class=\"elementor-column elementor-col-33 elementor-top-column elementor-element elementor-element-uferl75\" data-id=\"uferl75\" data-element_type=\"column\">\n\t\t\t<div class=\"elementor-widget-wrap elementor-element-populated\">\n\t\t\t\t\t\t<div class=\"elementor-element elementor-element-xuttsc2 elementor-widget elementor-widget-image\" data-id=\"xuttsc2\" data-element_type=\"widget\" data-widget_type=\"image.default\">\n\t\t\t\t<div class=\"elementor-widget-container\">\n\t\t\t\t\t\t\t\t\t\t\t\t\t<img decoding=\"async\" src=\"https:\/\/www.region-schwabach.de\/wordpress\/wp-content\/uploads\/elementor\/thumbs\/Platz-f\u00fcr-Werbung-ns0l3v1506b3v0tdp6da81x6usx9ugc799rfpi3h4g.jpg\" title=\"Platz f\u00fcr Werbung\" alt=\"Platz f\u00fcr Werbung\" loading=\"lazy\" \/>\t\t\t\t\t\t\t\t\t\t\t\t\t<\/div>\n\t\t\t\t<\/div>\n\t\t\t\t\t<\/div>\n\t\t<\/div>\n\t\t\t\t\t<\/div>\n\t\t<\/section>\n\t\t\t\t<\/div>\n\t\t","protected":false},"excerpt":{"rendered":"<div class=\"mh-excerpt\"><p>Interessante F\u00fchrung zum 900-j\u00e4hrigen Stadtjubil\u00e4um Gemeinsam mit der Stadtheimpflegerin veranstaltet das\u00a0Tourismusb\u00fcro Schwabach am Sonntag, den\u00a0\u00a021. Mai 2017 von 14.00 bis 17.00 Uhr, eine interessante F\u00fchrung zum Stadtjubil\u00e4um. 13 historische Stationen in der Altstadt An 13 <a class=\"mh-excerpt-more\" href=\"https:\/\/www.region-schwabach.de\/wordpress\/fuehrung-durch-900-jahre-stadtgeschichte\/\" title=\"F\u00fchrung durch 900 Jahre Stadtgeschichte\">[&#8230;]<\/a><\/p>\n<\/div>","protected":false},"author":1,"featured_media":1365,"comment_status":"open","ping_status":"open","sticky":false,"template":"template-full.php","format":"standard","meta":{"_cbd_carousel_blocks":"[]","footnotes":""},"categories":[16,17],"tags":[54,53,55,56],"class_list":{"0":"post-1363","1":"post","2":"type-post","3":"status-publish","4":"format-standard","5":"has-post-thumbnail","7":"category-aktuell","8":"category-veranstaltungen","9":"tag-900-jahre","10":"tag-fuehrung","11":"tag-stadtgeschichte","12":"tag-tourismusbuero"},"_links":{"self":[{"href":"https:\/\/www.region-schwabach.de\/wordpress\/wp-json\/wp\/v2\/posts\/1363","targetHints":{"allow":["GET"]}}],"collection":[{"href":"https:\/\/www.region-schwabach.de\/wordpress\/wp-json\/wp\/v2\/posts"}],"about":[{"href":"https:\/\/www.region-schwabach.de\/wordpress\/wp-json\/wp\/v2\/types\/post"}],"author":[{"embeddable":true,"href":"https:\/\/www.region-schwabach.de\/wordpress\/wp-json\/wp\/v2\/users\/1"}],"replies":[{"embeddable":true,"href":"https:\/\/www.region-schwabach.de\/wordpress\/wp-json\/wp\/v2\/comments?post=1363"}],"version-history":[{"count":0,"href":"https:\/\/www.region-schwabach.de\/wordpress\/wp-json\/wp\/v2\/posts\/1363\/revisions"}],"wp:featuredmedia":[{"embeddable":true,"href":"https:\/\/www.region-schwabach.de\/wordpress\/wp-json\/wp\/v2\/media\/1365"}],"wp:attachment":[{"href":"https:\/\/www.region-schwabach.de\/wordpress\/wp-json\/wp\/v2\/media?parent=1363"}],"wp:term":[{"taxonomy":"category","embeddable":true,"href":"https:\/\/www.region-schwabach.de\/wordpress\/wp-json\/wp\/v2\/categories?post=1363"},{"taxonomy":"post_tag","embeddable":true,"href":"https:\/\/www.region-schwabach.de\/wordpress\/wp-json\/wp\/v2\/tags?post=1363"}],"curies":[{"name":"wp","href":"https:\/\/api.w.org\/{rel}","templated":true}]}}