{"id":136508,"date":"2021-04-25T01:30:00","date_gmt":"2021-04-24T23:30:00","guid":{"rendered":"https:\/\/www.region-schwabach.de\/wordpress\/?p=136508"},"modified":"2021-04-24T21:22:50","modified_gmt":"2021-04-24T19:22:50","slug":"steigende-corona-zahlen-in-der-region-oberburgermeister-aus-der-region-rufen-zum-gemeinsamen-handeln-gegen-das-virus-auf","status":"publish","type":"post","link":"https:\/\/www.region-schwabach.de\/wordpress\/steigende-corona-zahlen-in-der-region-oberburgermeister-aus-der-region-rufen-zum-gemeinsamen-handeln-gegen-das-virus-auf\/","title":{"rendered":"Steigende Corona-Zahlen in der Region: Oberb\u00fcrgermeister aus der Region rufen zum gemeinsamen Handeln gegen das Virus auf"},"content":{"rendered":"\t\t<div data-elementor-type=\"wp-post\" data-elementor-id=\"136508\" class=\"elementor elementor-136508\">\n\t\t\t\t\t\t<section class=\"elementor-section elementor-top-section elementor-element elementor-element-678181b elementor-section-boxed elementor-section-height-default elementor-section-height-default\" data-id=\"678181b\" data-element_type=\"section\">\n\t\t\t\t\t\t<div class=\"elementor-container elementor-column-gap-default\">\n\t\t\t\t\t<div class=\"elementor-column elementor-col-50 elementor-top-column elementor-element elementor-element-6b34026\" data-id=\"6b34026\" data-element_type=\"column\">\n\t\t\t<div class=\"elementor-widget-wrap elementor-element-populated\">\n\t\t\t\t\t\t<div class=\"elementor-element elementor-element-5fea1cd elementor-widget elementor-widget-wp-widget-advads_ad_widget\" data-id=\"5fea1cd\" data-element_type=\"widget\" data-widget_type=\"wp-widget-advads_ad_widget.default\">\n\t\t\t\t<div class=\"elementor-widget-container\">\n\t\t\t<div id=\"regio-3438739480\"><div class=\"regio-adlabel\">Werbung<\/div><center><a href=\"https:\/\/a.partner-versicherung.de\/click.php?partner_id=19992&ad_id=1578&deep=kreditkarten\"  target=\"_blank\"><img decoding=\"async\" src=\"https:\/\/a.partner-versicherung.de\/view.php?partner_id=19992&ad_id=1578\" ><\/a><\/center><\/div>\t\t<\/div>\n\t\t\t\t<\/div>\n\t\t\t\t<div class=\"elementor-element elementor-element-443ab98 elementor-widget elementor-widget-text-editor\" data-id=\"443ab98\" data-element_type=\"widget\" data-widget_type=\"text-editor.default\">\n\t\t\t\t<div class=\"elementor-widget-container\">\n\t\t\t\t\t\t\t<h3>Steigende Corona-Zahlen in der Region: Oberb\u00fcrgermeister rufen zum gemeinsamen Handeln gegen das Virus auf<\/h3><p><span style=\"font-size: 12pt;\">Schwabach- Die auch in der gesamten Region stark steigenden Inzidenzwerte besorgen die Oberb\u00fcrgermeister der St\u00e4dteachse tief. Die Chefs der Rath\u00e4user sorgen sich dabei nicht nur um die in der regionalen Gesamtschau hochbelasteten Kliniken, sondern wollen den B\u00fcrgerinnen und B\u00fcrgern sowie den unter den Beschr\u00e4nkungen stark leidenden mittelst\u00e4ndischen Branchen durch eine gemeinsame und von der Stadtgesellschaft getragenen Aktion Perspektiven f\u00fcr \u00d6ffnungen nach Pfingsten aufzeigen.\u00a0<\/span><span style=\"font-size: 12pt;\">Der bislang praktizierte Wechsel kurzzeitiger \u00d6ffnungen und neuerlicher Teilschlie\u00dfungen hat nach Ansicht der Kommunalpolitiker nicht den erw\u00fcnschten Erfolg gebracht.<br \/><\/span><\/p><h3>Gemeinsamer Appell beschlossen<\/h3><p><span style=\"font-size: 12pt;\">In zwei Videokonferenzen am Wochenende und am vergangenen Montag haben die Oberb\u00fcrgermeister Florian Janik (Erlangen), Thomas Jung (F\u00fcrth), Marcus K\u00f6nig (N\u00fcrnberg), und Peter Rei\u00df (Schwabach) deshalb einen gemeinsamen Appell beschlossen:\u00a0<\/span><\/p><ul style=\"list-style-type: disc;\"><li><span style=\"font-size: 12pt;\">Nutzen Sie die Testm\u00f6glichkeiten, privat, im Unternehmen und in der Schule.<\/span><\/li><li><span style=\"font-size: 12pt;\">Halten Sie sich an die Hygieneregeln. Halten Sie vor allem Abstand und tragen Sie Mund-Nasen-Schutz.<\/span><\/li><li><span style=\"font-size: 12pt;\">Nutzen Sie die M\u00f6glichkeit der Impfung, wenn sie Ihnen offensteht.<br \/><\/span><\/li><\/ul><p><span style=\"font-size: 12pt;\">Die Pandemiebek\u00e4mpfung muss zur gesamtgesellschaftlichen Aufgabe werden. Die meisten Menschen halten sich erfreulicherweise an die geltenden Regeln. Ohne diesen breiten R\u00fcckhalt in der Bev\u00f6lkerung w\u00e4re die Situation kaum noch zu bew\u00e4ltigen. <br \/><\/span><\/p><h3>Gro\u00dfes Engagement der der Wirtschaft<\/h3><p><span style=\"font-size: 12pt;\">Die Unternehmen haben in gro\u00dfem Ma\u00dfstab in Hygienema\u00dfnahmen und Unternehmensinfrastruktur investiert, um ihre Belegschaften zu sch\u00fctzen, mobiles Arbeiten zu erm\u00f6glichen und das wirtschaftliche Leben und damit den sozialen Zusammenhalt aufrechtzuerhalten. Das Engagement zeigt, was die Wirtschaft in kurzer Zeit mit Unternehmergeist und Pragmatismus auf die Beine stellen kann.<br \/><\/span><\/p><p><span style=\"font-size: 12pt;\">In sehr vielen Unternehmen wird dankenswerterweise auch schon getestet. Eine vor\u00fcbergehende substanzielle Ausweitung der Testungen w\u00e4re ein wichtiger Beitrag zur Pandemiebek\u00e4mpfung im Sinn der gesamtgesellschaftlichen Verantwortung. <\/span><\/p><h3>Gemeinsamer Appell der Oberb\u00fcrgermeister der Region<\/h3><p><span style=\"font-size: 12pt;\">Deshalb appellieren die Oberb\u00fcrgermeister der Region an die Unternehmen, f\u00fcr Mitarbeiterinnen und Mitarbeiter Selbsttests und wo m\u00f6glich Schnelltests anzubieten. Ebenso appellieren die Oberb\u00fcrgermeister an die Mitarbeiterinnen und Mitarbeiter die angebotenen Tests auch zu nutzen, um Infektionen fr\u00fchzeitig zu erkennen und somit Ansteckungen zu verringern. <br \/><\/span><\/p><p><span style=\"font-size: 12pt;\">Alle B\u00fcrgerinnen und B\u00fcrger k\u00f6nnen und sollten die mittlerweile stark ausgebauten Testm\u00f6glichkeiten in kommunalen und privaten Schnelltestzentren sowie den vielen teilnehmenden Apotheken nutzen.<br \/><\/span><\/p><p><span style=\"font-size: 12pt;\">Ebenso bitten die Kommunalpolitiker Eltern, ihre Kinder in den Schulen regelm\u00e4\u00dfig testen zu lassen.<br \/><\/span><\/p><p><span style=\"font-size: 12pt;\">Das konsequente und vermehrte Testen muss das Virus so weit und so lange wie m\u00f6glich zur\u00fcckdr\u00e4ngen, bis allen B\u00fcrgerinnen und B\u00fcrgern ein Impfangebot gemacht werden konnte.<br \/><\/span><\/p><h3><span style=\"font-size: 14pt;\">Impfung als zentrales Element der Pandemiebek\u00e4mpfung<\/span><\/h3><p><span style=\"font-size: 12pt;\">\u201eDie Impfung bleibt das zentrale Element der Pandemiebek\u00e4mpfung. Bitte nutzen Sie die M\u00f6glichkeit der Impfung, wenn sie Ihnen offensteht!\u201c, so die Oberb\u00fcrgermeister in der Region.<\/span><\/p>\t\t\t\t\t\t<\/div>\n\t\t\t\t<\/div>\n\t\t\t\t<div class=\"elementor-element elementor-element-7cc9469 elementor-widget elementor-widget-shortcode\" data-id=\"7cc9469\" data-element_type=\"widget\" data-widget_type=\"shortcode.default\">\n\t\t\t\t<div class=\"elementor-widget-container\">\n\t\t\t\t\t<div class=\"elementor-shortcode\"><center><a href=\"https:\/\/a.partner-versicherung.de\/click.php?partner_id=19992&ad_id=441&deep=kfz-versicherung\"  target=\"_blank\"><img decoding=\"async\" src=\"https:\/\/a.partner-versicherung.de\/view.php?partner_id=19992&ad_id=441\" ><\/a><\/center><\/div>\n\t\t\t\t<\/div>\n\t\t\t\t<\/div>\n\t\t\t\t<div class=\"elementor-element elementor-element-0c834d7 elementor-widget-divider--view-line elementor-widget elementor-widget-divider\" data-id=\"0c834d7\" data-element_type=\"widget\" data-widget_type=\"divider.default\">\n\t\t\t\t<div class=\"elementor-widget-container\">\n\t\t\t\t\t<div class=\"elementor-divider\">\n\t\t\t<span class=\"elementor-divider-separator\">\n\t\t\t\t\t\t<\/span>\n\t\t<\/div>\n\t\t\t\t<\/div>\n\t\t\t\t<\/div>\n\t\t\t\t<div class=\"elementor-element elementor-element-325f51f elementor-widget elementor-widget-google_maps\" data-id=\"325f51f\" data-element_type=\"widget\" data-widget_type=\"google_maps.default\">\n\t\t\t\t<div class=\"elementor-widget-container\">\n\t\t\t\t\t<div class=\"elementor-custom-embed\">\n\t\t\t<iframe loading=\"lazy\"\n\t\t\t\t\tsrc=\"https:\/\/maps.google.com\/maps?q=K%C3%B6nigsplatz%201%2C%20Schwabach%2C%20Deutschland&#038;t=m&#038;z=15&#038;output=embed&#038;iwloc=near\"\n\t\t\t\t\ttitle=\"K\u00f6nigsplatz 1, Schwabach, Deutschland\"\n\t\t\t\t\taria-label=\"K\u00f6nigsplatz 1, Schwabach, Deutschland\"\n\t\t\t><\/iframe>\n\t\t<\/div>\n\t\t\t\t<\/div>\n\t\t\t\t<\/div>\n\t\t\t\t\t<\/div>\n\t\t<\/div>\n\t\t\t\t<div class=\"elementor-column elementor-col-50 elementor-top-column elementor-element elementor-element-f141625\" data-id=\"f141625\" data-element_type=\"column\">\n\t\t\t<div class=\"elementor-widget-wrap elementor-element-populated\">\n\t\t\t\t\t\t<div class=\"elementor-element elementor-element-aa635e8 elementor-widget elementor-widget-heading\" data-id=\"aa635e8\" data-element_type=\"widget\" data-widget_type=\"heading.default\">\n\t\t\t\t<div class=\"elementor-widget-container\">\n\t\t\t<h3 class=\"elementor-heading-title elementor-size-default\">Schnell vergleichen und sparen!<\/h3>\t\t<\/div>\n\t\t\t\t<\/div>\n\t\t\t\t<div class=\"elementor-element elementor-element-380778c elementor-widget elementor-widget-wp-widget-advads_ad_widget\" data-id=\"380778c\" data-element_type=\"widget\" data-widget_type=\"wp-widget-advads_ad_widget.default\">\n\t\t\t\t<div class=\"elementor-widget-container\">\n\t\t\t<div id=\"regio-119027746\"><div class=\"regio-adlabel\">Werbung<\/div><!-- Beginn https:\/\/www.financeads.net\/-Code --><a href=\"https:\/\/www.financeads.net\/tc.php?t=36648C236142529B\" target=\"_blank\"><img fetchpriority=\"high\" decoding=\"async\" src=\"https:\/\/www.financeads.net\/tb.php?t=36648V236142529B&https=1\" alt=\"\" border=\"0\" width=\"300\" height=\"250\"><\/a><!-- Ende https:\/\/www.financeads.net\/-Code --><\/div>\t\t<\/div>\n\t\t\t\t<\/div>\n\t\t\t\t<div class=\"elementor-element elementor-element-bd26aa5 elementor-widget elementor-widget-wp-widget-advads_ad_widget\" data-id=\"bd26aa5\" data-element_type=\"widget\" data-widget_type=\"wp-widget-advads_ad_widget.default\">\n\t\t\t\t<div class=\"elementor-widget-container\">\n\t\t\t<div id=\"regio-1583889528\"><div class=\"regio-adlabel\">Werbung<\/div><!-- Beginn https:\/\/www.financeads.net\/-Code --><a href=\"https:\/\/www.financeads.net\/tc.php?t=36648C42614510B\" target=\"_blank\"><img decoding=\"async\" src=\"https:\/\/www.financeads.net\/tb.php?t=36648V42614510B&https=1\" alt=\"\" border=\"0\" width=\"200\" height=\"300\"><\/a><!-- Ende https:\/\/www.financeads.net\/-Code --><\/div>\t\t<\/div>\n\t\t\t\t<\/div>\n\t\t\t\t<div class=\"elementor-element elementor-element-abfc6b5 elementor-widget elementor-widget-wp-widget-advads_ad_widget\" data-id=\"abfc6b5\" data-element_type=\"widget\" data-widget_type=\"wp-widget-advads_ad_widget.default\">\n\t\t\t\t<div class=\"elementor-widget-container\">\n\t\t\t<div id=\"regio-2655640199\"><div class=\"regio-adlabel\">Werbung<\/div><!-- Beginn https:\/\/www.financeads.net\/-Code --><a href=\"https:\/\/www.financeads.net\/tc.php?t=36648C205040072B\" target=\"_blank\"><img decoding=\"async\" src=\"https:\/\/www.financeads.net\/tb.php?t=36648V205040072B&https=1\" alt=\"\" border=\"0\" width=\"300\" height=\"250\"><\/a><!-- Ende https:\/\/www.financeads.net\/-Code --><\/div>\t\t<\/div>\n\t\t\t\t<\/div>\n\t\t\t\t<div class=\"elementor-element elementor-element-9b68655 elementor-widget elementor-widget-wp-widget-advads_ad_widget\" data-id=\"9b68655\" data-element_type=\"widget\" data-widget_type=\"wp-widget-advads_ad_widget.default\">\n\t\t\t\t<div class=\"elementor-widget-container\">\n\t\t\t<div id=\"regio-2270129654\"><div class=\"regio-adlabel\">Werbung<\/div><!-- Beginn https:\/\/www.financeads.net\/-Code --><a href=\"https:\/\/www.financeads.net\/tc.php?t=36648C271460142B\" target=\"_blank\"><img loading=\"lazy\" decoding=\"async\" src=\"https:\/\/www.financeads.net\/tb.php?t=36648V271460142B&https=1\" alt=\"PETPROTECT_Hund&Katze_Banner\" border=\"0\" width=\"250\" height=\"250\"><\/a><!-- Ende https:\/\/www.financeads.net\/-Code --><\/div>\t\t<\/div>\n\t\t\t\t<\/div>\n\t\t\t\t\t<\/div>\n\t\t<\/div>\n\t\t\t\t\t<\/div>\n\t\t<\/section>\n\t\t\t\t<\/div>\n\t\t","protected":false},"excerpt":{"rendered":"<div class=\"mh-excerpt\"><p>Steigende Corona-Zahlen in der Region: Oberb\u00fcrgermeister rufen zum gemeinsamen Handeln gegen das Virus auf Schwabach- Die auch in der gesamten Region stark steigenden Inzidenzwerte besorgen die Oberb\u00fcrgermeister der St\u00e4dteachse tief. Die Chefs der Rath\u00e4user sorgen <a class=\"mh-excerpt-more\" href=\"https:\/\/www.region-schwabach.de\/wordpress\/steigende-corona-zahlen-in-der-region-oberburgermeister-aus-der-region-rufen-zum-gemeinsamen-handeln-gegen-das-virus-auf\/\" title=\"Steigende Corona-Zahlen in der Region: Oberb\u00fcrgermeister aus der Region rufen zum gemeinsamen Handeln gegen das Virus auf\">[&#8230;]<\/a><\/p>\n<\/div>","protected":false},"author":1,"featured_media":136509,"comment_status":"open","ping_status":"open","sticky":false,"template":"","format":"standard","meta":{"_cbd_carousel_blocks":"[]","footnotes":""},"categories":[16,287,61],"tags":[15186,12084,15348,15347,522,15350,5269,15351,1480,19,3012,3151,15346,15349,5595,15352],"class_list":{"0":"post-136508","1":"post","2":"type-post","3":"status-publish","4":"format-standard","5":"has-post-thumbnail","7":"category-aktuell","8":"category-jugend-und-familie","9":"category-rathaus","10":"tag-april-2021","11":"tag-corona","12":"tag-florian-janik-erlangen","13":"tag-gemeinsames-handeln","14":"tag-koenigsplatz","15":"tag-marcus-koenig-nuernberg","16":"tag-oberbuergermeister","17":"tag-peter-reiss-schwabach","18":"tag-rathaus","19":"tag-schwabach","20":"tag-stadt","21":"tag-stadt-schwabach","22":"tag-staedteachse","23":"tag-thomas-jung-fuerth","24":"tag-unterstuetzung","25":"tag-videokonferenz"},"_links":{"self":[{"href":"https:\/\/www.region-schwabach.de\/wordpress\/wp-json\/wp\/v2\/posts\/136508","targetHints":{"allow":["GET"]}}],"collection":[{"href":"https:\/\/www.region-schwabach.de\/wordpress\/wp-json\/wp\/v2\/posts"}],"about":[{"href":"https:\/\/www.region-schwabach.de\/wordpress\/wp-json\/wp\/v2\/types\/post"}],"author":[{"embeddable":true,"href":"https:\/\/www.region-schwabach.de\/wordpress\/wp-json\/wp\/v2\/users\/1"}],"replies":[{"embeddable":true,"href":"https:\/\/www.region-schwabach.de\/wordpress\/wp-json\/wp\/v2\/comments?post=136508"}],"version-history":[{"count":0,"href":"https:\/\/www.region-schwabach.de\/wordpress\/wp-json\/wp\/v2\/posts\/136508\/revisions"}],"wp:featuredmedia":[{"embeddable":true,"href":"https:\/\/www.region-schwabach.de\/wordpress\/wp-json\/wp\/v2\/media\/136509"}],"wp:attachment":[{"href":"https:\/\/www.region-schwabach.de\/wordpress\/wp-json\/wp\/v2\/media?parent=136508"}],"wp:term":[{"taxonomy":"category","embeddable":true,"href":"https:\/\/www.region-schwabach.de\/wordpress\/wp-json\/wp\/v2\/categories?post=136508"},{"taxonomy":"post_tag","embeddable":true,"href":"https:\/\/www.region-schwabach.de\/wordpress\/wp-json\/wp\/v2\/tags?post=136508"}],"curies":[{"name":"wp","href":"https:\/\/api.w.org\/{rel}","templated":true}]}}