{"id":1369,"date":"2017-05-12T09:08:10","date_gmt":"2017-05-12T07:08:10","guid":{"rendered":"http:\/\/www.region-schwabach.de\/wordpress\/?p=1369"},"modified":"2018-07-30T09:46:57","modified_gmt":"2018-07-30T07:46:57","slug":"sperrung-zwischen-koenigsbergstrasse-und-am-falbenholzweg","status":"publish","type":"post","link":"https:\/\/www.region-schwabach.de\/wordpress\/sperrung-zwischen-koenigsbergstrasse-und-am-falbenholzweg\/","title":{"rendered":"Sperrung zwischen K\u00f6nigsbergstra\u00dfe und Am Falbenholzweg vom 15. bis 19. Mai"},"content":{"rendered":"\t\t<div data-elementor-type=\"wp-post\" data-elementor-id=\"1369\" class=\"elementor elementor-1369 elementor-bc-flex-widget\">\n\t\t\t\t\t\t<section class=\"elementor-section elementor-top-section elementor-element elementor-element-1dzeyuh elementor-section-boxed elementor-section-height-default elementor-section-height-default\" data-id=\"1dzeyuh\" data-element_type=\"section\">\n\t\t\t\t\t\t<div class=\"elementor-container elementor-column-gap-default\">\n\t\t\t\t\t<div class=\"elementor-column elementor-col-66 elementor-top-column elementor-element elementor-element-aam59ft\" data-id=\"aam59ft\" data-element_type=\"column\">\n\t\t\t<div class=\"elementor-widget-wrap elementor-element-populated\">\n\t\t\t\t\t\t<div class=\"elementor-element elementor-element-k9p1oyc elementor-widget elementor-widget-text-editor\" data-id=\"k9p1oyc\" data-element_type=\"widget\" data-widget_type=\"text-editor.default\">\n\t\t\t\t<div class=\"elementor-widget-container\">\n\t\t\t\t\t\t\t<h3>Folge\u00a0des laufenden 6-streifigen Ausbaus der A6<\/h3><p>Wegen Br\u00fcckenabbrucharbeiten kommt es von Montag, den 15. Mai 2017 bis Freitag, den 19. Mai 2017 zur Sperrung der\u00a0Geh- und Radwegunterf\u00fchrung zwischen der K\u00f6nigsbergstra\u00dfe und Am Falbenholzweg.<\/p><h3>Urspr\u00fcngliche Dauer der Sperrung verl\u00e4ngert<\/h3><p>Urspr\u00fcnglich war die\u00a0Sperrung nur von Montag, den 15. Mai 2017 bis Dienstag, den 16. Mai 2017\u00a0geplant. Wegen\u00a0nicht vorhersehbarer Schwierigkeiten bei der Verlegung eines Telekommunikationskabels ist\u00a0es nun leider\u00a0zur\u00a0Verl\u00e4ngerung der Sperrung gekommen.<\/p><h3>Einhausung erm\u00f6glicht Nutzung w\u00e4hrend des Neubaus<\/h3><p>Nach Beendigung der Abbrucharbeiten wird als Schutz f\u00fcr die Fu\u00dfg\u00e4nger und\u00a0 Radfahrer eine Einhausung errichtet. so da\u00df der Geh- und Radweg w\u00e4hrend des Neubaus der Br\u00fccke benutzt werden kann.\u00a0<\/p>\t\t\t\t\t\t<\/div>\n\t\t\t\t<\/div>\n\t\t\t\t<div class=\"elementor-element elementor-element-rf47wqh elementor-widget elementor-widget-google_maps\" data-id=\"rf47wqh\" data-element_type=\"widget\" data-widget_type=\"google_maps.default\">\n\t\t\t\t<div class=\"elementor-widget-container\">\n\t\t\t\t\t<div class=\"elementor-custom-embed\">\n\t\t\t<iframe loading=\"lazy\"\n\t\t\t\t\tsrc=\"https:\/\/maps.google.com\/maps?q=K%C3%B6nigsbergstra%C3%9Fe%2C%20Schwabach%2C%20Deutschland&#038;t=m&#038;z=15&#038;output=embed&#038;iwloc=near\"\n\t\t\t\t\ttitle=\"K\u00f6nigsbergstra\u00dfe, Schwabach, Deutschland\"\n\t\t\t\t\taria-label=\"K\u00f6nigsbergstra\u00dfe, Schwabach, Deutschland\"\n\t\t\t><\/iframe>\n\t\t<\/div>\n\t\t\t\t<\/div>\n\t\t\t\t<\/div>\n\t\t\t\t\t<\/div>\n\t\t<\/div>\n\t\t\t\t<div class=\"elementor-column elementor-col-33 elementor-top-column elementor-element elementor-element-uferl75\" data-id=\"uferl75\" data-element_type=\"column\">\n\t\t\t<div class=\"elementor-widget-wrap elementor-element-populated\">\n\t\t\t\t\t\t<div class=\"elementor-element elementor-element-xuttsc2 elementor-widget elementor-widget-image\" data-id=\"xuttsc2\" data-element_type=\"widget\" data-widget_type=\"image.default\">\n\t\t\t\t<div class=\"elementor-widget-container\">\n\t\t\t\t\t\t\t\t\t\t\t\t\t<img decoding=\"async\" src=\"https:\/\/www.region-schwabach.de\/wordpress\/wp-content\/uploads\/elementor\/thumbs\/Platz-f\u00fcr-Werbung-ns0l3v1506b3v0tdp6da81x6usx9ugc799rfpi3h4g.jpg\" title=\"Platz f\u00fcr Werbung\" alt=\"Platz f\u00fcr Werbung\" loading=\"lazy\" \/>\t\t\t\t\t\t\t\t\t\t\t\t\t<\/div>\n\t\t\t\t<\/div>\n\t\t\t\t\t<\/div>\n\t\t<\/div>\n\t\t\t\t\t<\/div>\n\t\t<\/section>\n\t\t\t\t<\/div>\n\t\t","protected":false},"excerpt":{"rendered":"<div class=\"mh-excerpt\"><p>Folge\u00a0des laufenden 6-streifigen Ausbaus der A6 Wegen Br\u00fcckenabbrucharbeiten kommt es von Montag, den 15. Mai 2017 bis Freitag, den 19. Mai 2017 zur Sperrung der\u00a0Geh- und Radwegunterf\u00fchrung zwischen der K\u00f6nigsbergstra\u00dfe und Am Falbenholzweg. Urspr\u00fcngliche Dauer <a class=\"mh-excerpt-more\" href=\"https:\/\/www.region-schwabach.de\/wordpress\/sperrung-zwischen-koenigsbergstrasse-und-am-falbenholzweg\/\" title=\"Sperrung zwischen K\u00f6nigsbergstra\u00dfe und Am Falbenholzweg vom 15. bis 19. Mai\">[&#8230;]<\/a><\/p>\n<\/div>","protected":false},"author":1,"featured_media":396,"comment_status":"open","ping_status":"open","sticky":false,"template":"template-full.php","format":"standard","meta":{"_cbd_carousel_blocks":"[]","footnotes":""},"categories":[16,14],"tags":[60,58,59,57],"class_list":{"0":"post-1369","1":"post","2":"type-post","3":"status-publish","4":"format-standard","5":"has-post-thumbnail","7":"category-aktuell","8":"category-verkehrsinfos","9":"tag-am-falbenholzweg","10":"tag-geh-und-radweg","11":"tag-koenigsbergstrasse","12":"tag-strassensperrung"},"_links":{"self":[{"href":"https:\/\/www.region-schwabach.de\/wordpress\/wp-json\/wp\/v2\/posts\/1369","targetHints":{"allow":["GET"]}}],"collection":[{"href":"https:\/\/www.region-schwabach.de\/wordpress\/wp-json\/wp\/v2\/posts"}],"about":[{"href":"https:\/\/www.region-schwabach.de\/wordpress\/wp-json\/wp\/v2\/types\/post"}],"author":[{"embeddable":true,"href":"https:\/\/www.region-schwabach.de\/wordpress\/wp-json\/wp\/v2\/users\/1"}],"replies":[{"embeddable":true,"href":"https:\/\/www.region-schwabach.de\/wordpress\/wp-json\/wp\/v2\/comments?post=1369"}],"version-history":[{"count":0,"href":"https:\/\/www.region-schwabach.de\/wordpress\/wp-json\/wp\/v2\/posts\/1369\/revisions"}],"wp:featuredmedia":[{"embeddable":true,"href":"https:\/\/www.region-schwabach.de\/wordpress\/wp-json\/wp\/v2\/media\/396"}],"wp:attachment":[{"href":"https:\/\/www.region-schwabach.de\/wordpress\/wp-json\/wp\/v2\/media?parent=1369"}],"wp:term":[{"taxonomy":"category","embeddable":true,"href":"https:\/\/www.region-schwabach.de\/wordpress\/wp-json\/wp\/v2\/categories?post=1369"},{"taxonomy":"post_tag","embeddable":true,"href":"https:\/\/www.region-schwabach.de\/wordpress\/wp-json\/wp\/v2\/tags?post=1369"}],"curies":[{"name":"wp","href":"https:\/\/api.w.org\/{rel}","templated":true}]}}