{"id":136995,"date":"2021-04-30T00:57:00","date_gmt":"2021-04-29T22:57:00","guid":{"rendered":"https:\/\/www.region-schwabach.de\/wordpress\/?p=136995"},"modified":"2021-04-29T23:50:37","modified_gmt":"2021-04-29T21:50:37","slug":"pressebericht-zum-20-jahrigen-jubilaum-der-schwabacher-sicherheitswacht","status":"publish","type":"post","link":"https:\/\/www.region-schwabach.de\/wordpress\/pressebericht-zum-20-jahrigen-jubilaum-der-schwabacher-sicherheitswacht\/","title":{"rendered":"Pressebericht zum 20-j\u00e4hrigen Jubil\u00e4um der Schwabacher Sicherheitswacht"},"content":{"rendered":"\t\t<div data-elementor-type=\"wp-post\" data-elementor-id=\"136995\" class=\"elementor elementor-136995\">\n\t\t\t\t\t\t<section class=\"elementor-section elementor-top-section elementor-element elementor-element-1cuv9jr elementor-section-boxed elementor-section-height-default elementor-section-height-default\" data-id=\"1cuv9jr\" data-element_type=\"section\">\n\t\t\t\t\t\t<div class=\"elementor-container elementor-column-gap-default\">\n\t\t\t\t\t<div class=\"elementor-column elementor-col-50 elementor-top-column elementor-element elementor-element-q5zak7b\" data-id=\"q5zak7b\" data-element_type=\"column\">\n\t\t\t<div class=\"elementor-widget-wrap elementor-element-populated\">\n\t\t\t\t\t\t<div class=\"elementor-element elementor-element-dcef279 elementor-widget elementor-widget-wp-widget-advads_ad_widget\" data-id=\"dcef279\" data-element_type=\"widget\" data-widget_type=\"wp-widget-advads_ad_widget.default\">\n\t\t\t\t<div class=\"elementor-widget-container\">\n\t\t\t<div id=\"regio-2755500421\"><div class=\"regio-adlabel\">Werbung<\/div><center><a href=\"https:\/\/a.partner-versicherung.de\/click.php?partner_id=19992&ad_id=1578&deep=kreditkarten\"  target=\"_blank\"><img decoding=\"async\" src=\"https:\/\/a.partner-versicherung.de\/view.php?partner_id=19992&ad_id=1578\" ><\/a><\/center><\/div>\t\t<\/div>\n\t\t\t\t<\/div>\n\t\t\t\t<div class=\"elementor-element elementor-element-a4daeae elementor-widget elementor-widget-text-editor\" data-id=\"a4daeae\" data-element_type=\"widget\" data-widget_type=\"text-editor.default\">\n\t\t\t\t<div class=\"elementor-widget-container\">\n\t\t\t\t\t\t\t<h3>20 Jahre Schwabacher Sicherheitswacht<\/h3><p><span style=\"font-size: 12pt;\">Schwabach \/ Wendelstein &#8211; Stolz blickt man auf 20 Jahre Sicherheitswacht in Schwabach. Pandemiebedingt musste allerdings auf eine Feierlichkeit, die dem Anlass w\u00fcrdig gewesen w\u00e4re, verzichtet werden. Im Jahre 2001 traten 2 Frauen und 7 M\u00e4nner aus Schwabach und der Region ihren Dienst bei der Schwabacher Sicherheitswacht an. Mittlerweile umfasst die Schwabacher Sicherheitswacht 14 B\u00fcrgerinnen und B\u00fcrger die diese T\u00e4tigkeit ehrenamtlich in der Stadt Schwabach und im Gemeindebereich Wendelstein aus\u00fcben.<\/span><\/p><p><span style=\"font-size: 12pt;\">Diese Tage wurden drei von ihnen f\u00fcr ihren langj\u00e4hrigen Dienst im kleinen Kreise geehrt. Bei strahlendem Sonnenschein und angenehmen Temperaturen war es dem Oberb\u00fcrgermeister der Stadt Schwabach, Peter Rei\u00df, dem Stadtrechtsrat Knut Engelbrecht, dem Ersten B\u00fcrgermeister der Marktgemeinde Wendelstein, Werner Langhans und F\u00fchrungskr\u00e4ften der Schwabacher Polizei ein pers\u00f6nliches Anliegen, sich bei den 3 M\u00e4nnern der \u201eersten Stunde\u201c f\u00fcr ihr 20-j\u00e4hriges Engagement zu bedanken.<\/span><\/p><p><span style=\"font-size: 12pt;\">In 20 Dienstjahren f\u00fcr die B\u00fcrgerinnen und B\u00fcrger erlebte man so einige sch\u00f6ne Eins\u00e4tze die einem wohlgesonnen in Erinnerung bleiben werden, berichteten Helmuth Kraft, J\u00fcrgen Sitzmann und Horst Ullrich Schautz v. Winter zur\u00fcckblickend.<\/span><\/p><p><span style=\"font-size: 12pt;\">Polizeioberrat Erwin Leitner, Dienststellenleiter der Schwabacher In- spektion, rahmte die Ehrung mit einem kleinen R\u00fcckblick von den Anf\u00e4ngen der Sicherheitswacht in Schwabach und \u00fcberreichte den Jubilaren anerkennende Urkunden im Namen des Bayerischen Innenmi- nisters, Joachim Herrmann.<\/span><\/p><p><span style=\"font-size: 12pt;\">Helmuth Kraft, der bei der Ehrung zugleich in den wohlverdienten \u201eRuhestand\u201c verabschiedet wurde, bedankte sich bei allen Anwesenden f\u00fcr die stets gute Zusammenarbeit. \u201eWenn es nicht so gut gepasst h\u00e4tte, dann w\u00e4re ich auch keine 20 Jahre lang dabei geblieben\u201c, waren die Worte von Herrn Kraft womit er weiter auch die Zeit bei der Sicherheitswacht als interessante und abwechslungsreiche T\u00e4tigkeit beschrieb.<\/span><\/p><p><span style=\"font-size: 12pt;\"><strong>Text:<\/strong> PHK Horst Suck, PI Schwabach<\/span><br \/><span style=\"font-size: 12pt;\"><strong>Bild:<\/strong> Polizei Schwabach; v.li.n.re. PHK Suck, Horst Ullrich Schautz v. Winter, POR Leitner, Werner Langhans, Helmuth Kraft, EPHK Stiegler, Peter Rei\u00df, J\u00fcrgen Sitzmann, Knut Engelbrecht.<\/span><\/p>\t\t\t\t\t\t<\/div>\n\t\t\t\t<\/div>\n\t\t\t\t<div class=\"elementor-element elementor-element-6c3f9de elementor-widget elementor-widget-shortcode\" data-id=\"6c3f9de\" data-element_type=\"widget\" data-widget_type=\"shortcode.default\">\n\t\t\t\t<div class=\"elementor-widget-container\">\n\t\t\t\t\t<div class=\"elementor-shortcode\"><center><a href=\"https:\/\/a.partner-versicherung.de\/click.php?partner_id=19992&ad_id=441&deep=kfz-versicherung\"  target=\"_blank\"><img decoding=\"async\" src=\"https:\/\/a.partner-versicherung.de\/view.php?partner_id=19992&ad_id=441\" ><\/a><\/center><\/div>\n\t\t\t\t<\/div>\n\t\t\t\t<\/div>\n\t\t\t\t<div class=\"elementor-element elementor-element-ace1283 elementor-widget-divider--view-line elementor-widget elementor-widget-divider\" data-id=\"ace1283\" data-element_type=\"widget\" data-widget_type=\"divider.default\">\n\t\t\t\t<div class=\"elementor-widget-container\">\n\t\t\t\t\t<div class=\"elementor-divider\">\n\t\t\t<span class=\"elementor-divider-separator\">\n\t\t\t\t\t\t<\/span>\n\t\t<\/div>\n\t\t\t\t<\/div>\n\t\t\t\t<\/div>\n\t\t\t\t<div class=\"elementor-element elementor-element-ac34ac3 elementor-widget elementor-widget-google_maps\" data-id=\"ac34ac3\" data-element_type=\"widget\" data-widget_type=\"google_maps.default\">\n\t\t\t\t<div class=\"elementor-widget-container\">\n\t\t\t\t\t<div class=\"elementor-custom-embed\">\n\t\t\t<iframe loading=\"lazy\"\n\t\t\t\t\tsrc=\"https:\/\/maps.google.com\/maps?q=Schwabach%2C%20Deutschland&#038;t=m&#038;z=15&#038;output=embed&#038;iwloc=near\"\n\t\t\t\t\ttitle=\"Schwabach, Deutschland\"\n\t\t\t\t\taria-label=\"Schwabach, Deutschland\"\n\t\t\t><\/iframe>\n\t\t<\/div>\n\t\t\t\t<\/div>\n\t\t\t\t<\/div>\n\t\t\t\t\t<\/div>\n\t\t<\/div>\n\t\t\t\t<div class=\"elementor-column elementor-col-50 elementor-top-column elementor-element elementor-element-4ce46fb\" data-id=\"4ce46fb\" data-element_type=\"column\">\n\t\t\t<div class=\"elementor-widget-wrap elementor-element-populated\">\n\t\t\t\t\t\t<div class=\"elementor-element elementor-element-38f4e35 elementor-widget elementor-widget-heading\" data-id=\"38f4e35\" data-element_type=\"widget\" data-widget_type=\"heading.default\">\n\t\t\t\t<div class=\"elementor-widget-container\">\n\t\t\t<h3 class=\"elementor-heading-title elementor-size-default\">Schnell vergleichen und sparen!<\/h3>\t\t<\/div>\n\t\t\t\t<\/div>\n\t\t\t\t<div class=\"elementor-element elementor-element-92c49bc elementor-widget elementor-widget-wp-widget-advads_ad_widget\" data-id=\"92c49bc\" data-element_type=\"widget\" data-widget_type=\"wp-widget-advads_ad_widget.default\">\n\t\t\t\t<div class=\"elementor-widget-container\">\n\t\t\t<div id=\"regio-1810860423\"><div class=\"regio-adlabel\">Werbung<\/div><!-- Beginn https:\/\/www.financeads.net\/-Code --><a href=\"https:\/\/www.financeads.net\/tc.php?t=36648C236142529B\" target=\"_blank\"><img fetchpriority=\"high\" decoding=\"async\" src=\"https:\/\/www.financeads.net\/tb.php?t=36648V236142529B&https=1\" alt=\"\" border=\"0\" width=\"300\" height=\"250\"><\/a><!-- Ende https:\/\/www.financeads.net\/-Code --><\/div>\t\t<\/div>\n\t\t\t\t<\/div>\n\t\t\t\t<div class=\"elementor-element elementor-element-cb0c78c elementor-widget elementor-widget-wp-widget-advads_ad_widget\" data-id=\"cb0c78c\" data-element_type=\"widget\" data-widget_type=\"wp-widget-advads_ad_widget.default\">\n\t\t\t\t<div class=\"elementor-widget-container\">\n\t\t\t<div id=\"regio-1412198732\"><div class=\"regio-adlabel\">Werbung<\/div><!-- Beginn https:\/\/www.financeads.net\/-Code --><a href=\"https:\/\/www.financeads.net\/tc.php?t=36648C42614510B\" target=\"_blank\"><img decoding=\"async\" src=\"https:\/\/www.financeads.net\/tb.php?t=36648V42614510B&https=1\" alt=\"\" border=\"0\" width=\"200\" height=\"300\"><\/a><!-- Ende https:\/\/www.financeads.net\/-Code --><\/div>\t\t<\/div>\n\t\t\t\t<\/div>\n\t\t\t\t<div class=\"elementor-element elementor-element-31c9ced elementor-widget elementor-widget-wp-widget-advads_ad_widget\" data-id=\"31c9ced\" data-element_type=\"widget\" data-widget_type=\"wp-widget-advads_ad_widget.default\">\n\t\t\t\t<div class=\"elementor-widget-container\">\n\t\t\t<div id=\"regio-144577193\"><div class=\"regio-adlabel\">Werbung<\/div><!-- Beginn https:\/\/www.financeads.net\/-Code --><a href=\"https:\/\/www.financeads.net\/tc.php?t=36648C205040072B\" target=\"_blank\"><img decoding=\"async\" src=\"https:\/\/www.financeads.net\/tb.php?t=36648V205040072B&https=1\" alt=\"\" border=\"0\" width=\"300\" height=\"250\"><\/a><!-- Ende https:\/\/www.financeads.net\/-Code --><\/div>\t\t<\/div>\n\t\t\t\t<\/div>\n\t\t\t\t<div class=\"elementor-element elementor-element-0344b9f elementor-widget elementor-widget-wp-widget-advads_ad_widget\" data-id=\"0344b9f\" data-element_type=\"widget\" data-widget_type=\"wp-widget-advads_ad_widget.default\">\n\t\t\t\t<div class=\"elementor-widget-container\">\n\t\t\t<div id=\"regio-3947819918\"><div class=\"regio-adlabel\">Werbung<\/div><!-- Beginn https:\/\/www.financeads.net\/-Code --><a href=\"https:\/\/www.financeads.net\/tc.php?t=36648C271460142B\" target=\"_blank\"><img loading=\"lazy\" decoding=\"async\" src=\"https:\/\/www.financeads.net\/tb.php?t=36648V271460142B&https=1\" alt=\"PETPROTECT_Hund&Katze_Banner\" border=\"0\" width=\"250\" height=\"250\"><\/a><!-- Ende https:\/\/www.financeads.net\/-Code --><\/div>\t\t<\/div>\n\t\t\t\t<\/div>\n\t\t\t\t\t<\/div>\n\t\t<\/div>\n\t\t\t\t\t<\/div>\n\t\t<\/section>\n\t\t\t\t<\/div>\n\t\t","protected":false},"excerpt":{"rendered":"<div class=\"mh-excerpt\"><p>20 Jahre Schwabacher Sicherheitswacht Schwabach \/ Wendelstein &#8211; Stolz blickt man auf 20 Jahre Sicherheitswacht in Schwabach. Pandemiebedingt musste allerdings auf eine Feierlichkeit, die dem Anlass w\u00fcrdig gewesen w\u00e4re, verzichtet werden. Im Jahre 2001 traten <a class=\"mh-excerpt-more\" href=\"https:\/\/www.region-schwabach.de\/wordpress\/pressebericht-zum-20-jahrigen-jubilaum-der-schwabacher-sicherheitswacht\/\" title=\"Pressebericht zum 20-j\u00e4hrigen Jubil\u00e4um der Schwabacher Sicherheitswacht\">[&#8230;]<\/a><\/p>\n<\/div>","protected":false},"author":1,"featured_media":136996,"comment_status":"open","ping_status":"open","sticky":false,"template":"","format":"standard","meta":{"_cbd_carousel_blocks":"[]","footnotes":""},"categories":[15],"tags":[15389,14258,5448,5449,3490,15390,6994,5273,6965,5030,15391,4349,10359,14349,5269,12385,981,19,8262,14476,31,15392],"class_list":{"0":"post-136995","1":"post","2":"type-post","3":"status-publish","4":"format-standard","5":"has-post-thumbnail","7":"category-polizeimeldungen","8":"tag-15389","9":"tag-14258","10":"tag-buerger","11":"tag-buergerinnen","12":"tag-buergermeister","13":"tag-danksagung","14":"tag-ehrenamt","15":"tag-ehrung","16":"tag-engagement","17":"tag-frauen","18":"tag-fuehrungskraefte","19":"tag-jubilaeum","20":"tag-knut-engelbrecht","21":"tag-manner","22":"tag-oberbuergermeister","23":"tag-peter-reiss","24":"tag-polizei","25":"tag-schwabach","26":"tag-sicherheitswacht","27":"tag-stadtrechtsrat","28":"tag-wendelstein","29":"tag-werner-langhans"},"_links":{"self":[{"href":"https:\/\/www.region-schwabach.de\/wordpress\/wp-json\/wp\/v2\/posts\/136995","targetHints":{"allow":["GET"]}}],"collection":[{"href":"https:\/\/www.region-schwabach.de\/wordpress\/wp-json\/wp\/v2\/posts"}],"about":[{"href":"https:\/\/www.region-schwabach.de\/wordpress\/wp-json\/wp\/v2\/types\/post"}],"author":[{"embeddable":true,"href":"https:\/\/www.region-schwabach.de\/wordpress\/wp-json\/wp\/v2\/users\/1"}],"replies":[{"embeddable":true,"href":"https:\/\/www.region-schwabach.de\/wordpress\/wp-json\/wp\/v2\/comments?post=136995"}],"version-history":[{"count":0,"href":"https:\/\/www.region-schwabach.de\/wordpress\/wp-json\/wp\/v2\/posts\/136995\/revisions"}],"wp:featuredmedia":[{"embeddable":true,"href":"https:\/\/www.region-schwabach.de\/wordpress\/wp-json\/wp\/v2\/media\/136996"}],"wp:attachment":[{"href":"https:\/\/www.region-schwabach.de\/wordpress\/wp-json\/wp\/v2\/media?parent=136995"}],"wp:term":[{"taxonomy":"category","embeddable":true,"href":"https:\/\/www.region-schwabach.de\/wordpress\/wp-json\/wp\/v2\/categories?post=136995"},{"taxonomy":"post_tag","embeddable":true,"href":"https:\/\/www.region-schwabach.de\/wordpress\/wp-json\/wp\/v2\/tags?post=136995"}],"curies":[{"name":"wp","href":"https:\/\/api.w.org\/{rel}","templated":true}]}}