{"id":137719,"date":"2021-05-09T01:30:00","date_gmt":"2021-05-08T23:30:00","guid":{"rendered":"https:\/\/www.region-schwabach.de\/wordpress\/?p=137719"},"modified":"2021-05-09T09:31:31","modified_gmt":"2021-05-09T07:31:31","slug":"vibraphonissimo-findet-nach-der-absage-im-februar-wegen-corona-nun-am-sonntag-den-9-mai-2021-als-livestream-statt","status":"publish","type":"post","link":"https:\/\/www.region-schwabach.de\/wordpress\/vibraphonissimo-findet-nach-der-absage-im-februar-wegen-corona-nun-am-sonntag-den-9-mai-2021-als-livestream-statt\/","title":{"rendered":"&#8222;Vibraphonissimo&#8220; findet nach der Absage im Februar &#8211; wegen Corona &#8211; nun am Sonntag, den 9. Mai 2021, als Livestream statt"},"content":{"rendered":"\t\t<div data-elementor-type=\"wp-post\" data-elementor-id=\"137719\" class=\"elementor elementor-137719\">\n\t\t\t\t\t\t<section class=\"elementor-section elementor-top-section elementor-element elementor-element-678181b elementor-section-boxed elementor-section-height-default elementor-section-height-default\" data-id=\"678181b\" data-element_type=\"section\">\n\t\t\t\t\t\t<div class=\"elementor-container elementor-column-gap-default\">\n\t\t\t\t\t<div class=\"elementor-column elementor-col-50 elementor-top-column elementor-element elementor-element-6b34026\" data-id=\"6b34026\" data-element_type=\"column\">\n\t\t\t<div class=\"elementor-widget-wrap elementor-element-populated\">\n\t\t\t\t\t\t<div class=\"elementor-element elementor-element-5fea1cd elementor-widget elementor-widget-wp-widget-advads_ad_widget\" data-id=\"5fea1cd\" data-element_type=\"widget\" data-widget_type=\"wp-widget-advads_ad_widget.default\">\n\t\t\t\t<div class=\"elementor-widget-container\">\n\t\t\t<div id=\"regio-1239141074\"><div class=\"regio-adlabel\">Werbung<\/div><center><a href=\"https:\/\/a.partner-versicherung.de\/click.php?partner_id=19992&ad_id=1578&deep=kreditkarten\"  target=\"_blank\"><img decoding=\"async\" src=\"https:\/\/a.partner-versicherung.de\/view.php?partner_id=19992&ad_id=1578\" ><\/a><\/center><\/div>\t\t<\/div>\n\t\t\t\t<\/div>\n\t\t\t\t<div class=\"elementor-element elementor-element-443ab98 elementor-widget elementor-widget-text-editor\" data-id=\"443ab98\" data-element_type=\"widget\" data-widget_type=\"text-editor.default\">\n\t\t\t\t<div class=\"elementor-widget-container\">\n\t\t\t\t\t\t\t<h3>Sonntag, den 9. Mai 2021, online aus dem Markgrafensaal<br \/>Vibraphonissimo: David Soyza Jazzquartett<\/h3><p><span style=\"font-size: 12pt;\">Schwabach &#8211; Eigentlich sollte Vibraphonissimo in diesem Jahr Anfang Februar \u00fcber die B\u00fchne gehen. Nun findet das Konzert aus Schwabach am Sonntag, den 9. Mai 2021, um 20.00 Uhr statt: live online \u00fcbertragen aus dem Markgrafensaal. <\/span><\/p><p><span style=\"font-size: 12pt;\">Der Livestream bietet dem musikbegeisterten Publikum die M\u00f6glichkeit, das Konzert sicher und bequem von Zuhause erleben zu k\u00f6nnen. Ein Zugangscode gilt f\u00fcr mehrere Zuschauer, die sich das Konzert gemeinsam vor dem Bildschirm ansehen k\u00f6nnen.<br \/><\/span><\/p><p><span style=\"font-size: 12pt;\">Die Musik des Vibraphonisten und Komponisten David Soyza steckt voller Geheimnisse und kraftvoller Bilder. Zusammen mit seinen hochgesch\u00e4tzten Kollegen pr\u00e4sentiert er sein Deb\u00fctalbum \u201eTaking the Lead\u201c. <br \/><\/span><\/p><p><span style=\"font-size: 12pt;\">Die Besetzung mit zwei Harmonie-Instrumenten erm\u00f6glicht ein umfangreiches Spektrum an verschiedenen Kl\u00e4ngen und bricht vorgegebene Rollen auf. Jedes Instrument hat seinen Platz, kann diesen aber bei Bedarf verlassen und gleicherma\u00dfen in eine Solisten- oder Begleiter Rolle schl\u00fcpfen. Die Expertise der einzelnen Musiker und die umfangreichen M\u00f6glichkeiten der Besetzung f\u00fchren zum klaren und facettenreichen Bandsound dieses zeitgen\u00f6ssischen Jazzquartetts. <br \/><\/span><\/p><h3><span style=\"font-size: 12pt;\"><span style=\"font-size: 14pt;\">Besetzung:<\/span><br \/><\/span><\/h3><ul style=\"list-style-type: disc;\"><li><span style=\"font-size: 12pt;\">David Soyza\/Vibraphon<\/span><\/li><li><span style=\"font-size: 12pt;\">Michael Schumacher\/Gitarre<\/span><\/li><li><span style=\"font-size: 12pt;\">Stephan Goldbach\/Bass<\/span><\/li><li><span style=\"font-size: 12pt;\">Florian Fischer\/Schlagzeug<br \/><\/span><\/li><\/ul><h3>Infos:<\/h3><p><span style=\"font-size: 12pt;\">Sonntag, den 9. Mai 2021, 20:00 Uhr, Livestreamticket: 10,- Euro zzgl. Service-Geb\u00fchr. Das Ticket f\u00fcr den Livestream kann bis 60 Minuten vor Veranstaltungsbeginn hier gebucht werden: <a href=\"http:\/\/www.stadt-schwabach.reservix.de\" target=\"_blank\" rel=\"noopener\">www.stadt-schwabach.reservix.de<\/a> . <\/span><\/p><p><span style=\"font-size: 12pt;\">Weitere Infos zur Veranstaltung finden sich unter: <a href=\"http:\/\/www.schwabach.de\/vibraphonissimo\" target=\"_blank\" rel=\"noopener\">www.schwabach.de\/vibraphonissimo<\/a><\/span><\/p><p><a href=\"https:\/\/www.region-schwabach.de\/wordpress\/wp-content\/uploads\/2021\/05\/PM72_DavidSoyza-Quartett_2-scaled-e1620545202357.jpg\"><img fetchpriority=\"high\" decoding=\"async\" class=\"aligncenter size-full wp-image-137725\" src=\"https:\/\/www.region-schwabach.de\/wordpress\/wp-content\/uploads\/2021\/05\/PM72_DavidSoyza-Quartett_2-scaled-e1620545202357.jpg\" alt=\"\" width=\"960\" height=\"640\" \/><\/a><\/p>\t\t\t\t\t\t<\/div>\n\t\t\t\t<\/div>\n\t\t\t\t<div class=\"elementor-element elementor-element-7cc9469 elementor-widget elementor-widget-shortcode\" data-id=\"7cc9469\" data-element_type=\"widget\" data-widget_type=\"shortcode.default\">\n\t\t\t\t<div class=\"elementor-widget-container\">\n\t\t\t\t\t<div class=\"elementor-shortcode\"><center><a href=\"https:\/\/a.partner-versicherung.de\/click.php?partner_id=19992&ad_id=441&deep=kfz-versicherung\"  target=\"_blank\"><img decoding=\"async\" src=\"https:\/\/a.partner-versicherung.de\/view.php?partner_id=19992&ad_id=441\" ><\/a><\/center><\/div>\n\t\t\t\t<\/div>\n\t\t\t\t<\/div>\n\t\t\t\t<div class=\"elementor-element elementor-element-0c834d7 elementor-widget-divider--view-line elementor-widget elementor-widget-divider\" data-id=\"0c834d7\" data-element_type=\"widget\" data-widget_type=\"divider.default\">\n\t\t\t\t<div class=\"elementor-widget-container\">\n\t\t\t\t\t<div class=\"elementor-divider\">\n\t\t\t<span class=\"elementor-divider-separator\">\n\t\t\t\t\t\t<\/span>\n\t\t<\/div>\n\t\t\t\t<\/div>\n\t\t\t\t<\/div>\n\t\t\t\t<div class=\"elementor-element elementor-element-325f51f elementor-widget elementor-widget-google_maps\" data-id=\"325f51f\" data-element_type=\"widget\" data-widget_type=\"google_maps.default\">\n\t\t\t\t<div class=\"elementor-widget-container\">\n\t\t\t\t\t<div class=\"elementor-custom-embed\">\n\t\t\t<iframe loading=\"lazy\"\n\t\t\t\t\tsrc=\"https:\/\/maps.google.com\/maps?q=Ludwigstra%C3%9Fe%2016%2C%20Schwabach%2C%20Deutschland&#038;t=m&#038;z=17&#038;output=embed&#038;iwloc=near\"\n\t\t\t\t\ttitle=\"Ludwigstra\u00dfe 16, Schwabach, Deutschland\"\n\t\t\t\t\taria-label=\"Ludwigstra\u00dfe 16, Schwabach, Deutschland\"\n\t\t\t><\/iframe>\n\t\t<\/div>\n\t\t\t\t<\/div>\n\t\t\t\t<\/div>\n\t\t\t\t\t<\/div>\n\t\t<\/div>\n\t\t\t\t<div class=\"elementor-column elementor-col-50 elementor-top-column elementor-element elementor-element-f141625\" data-id=\"f141625\" data-element_type=\"column\">\n\t\t\t<div class=\"elementor-widget-wrap elementor-element-populated\">\n\t\t\t\t\t\t<div class=\"elementor-element elementor-element-aa635e8 elementor-widget elementor-widget-heading\" data-id=\"aa635e8\" data-element_type=\"widget\" data-widget_type=\"heading.default\">\n\t\t\t\t<div class=\"elementor-widget-container\">\n\t\t\t<h3 class=\"elementor-heading-title elementor-size-default\">Schnell vergleichen und sparen!<\/h3>\t\t<\/div>\n\t\t\t\t<\/div>\n\t\t\t\t<div class=\"elementor-element elementor-element-380778c elementor-widget elementor-widget-wp-widget-advads_ad_widget\" data-id=\"380778c\" data-element_type=\"widget\" data-widget_type=\"wp-widget-advads_ad_widget.default\">\n\t\t\t\t<div class=\"elementor-widget-container\">\n\t\t\t<div id=\"regio-3896470453\"><div class=\"regio-adlabel\">Werbung<\/div><!-- Beginn https:\/\/www.financeads.net\/-Code --><a href=\"https:\/\/www.financeads.net\/tc.php?t=36648C236142529B\" target=\"_blank\"><img decoding=\"async\" src=\"https:\/\/www.financeads.net\/tb.php?t=36648V236142529B&https=1\" alt=\"\" border=\"0\" width=\"300\" height=\"250\"><\/a><!-- Ende https:\/\/www.financeads.net\/-Code --><\/div>\t\t<\/div>\n\t\t\t\t<\/div>\n\t\t\t\t<div class=\"elementor-element elementor-element-bd26aa5 elementor-widget elementor-widget-wp-widget-advads_ad_widget\" data-id=\"bd26aa5\" data-element_type=\"widget\" data-widget_type=\"wp-widget-advads_ad_widget.default\">\n\t\t\t\t<div class=\"elementor-widget-container\">\n\t\t\t<div id=\"regio-1207244725\"><div class=\"regio-adlabel\">Werbung<\/div><!-- Beginn https:\/\/www.financeads.net\/-Code --><a href=\"https:\/\/www.financeads.net\/tc.php?t=36648C42614510B\" target=\"_blank\"><img decoding=\"async\" src=\"https:\/\/www.financeads.net\/tb.php?t=36648V42614510B&https=1\" alt=\"\" border=\"0\" width=\"200\" height=\"300\"><\/a><!-- Ende https:\/\/www.financeads.net\/-Code --><\/div>\t\t<\/div>\n\t\t\t\t<\/div>\n\t\t\t\t<div class=\"elementor-element elementor-element-abfc6b5 elementor-widget elementor-widget-wp-widget-advads_ad_widget\" data-id=\"abfc6b5\" data-element_type=\"widget\" data-widget_type=\"wp-widget-advads_ad_widget.default\">\n\t\t\t\t<div class=\"elementor-widget-container\">\n\t\t\t<div id=\"regio-3282739707\"><div class=\"regio-adlabel\">Werbung<\/div><!-- Beginn https:\/\/www.financeads.net\/-Code --><a href=\"https:\/\/www.financeads.net\/tc.php?t=36648C205040072B\" target=\"_blank\"><img loading=\"lazy\" decoding=\"async\" src=\"https:\/\/www.financeads.net\/tb.php?t=36648V205040072B&https=1\" alt=\"\" border=\"0\" width=\"300\" height=\"250\"><\/a><!-- Ende https:\/\/www.financeads.net\/-Code --><\/div>\t\t<\/div>\n\t\t\t\t<\/div>\n\t\t\t\t<div class=\"elementor-element elementor-element-9b68655 elementor-widget elementor-widget-wp-widget-advads_ad_widget\" data-id=\"9b68655\" data-element_type=\"widget\" data-widget_type=\"wp-widget-advads_ad_widget.default\">\n\t\t\t\t<div class=\"elementor-widget-container\">\n\t\t\t<div id=\"regio-1131999917\"><div class=\"regio-adlabel\">Werbung<\/div><!-- Beginn https:\/\/www.financeads.net\/-Code --><a href=\"https:\/\/www.financeads.net\/tc.php?t=36648C271460142B\" target=\"_blank\"><img loading=\"lazy\" decoding=\"async\" src=\"https:\/\/www.financeads.net\/tb.php?t=36648V271460142B&https=1\" alt=\"PETPROTECT_Hund&Katze_Banner\" border=\"0\" width=\"250\" height=\"250\"><\/a><!-- Ende https:\/\/www.financeads.net\/-Code --><\/div>\t\t<\/div>\n\t\t\t\t<\/div>\n\t\t\t\t\t<\/div>\n\t\t<\/div>\n\t\t\t\t\t<\/div>\n\t\t<\/section>\n\t\t\t\t<\/div>\n\t\t","protected":false},"excerpt":{"rendered":"<div class=\"mh-excerpt\"><p>Sonntag, den 9. Mai 2021, online aus dem Markgrafensaal Vibraphonissimo: David Soyza Jazzquartett Schwabach &#8211; Eigentlich sollte Vibraphonissimo in diesem Jahr Anfang Februar \u00fcber die B\u00fchne gehen. Nun findet das Konzert aus Schwabach am Sonntag, <a class=\"mh-excerpt-more\" href=\"https:\/\/www.region-schwabach.de\/wordpress\/vibraphonissimo-findet-nach-der-absage-im-februar-wegen-corona-nun-am-sonntag-den-9-mai-2021-als-livestream-statt\/\" title=\"&#8222;Vibraphonissimo&#8220; findet nach der Absage im Februar &#8211; wegen Corona &#8211; nun am Sonntag, den 9. Mai 2021, als Livestream statt\">[&#8230;]<\/a><\/p>\n<\/div>","protected":false},"author":1,"featured_media":137720,"comment_status":"open","ping_status":"open","sticky":false,"template":"","format":"standard","meta":{"_cbd_carousel_blocks":"[]","footnotes":""},"categories":[16,61],"tags":[15471,15463,15464,15472,1624,15473,522,3128,15259,14657,2029,2028,1480,19,3012,3151,15474],"class_list":{"0":"post-137719","1":"post","2":"type-post","3":"status-publish","4":"format-standard","5":"has-post-thumbnail","7":"category-aktuell","8":"category-rathaus","9":"tag-vibraphonissimo-2","10":"tag-09-05-2021","11":"tag-9-mai-2021","12":"tag-david-soyza-jazzquartett","13":"tag-internet","14":"tag-komponist","15":"tag-koenigsplatz","16":"tag-konzert","17":"tag-live-stream-konzert","18":"tag-livestream","19":"tag-ludwigstrasse","20":"tag-markgrafensaal","21":"tag-rathaus","22":"tag-schwabach","23":"tag-stadt","24":"tag-stadt-schwabach","25":"tag-vibraphonist"},"_links":{"self":[{"href":"https:\/\/www.region-schwabach.de\/wordpress\/wp-json\/wp\/v2\/posts\/137719","targetHints":{"allow":["GET"]}}],"collection":[{"href":"https:\/\/www.region-schwabach.de\/wordpress\/wp-json\/wp\/v2\/posts"}],"about":[{"href":"https:\/\/www.region-schwabach.de\/wordpress\/wp-json\/wp\/v2\/types\/post"}],"author":[{"embeddable":true,"href":"https:\/\/www.region-schwabach.de\/wordpress\/wp-json\/wp\/v2\/users\/1"}],"replies":[{"embeddable":true,"href":"https:\/\/www.region-schwabach.de\/wordpress\/wp-json\/wp\/v2\/comments?post=137719"}],"version-history":[{"count":0,"href":"https:\/\/www.region-schwabach.de\/wordpress\/wp-json\/wp\/v2\/posts\/137719\/revisions"}],"wp:featuredmedia":[{"embeddable":true,"href":"https:\/\/www.region-schwabach.de\/wordpress\/wp-json\/wp\/v2\/media\/137720"}],"wp:attachment":[{"href":"https:\/\/www.region-schwabach.de\/wordpress\/wp-json\/wp\/v2\/media?parent=137719"}],"wp:term":[{"taxonomy":"category","embeddable":true,"href":"https:\/\/www.region-schwabach.de\/wordpress\/wp-json\/wp\/v2\/categories?post=137719"},{"taxonomy":"post_tag","embeddable":true,"href":"https:\/\/www.region-schwabach.de\/wordpress\/wp-json\/wp\/v2\/tags?post=137719"}],"curies":[{"name":"wp","href":"https:\/\/api.w.org\/{rel}","templated":true}]}}