{"id":137965,"date":"2021-05-11T01:30:00","date_gmt":"2021-05-10T23:30:00","guid":{"rendered":"https:\/\/www.region-schwabach.de\/wordpress\/?p=137965"},"modified":"2021-05-11T10:02:34","modified_gmt":"2021-05-11T08:02:34","slug":"wurzelwarme-und-blatterrauschen-in-der-stadtbibliothek-von-dienstag-den-11-mai-2021-bis-freitag-den-21-mai-2021","status":"publish","type":"post","link":"https:\/\/www.region-schwabach.de\/wordpress\/wurzelwarme-und-blatterrauschen-in-der-stadtbibliothek-von-dienstag-den-11-mai-2021-bis-freitag-den-21-mai-2021\/","title":{"rendered":"Wurzelw\u00e4rme und Bl\u00e4tterrauschen in der Stadtbibliothek von Dienstag, den 11. Mai 2021, bis Freitag, den 21. Mai 2021"},"content":{"rendered":"\t\t<div data-elementor-type=\"wp-post\" data-elementor-id=\"137965\" class=\"elementor elementor-137965\">\n\t\t\t\t\t\t<section class=\"elementor-section elementor-top-section elementor-element elementor-element-678181b elementor-section-boxed elementor-section-height-default elementor-section-height-default\" data-id=\"678181b\" data-element_type=\"section\">\n\t\t\t\t\t\t<div class=\"elementor-container elementor-column-gap-default\">\n\t\t\t\t\t<div class=\"elementor-column elementor-col-50 elementor-top-column elementor-element elementor-element-6b34026\" data-id=\"6b34026\" data-element_type=\"column\">\n\t\t\t<div class=\"elementor-widget-wrap elementor-element-populated\">\n\t\t\t\t\t\t<div class=\"elementor-element elementor-element-5fea1cd elementor-widget elementor-widget-wp-widget-advads_ad_widget\" data-id=\"5fea1cd\" data-element_type=\"widget\" data-widget_type=\"wp-widget-advads_ad_widget.default\">\n\t\t\t\t<div class=\"elementor-widget-container\">\n\t\t\t<div id=\"regio-3699840285\"><div class=\"regio-adlabel\">Werbung<\/div><center><a href=\"https:\/\/a.partner-versicherung.de\/click.php?partner_id=19992&ad_id=1578&deep=kreditkarten\"  target=\"_blank\"><img decoding=\"async\" src=\"https:\/\/a.partner-versicherung.de\/view.php?partner_id=19992&ad_id=1578\" ><\/a><\/center><\/div>\t\t<\/div>\n\t\t\t\t<\/div>\n\t\t\t\t<div class=\"elementor-element elementor-element-443ab98 elementor-widget elementor-widget-text-editor\" data-id=\"443ab98\" data-element_type=\"widget\" data-widget_type=\"text-editor.default\">\n\t\t\t\t<div class=\"elementor-widget-container\">\n\t\t\t\t\t\t\t<h3>11. bis 21. Mai 2021 in der Stadtbibliothek<br \/>Projekt \u201eWurzelw\u00e4rme, Bl\u00e4tterrauschen\u201c<\/h3><p><span style=\"font-size: 12pt;\">Schwabach &#8211; Ob es wohl eine versteckte R\u00e4uberh\u00f6hle \u00e0 la \u201eRonja R\u00e4ubertochter\u201c geben wird? Noch wird nichts verraten. In jedem Fall verwandelt sich ein Teil der Kinder- und Jugendbibliothek im 2. Stock der Schwabacher Stadtbibliothek vom 11. bis 21. Mai 2021 in einen geheimnisvollen Zauberwald mit Buchstationen rund um das Thema Wald \u2013 \u00fcberall warten tolle Kinderromane, Fantasy-Literatur, kindgerechte Sachb\u00fccher auf hoffentlich zahlreiche Wald-Fans.<br \/><\/span><\/p><h3><span style=\"font-size: 12pt;\"><span style=\"font-size: 14pt;\">W\u00fcnsch Dir was\u2026.<\/span><br \/><\/span><\/h3><p><span style=\"font-size: 12pt;\">Alles gruppiert sich um einen \u201eWunschbaum\u201c herum, der kleinere und gr\u00f6\u00dfere Besucherinnen und Besucher einl\u00e4dt, ihm einen Wunsch anzuvertrauen. Daf\u00fcr liegen gr\u00fcne Bl\u00e4tter bereit, die beschriftet und am \u201eBaum\u201c befestigt werden k\u00f6nnen.<br \/><\/span><\/p><h3><span style=\"font-size: 12pt;\"><span style=\"font-size: 14pt;\">Abenteuer \u201eMagischer Waldparcours!\u201c &#8211; Unterwegs mit Tomti im Stadtwald \u201eBr\u00fcnst\u201c<\/span><br \/><\/span><\/h3><p><span style=\"font-size: 12pt;\">Jetzt geht es raus ins geheimnisvolle Gr\u00fcn. Der Stationen-Rundweg im nahegelegenen Stadtwald \u201eBr\u00fcnst\u201c ist mit Leseszenen aus dem Kinderbuch \u201eEin Baum f\u00fcr Tomti\u201c (ab 8 Jahren) von Nina Blazon, Fragen, Spielen und R\u00e4tseln rund um B\u00e4ume ausgelegt und beinhaltet auch einen Kreativteil mit Fundst\u00fccken aus dem Wald. <\/span><\/p><h3>Kurzfristige \u00c4nderung<\/h3><p><span style=\"font-size: 12pt;\">Kurzfristig hat sich das Team der Stadtbibliothek entschlossen, den urspr\u00fcnglich nur f\u00fcr Grundschulen vorgesehenen Waldparcours ab 13. Mai 2021 auch \u00f6ffentlich f\u00fcr Familien zum Download oder zum Mitnehmen in der Bibliothek bis zum Ende der Pfingstferien anzubieten.\u00a0<\/span><span style=\"font-size: 12pt;\">Bitte <strong>nicht vergessen<\/strong>, die magischen Wald-Kunstwerke zu fotografieren und uns zuzuschicken, an <a href=\"http:\/\/kiju@bibliothek@schwabach.de\" target=\"_blank\" rel=\"noopener\">kiju@bibliothek@schwabach.de<\/a>. Die Fotografien werden im 2. Stock ausgestellt. <br \/><\/span><\/p><p><span style=\"font-size: 12pt;\">Vorbereitend stand den Projektleiterinnen der Kinder- und Jugendbibliothek \u00fcbrigens Stadtf\u00f6rster Thomas Knotz zur Seite: Er begleitete einen Vorbereitungs-Wald-Erkundungsspaziergang durch den Stadtwald und erg\u00e4nzte die literarischen Waldideen mit umfangreichem Fachwissen.<br \/><\/span><\/p><h3><span style=\"font-size: 12pt;\"><span style=\"font-size: 14pt;\">Die Bl\u00e4tter rauschen auch im Internet<\/span><br \/><\/span><\/h3><p><span style=\"font-size: 12pt;\">Jeweils am Freitag werden besondere Wald-B\u00fccher f\u00fcr Kinder auf der Homepage der Stadtbibliothek unter <a href=\"http:\/\/www.schwabach.de\/stadtbibliothek\" target=\"_blank\" rel=\"noopener\">www.schwabach.de\/stadtbibliothek<\/a> vom Team der KiJu-Bibliothek vorgestellt.\u00a0<br \/><\/span><\/p><h3><span style=\"font-size: 12pt;\"><span style=\"font-size: 14pt;\">Nachhaltigkeit<\/span><br \/><\/span><\/h3><p><span style=\"font-size: 12pt;\">Wer Wald sagt, denkt mittlerweile auch Klima: W\u00e4hrend des Aktionszeitraums stillt zudem eine B\u00fccher-Ausstellung im 1.OG zum Thema \u201eNachhaltigkeit\u201c den Wissensdurst interessierter Besucherinnen und Besucher. <br \/><\/span><\/p><h3><span style=\"font-size: 12pt;\"><span style=\"font-size: 14pt;\">Wie es zu dem Projekt kam<\/span><br \/><\/span><\/h3><p><span style=\"font-size: 12pt;\">Das Thema \u201eWald\u201c war schon l\u00e4nger ein Wunschprojekt der Stadtbibliothek. So bot sich quasi eine Beteiligung an dem vom Netzwerk Bayerischer St\u00e4dte STADTKULTUR landesweit ausgeschriebenen Projekt \u201eWurzelw\u00e4rme, Bl\u00e4tterrauschen\u201c an. \u201eWurzelw\u00e4rme, Bl\u00e4tterrauschen\u201c soll der kulturell-\u00e4sthetischen sowie \u00f6kologischen Bildung von jungen Menschen dienen und geh\u00f6rt zu dem von STADTKULTUR f\u00fcr die Jahre 2021\/2022 gesetzten Programm \u201eKultur und Klima \u2013 den kulturellen Wandel gestalten\u201c.<br \/><\/span><\/p><p><span style=\"font-size: 12pt;\">Die Stadtbibliothek beteiligt sich an den bayernweiten Aktionen mit der eigenen Projektidee \u201eMagischer Wald! Baumgeister und andere fantastische Buchgestalten\u201c.<br \/>Bezuschusst wird das Projekt \u201eMagischer Wald!\u201c von STADTKULTUR Netzwerk Bayerischer St\u00e4dte e.V. aus Mitteln des Kulturfonds Bayern.<br \/><\/span><\/p><p><strong><span style=\"font-size: 12pt;\">WICHTIGER HINWEIS: Corona bedingt kann es zu \u00c4nderungen und Ausf\u00e4llen der angek\u00fcndigten Veranstaltungen kommen. Aktuelle\u00a0 Hinweise finden Sie auf <a href=\"http:\/\/www.schwabach.de\/stadtbibliothek\" target=\"_blank\" rel=\"noopener\">www.schwabach.de\/stadtbibliothek<\/a><\/span><\/strong><\/p><h3>Weiterf\u00fchrende Links:<\/h3><p><a href=\"https:\/\/www.schwabach.de\/de\/kultureinrichtung-stadtbibliothek\/stadtbibliothek.html\" target=\"_blank\" rel=\"noopener\"><span style=\"font-size: 12pt;\">Zur Homepage der Stadtbibliothek Schwabach geht es hier &#8230;<\/span><\/a><\/p>\t\t\t\t\t\t<\/div>\n\t\t\t\t<\/div>\n\t\t\t\t<div class=\"elementor-element elementor-element-7cc9469 elementor-widget elementor-widget-shortcode\" data-id=\"7cc9469\" data-element_type=\"widget\" data-widget_type=\"shortcode.default\">\n\t\t\t\t<div class=\"elementor-widget-container\">\n\t\t\t\t\t<div class=\"elementor-shortcode\"><!-- Beginn https:\/\/www.financeads.net\/-Code --><a href=\"https:\/\/www.financeads.net\/tc.php?t=36648C38513858B\" target=\"_blank\"><center><img decoding=\"async\" src=\"https:\/\/www.financeads.net\/tb.php?t=36648V38513858B&https=1\" alt=\"\" border=\"0\" width=\"468\" height=\"60\"><\/a><!-- Ende https:\/\/www.financeads.net\/-Code --><\/div>\n\t\t\t\t<\/div>\n\t\t\t\t<\/div>\n\t\t\t\t<div class=\"elementor-element elementor-element-0c834d7 elementor-widget-divider--view-line elementor-widget elementor-widget-divider\" data-id=\"0c834d7\" data-element_type=\"widget\" data-widget_type=\"divider.default\">\n\t\t\t\t<div class=\"elementor-widget-container\">\n\t\t\t\t\t<div class=\"elementor-divider\">\n\t\t\t<span class=\"elementor-divider-separator\">\n\t\t\t\t\t\t<\/span>\n\t\t<\/div>\n\t\t\t\t<\/div>\n\t\t\t\t<\/div>\n\t\t\t\t<div class=\"elementor-element elementor-element-325f51f elementor-widget elementor-widget-google_maps\" data-id=\"325f51f\" data-element_type=\"widget\" data-widget_type=\"google_maps.default\">\n\t\t\t\t<div class=\"elementor-widget-container\">\n\t\t\t\t\t<div class=\"elementor-custom-embed\">\n\t\t\t<iframe loading=\"lazy\"\n\t\t\t\t\tsrc=\"https:\/\/maps.google.com\/maps?q=K%C3%B6nigsplatz%2029a%2C%20Schwabach%2C%20Deutschland&#038;t=m&#038;z=17&#038;output=embed&#038;iwloc=near\"\n\t\t\t\t\ttitle=\"K\u00f6nigsplatz 29a, Schwabach, Deutschland\"\n\t\t\t\t\taria-label=\"K\u00f6nigsplatz 29a, Schwabach, Deutschland\"\n\t\t\t><\/iframe>\n\t\t<\/div>\n\t\t\t\t<\/div>\n\t\t\t\t<\/div>\n\t\t\t\t\t<\/div>\n\t\t<\/div>\n\t\t\t\t<div class=\"elementor-column elementor-col-50 elementor-top-column elementor-element elementor-element-f141625\" data-id=\"f141625\" data-element_type=\"column\">\n\t\t\t<div class=\"elementor-widget-wrap elementor-element-populated\">\n\t\t\t\t\t\t<div class=\"elementor-element elementor-element-aa635e8 elementor-widget elementor-widget-heading\" data-id=\"aa635e8\" data-element_type=\"widget\" data-widget_type=\"heading.default\">\n\t\t\t\t<div class=\"elementor-widget-container\">\n\t\t\t<h3 class=\"elementor-heading-title elementor-size-default\">Schnell vergleichen und sparen!<\/h3>\t\t<\/div>\n\t\t\t\t<\/div>\n\t\t\t\t<div class=\"elementor-element elementor-element-380778c elementor-widget elementor-widget-wp-widget-advads_ad_widget\" data-id=\"380778c\" data-element_type=\"widget\" data-widget_type=\"wp-widget-advads_ad_widget.default\">\n\t\t\t\t<div class=\"elementor-widget-container\">\n\t\t\t<div id=\"regio-1582478335\"><div class=\"regio-adlabel\">Werbung<\/div><!-- Beginn https:\/\/www.financeads.net\/-Code --><a href=\"https:\/\/www.financeads.net\/tc.php?t=36648C236142529B\" target=\"_blank\"><img fetchpriority=\"high\" decoding=\"async\" src=\"https:\/\/www.financeads.net\/tb.php?t=36648V236142529B&https=1\" alt=\"\" border=\"0\" width=\"300\" height=\"250\"><\/a><!-- Ende https:\/\/www.financeads.net\/-Code --><\/div>\t\t<\/div>\n\t\t\t\t<\/div>\n\t\t\t\t<div class=\"elementor-element elementor-element-bd26aa5 elementor-widget elementor-widget-wp-widget-advads_ad_widget\" data-id=\"bd26aa5\" data-element_type=\"widget\" data-widget_type=\"wp-widget-advads_ad_widget.default\">\n\t\t\t\t<div class=\"elementor-widget-container\">\n\t\t\t<div id=\"regio-97405583\"><div class=\"regio-adlabel\">Werbung<\/div><!-- Beginn https:\/\/www.financeads.net\/-Code --><a href=\"https:\/\/www.financeads.net\/tc.php?t=36648C42614510B\" target=\"_blank\"><img decoding=\"async\" src=\"https:\/\/www.financeads.net\/tb.php?t=36648V42614510B&https=1\" alt=\"\" border=\"0\" width=\"200\" height=\"300\"><\/a><!-- Ende https:\/\/www.financeads.net\/-Code --><\/div>\t\t<\/div>\n\t\t\t\t<\/div>\n\t\t\t\t<div class=\"elementor-element elementor-element-abfc6b5 elementor-widget elementor-widget-wp-widget-advads_ad_widget\" data-id=\"abfc6b5\" data-element_type=\"widget\" data-widget_type=\"wp-widget-advads_ad_widget.default\">\n\t\t\t\t<div class=\"elementor-widget-container\">\n\t\t\t<div id=\"regio-3507242090\"><div class=\"regio-adlabel\">Werbung<\/div><!-- Beginn https:\/\/www.financeads.net\/-Code --><a href=\"https:\/\/www.financeads.net\/tc.php?t=36648C205040072B\" target=\"_blank\"><img loading=\"lazy\" decoding=\"async\" src=\"https:\/\/www.financeads.net\/tb.php?t=36648V205040072B&https=1\" alt=\"\" border=\"0\" width=\"300\" height=\"250\"><\/a><!-- Ende https:\/\/www.financeads.net\/-Code --><\/div>\t\t<\/div>\n\t\t\t\t<\/div>\n\t\t\t\t<div class=\"elementor-element elementor-element-9b68655 elementor-widget elementor-widget-wp-widget-advads_ad_widget\" data-id=\"9b68655\" data-element_type=\"widget\" data-widget_type=\"wp-widget-advads_ad_widget.default\">\n\t\t\t\t<div class=\"elementor-widget-container\">\n\t\t\t<div id=\"regio-3822735036\"><div class=\"regio-adlabel\">Werbung<\/div><!-- Beginn https:\/\/www.financeads.net\/-Code --><a href=\"https:\/\/www.financeads.net\/tc.php?t=36648C271460142B\" target=\"_blank\"><img loading=\"lazy\" decoding=\"async\" src=\"https:\/\/www.financeads.net\/tb.php?t=36648V271460142B&https=1\" alt=\"PETPROTECT_Hund&Katze_Banner\" border=\"0\" width=\"250\" height=\"250\"><\/a><!-- Ende https:\/\/www.financeads.net\/-Code --><\/div>\t\t<\/div>\n\t\t\t\t<\/div>\n\t\t\t\t\t<\/div>\n\t\t<\/div>\n\t\t\t\t\t<\/div>\n\t\t<\/section>\n\t\t\t\t<\/div>\n\t\t","protected":false},"excerpt":{"rendered":"<div class=\"mh-excerpt\"><p>11. bis 21. Mai 2021 in der Stadtbibliothek Projekt \u201eWurzelw\u00e4rme, Bl\u00e4tterrauschen\u201c Schwabach &#8211; Ob es wohl eine versteckte R\u00e4uberh\u00f6hle \u00e0 la \u201eRonja R\u00e4ubertochter\u201c geben wird? Noch wird nichts verraten. In jedem Fall verwandelt sich ein <a class=\"mh-excerpt-more\" href=\"https:\/\/www.region-schwabach.de\/wordpress\/wurzelwarme-und-blatterrauschen-in-der-stadtbibliothek-von-dienstag-den-11-mai-2021-bis-freitag-den-21-mai-2021\/\" title=\"Wurzelw\u00e4rme und Bl\u00e4tterrauschen in der Stadtbibliothek von Dienstag, den 11. Mai 2021, bis Freitag, den 21. Mai 2021\">[&#8230;]<\/a><\/p>\n<\/div>","protected":false},"author":1,"featured_media":137966,"comment_status":"open","ping_status":"open","sticky":false,"template":"","format":"standard","meta":{"_cbd_carousel_blocks":"[]","footnotes":""},"categories":[16,1,287,61],"tags":[15507,15499,15501,15505,15503,522,15502,1480,19,2555,15506,15500,15498,15504],"class_list":{"0":"post-137965","1":"post","2":"type-post","3":"status-publish","4":"format-standard","5":"has-post-thumbnail","7":"category-aktuell","8":"category-allgemein","9":"category-jugend-und-familie","10":"category-rathaus","11":"tag-magischer-waldparcours","12":"tag-11-bis-21-mai-2021","13":"tag-blaetterrauschen","14":"tag-buchstationen","15":"tag-kinder-und-jugendbibliothek","16":"tag-koenigsplatz","17":"tag-projekt","18":"tag-rathaus","19":"tag-schwabach","20":"tag-stadtbibliothek","21":"tag-wunschbaum","22":"tag-wurzelwaerme","23":"tag-wurzelwaerme-und-blaetterrauschen","24":"tag-zauberwald"},"_links":{"self":[{"href":"https:\/\/www.region-schwabach.de\/wordpress\/wp-json\/wp\/v2\/posts\/137965","targetHints":{"allow":["GET"]}}],"collection":[{"href":"https:\/\/www.region-schwabach.de\/wordpress\/wp-json\/wp\/v2\/posts"}],"about":[{"href":"https:\/\/www.region-schwabach.de\/wordpress\/wp-json\/wp\/v2\/types\/post"}],"author":[{"embeddable":true,"href":"https:\/\/www.region-schwabach.de\/wordpress\/wp-json\/wp\/v2\/users\/1"}],"replies":[{"embeddable":true,"href":"https:\/\/www.region-schwabach.de\/wordpress\/wp-json\/wp\/v2\/comments?post=137965"}],"version-history":[{"count":0,"href":"https:\/\/www.region-schwabach.de\/wordpress\/wp-json\/wp\/v2\/posts\/137965\/revisions"}],"wp:featuredmedia":[{"embeddable":true,"href":"https:\/\/www.region-schwabach.de\/wordpress\/wp-json\/wp\/v2\/media\/137966"}],"wp:attachment":[{"href":"https:\/\/www.region-schwabach.de\/wordpress\/wp-json\/wp\/v2\/media?parent=137965"}],"wp:term":[{"taxonomy":"category","embeddable":true,"href":"https:\/\/www.region-schwabach.de\/wordpress\/wp-json\/wp\/v2\/categories?post=137965"},{"taxonomy":"post_tag","embeddable":true,"href":"https:\/\/www.region-schwabach.de\/wordpress\/wp-json\/wp\/v2\/tags?post=137965"}],"curies":[{"name":"wp","href":"https:\/\/api.w.org\/{rel}","templated":true}]}}