{"id":1385,"date":"2017-05-19T12:08:28","date_gmt":"2017-05-19T10:08:28","guid":{"rendered":"http:\/\/www.region-schwabach.de\/wordpress\/?p=1385"},"modified":"2018-07-30T09:46:21","modified_gmt":"2018-07-30T07:46:21","slug":"sperrung-suedliche-ringstrasse-am-29-mai","status":"publish","type":"post","link":"https:\/\/www.region-schwabach.de\/wordpress\/sperrung-suedliche-ringstrasse-am-29-mai\/","title":{"rendered":"Sperrung S\u00fcdliche Ringstra\u00dfe am 29. Mai"},"content":{"rendered":"\t\t<div data-elementor-type=\"wp-post\" data-elementor-id=\"1385\" class=\"elementor elementor-1385 elementor-bc-flex-widget\">\n\t\t\t\t\t\t<section class=\"elementor-section elementor-top-section elementor-element elementor-element-1dzeyuh elementor-section-boxed elementor-section-height-default elementor-section-height-default\" data-id=\"1dzeyuh\" data-element_type=\"section\">\n\t\t\t\t\t\t<div class=\"elementor-container elementor-column-gap-default\">\n\t\t\t\t\t<div class=\"elementor-column elementor-col-66 elementor-top-column elementor-element elementor-element-aam59ft\" data-id=\"aam59ft\" data-element_type=\"column\">\n\t\t\t<div class=\"elementor-widget-wrap elementor-element-populated\">\n\t\t\t\t\t\t<div class=\"elementor-element elementor-element-k9p1oyc elementor-widget elementor-widget-text-editor\" data-id=\"k9p1oyc\" data-element_type=\"widget\" data-widget_type=\"text-editor.default\">\n\t\t\t\t<div class=\"elementor-widget-container\">\n\t\t\t\t\t\t\t<h3>Sperrung\u00a0S\u00fcdliche Ringstra\u00dfe am 29.05.2017<\/h3><p>Am Montag, den 29.05.2017 kommt es zur Sperrung der S\u00fcdlichen Ringstra\u00dfe zwischen der Kreuzung Rathausgasse \/ Schillerstra\u00dfe und der Einm\u00fcndung in die Eisentrautstra\u00dfe.<\/p><h3>Sperrung wegen Abbau eines Baukrans<\/h3><p>Grund ist der Abbau eine Baukrans in diesem Abschnitt.<\/p><h3>Sperrung erfolgt nur in Fahrtrichtung N\u00fcrnberg<\/h3><p>Betroffen ist der Verkehr in Fahrtrichtung N\u00fcrnberg, w\u00e4hrend der Bereich in der Gegenrichtung weiterhin befahrbar ist.<\/p><h3>Ausgeschilderte Umleitung\u00a0<\/h3><p>Eine\u00a0Umleitung \u00a0wird \u00fcber die Schillerstra\u00dfe, Hindenburgstra\u00dfe und Birkenstra\u00dfe eingerichtet.<\/p>\t\t\t\t\t\t<\/div>\n\t\t\t\t<\/div>\n\t\t\t\t<div class=\"elementor-element elementor-element-rf47wqh elementor-widget elementor-widget-google_maps\" data-id=\"rf47wqh\" data-element_type=\"widget\" data-widget_type=\"google_maps.default\">\n\t\t\t\t<div class=\"elementor-widget-container\">\n\t\t\t\t\t<div class=\"elementor-custom-embed\">\n\t\t\t<iframe loading=\"lazy\"\n\t\t\t\t\tsrc=\"https:\/\/maps.google.com\/maps?q=S%C3%BCdliche%20Ringstra%C3%9Fe%2C%20Schwabach%2C%20Deutschland&#038;t=m&#038;z=15&#038;output=embed&#038;iwloc=near\"\n\t\t\t\t\ttitle=\"S\u00fcdliche Ringstra\u00dfe, Schwabach, Deutschland\"\n\t\t\t\t\taria-label=\"S\u00fcdliche Ringstra\u00dfe, Schwabach, Deutschland\"\n\t\t\t><\/iframe>\n\t\t<\/div>\n\t\t\t\t<\/div>\n\t\t\t\t<\/div>\n\t\t\t\t\t<\/div>\n\t\t<\/div>\n\t\t\t\t<div class=\"elementor-column elementor-col-33 elementor-top-column elementor-element elementor-element-uferl75\" data-id=\"uferl75\" data-element_type=\"column\">\n\t\t\t<div class=\"elementor-widget-wrap elementor-element-populated\">\n\t\t\t\t\t\t<div class=\"elementor-element elementor-element-xuttsc2 elementor-widget elementor-widget-image\" data-id=\"xuttsc2\" data-element_type=\"widget\" data-widget_type=\"image.default\">\n\t\t\t\t<div class=\"elementor-widget-container\">\n\t\t\t\t\t\t\t\t\t\t\t\t\t<img decoding=\"async\" src=\"https:\/\/www.region-schwabach.de\/wordpress\/wp-content\/uploads\/elementor\/thumbs\/Platz-f\u00fcr-Werbung-ns0l3v1506b3v0tdp6da81x6usx9ugc799rfpi3h4g.jpg\" title=\"Platz f\u00fcr Werbung\" alt=\"Platz f\u00fcr Werbung\" loading=\"lazy\" \/>\t\t\t\t\t\t\t\t\t\t\t\t\t<\/div>\n\t\t\t\t<\/div>\n\t\t\t\t\t<\/div>\n\t\t<\/div>\n\t\t\t\t\t<\/div>\n\t\t<\/section>\n\t\t\t\t<\/div>\n\t\t","protected":false},"excerpt":{"rendered":"<div class=\"mh-excerpt\"><p>Sperrung\u00a0S\u00fcdliche Ringstra\u00dfe am 29.05.2017 Am Montag, den 29.05.2017 kommt es zur Sperrung der S\u00fcdlichen Ringstra\u00dfe zwischen der Kreuzung Rathausgasse \/ Schillerstra\u00dfe und der Einm\u00fcndung in die Eisentrautstra\u00dfe. Sperrung wegen Abbau eines Baukrans Grund ist der <a class=\"mh-excerpt-more\" href=\"https:\/\/www.region-schwabach.de\/wordpress\/sperrung-suedliche-ringstrasse-am-29-mai\/\" title=\"Sperrung S\u00fcdliche Ringstra\u00dfe am 29. Mai\">[&#8230;]<\/a><\/p>\n<\/div>","protected":false},"author":1,"featured_media":1386,"comment_status":"open","ping_status":"open","sticky":false,"template":"template-full.php","format":"standard","meta":{"_cbd_carousel_blocks":"[]","footnotes":""},"categories":[16,14],"tags":[70,69,67,68,71,66],"class_list":{"0":"post-1385","1":"post","2":"type-post","3":"status-publish","4":"format-standard","5":"has-post-thumbnail","7":"category-aktuell","8":"category-verkehrsinfos","9":"tag-baukran","10":"tag-einsentrautstrasse","11":"tag-rathausgasse","12":"tag-schillerstrasse","13":"tag-strassensperre","14":"tag-suedliche-ringstrasse"},"_links":{"self":[{"href":"https:\/\/www.region-schwabach.de\/wordpress\/wp-json\/wp\/v2\/posts\/1385","targetHints":{"allow":["GET"]}}],"collection":[{"href":"https:\/\/www.region-schwabach.de\/wordpress\/wp-json\/wp\/v2\/posts"}],"about":[{"href":"https:\/\/www.region-schwabach.de\/wordpress\/wp-json\/wp\/v2\/types\/post"}],"author":[{"embeddable":true,"href":"https:\/\/www.region-schwabach.de\/wordpress\/wp-json\/wp\/v2\/users\/1"}],"replies":[{"embeddable":true,"href":"https:\/\/www.region-schwabach.de\/wordpress\/wp-json\/wp\/v2\/comments?post=1385"}],"version-history":[{"count":0,"href":"https:\/\/www.region-schwabach.de\/wordpress\/wp-json\/wp\/v2\/posts\/1385\/revisions"}],"wp:featuredmedia":[{"embeddable":true,"href":"https:\/\/www.region-schwabach.de\/wordpress\/wp-json\/wp\/v2\/media\/1386"}],"wp:attachment":[{"href":"https:\/\/www.region-schwabach.de\/wordpress\/wp-json\/wp\/v2\/media?parent=1385"}],"wp:term":[{"taxonomy":"category","embeddable":true,"href":"https:\/\/www.region-schwabach.de\/wordpress\/wp-json\/wp\/v2\/categories?post=1385"},{"taxonomy":"post_tag","embeddable":true,"href":"https:\/\/www.region-schwabach.de\/wordpress\/wp-json\/wp\/v2\/tags?post=1385"}],"curies":[{"name":"wp","href":"https:\/\/api.w.org\/{rel}","templated":true}]}}