{"id":138537,"date":"2021-06-20T01:15:00","date_gmt":"2021-06-19T23:15:00","guid":{"rendered":"https:\/\/www.region-schwabach.de\/wordpress\/?p=138537"},"modified":"2021-06-20T11:04:18","modified_gmt":"2021-06-20T09:04:18","slug":"schnuppertage-an-der-schwabacher-musikschule-am-19-und-20-juni-2021","status":"publish","type":"post","link":"https:\/\/www.region-schwabach.de\/wordpress\/schnuppertage-an-der-schwabacher-musikschule-am-19-und-20-juni-2021\/","title":{"rendered":"Schnuppertage an der Schwabacher Musikschule am 19. und 20. Juni 2021"},"content":{"rendered":"\t\t<div data-elementor-type=\"wp-post\" data-elementor-id=\"138537\" class=\"elementor elementor-138537\">\n\t\t\t\t\t\t<section class=\"elementor-section elementor-top-section elementor-element elementor-element-tlus4ia elementor-section-boxed elementor-section-height-default elementor-section-height-default\" data-id=\"tlus4ia\" data-element_type=\"section\">\n\t\t\t\t\t\t<div class=\"elementor-container elementor-column-gap-default\">\n\t\t\t\t\t<div class=\"elementor-column elementor-col-66 elementor-top-column elementor-element elementor-element-sphcucl\" data-id=\"sphcucl\" data-element_type=\"column\">\n\t\t\t<div class=\"elementor-widget-wrap elementor-element-populated\">\n\t\t\t\t\t\t<div class=\"elementor-element elementor-element-4f2h2af elementor-widget elementor-widget-text-editor\" data-id=\"4f2h2af\" data-element_type=\"widget\" data-widget_type=\"text-editor.default\">\n\t\t\t\t<div class=\"elementor-widget-container\">\n\t\t\t\t\t\t\t<h3>Schnuppertage in der Adolph von Henselt Musikschule<br \/>Samstag, den 19. Juni 2021, und Sonntag, den 20. Juni 2021, von 10.00 Uhr bis 16.00 Uhr<\/h3><p><span style=\"font-size: 12pt;\">Schwabach &#8211; Immer mehr Kinder und Erwachsene m\u00f6chten gerne ein Instrument lernen, und stehen oft vor der schweren Wahl, welches Instrument das Richtige ist.<\/span><\/p><h3>Ein Musikinstrument lernen?<\/h3><p><span style=\"font-size: 12pt;\">Genau deshalb veranstaltet die Adolph von Henselt-Musikschule am Samstag und Sonntag, von 10.00 Uhr bis 16.00 Uhr zwei sog. Schnuppertage, an dem Gro\u00df und Klein die Lehrer und die R\u00e4umlichkeiten der Musikschule erkunden, die verschiedenen Instrumente begutachten und testen k\u00f6nnen, und sich so vielleicht etwas leichter bei ihrer Instrumentenwahl tun.<\/span><\/p><h3>Schon einmal ein Instrument gespielt?<\/h3><p><span style=\"font-size: 12pt;\">Und wer vielleicht schon einmal ein Instrument gespielt hat, hat die M\u00f6glichkeit mit den Lehrkr\u00e4ften \u00fcber eine Auffrischung seiner Kenntnisse zu reden.<\/span><\/p><p><span style=\"font-size: 12pt;\">Aufgrund der Corona-Hygienebestimmungen wird um eine <b>Anmeldung<\/b> unter <span id=\"cloak10eb7c0cb9c2473915e93d02bf4d9310\"><a href=\"mailto:musikschule@schwabach.de\" target=\"_blank\" rel=\"noopener\">musikschule@schwabach.de<\/a><\/span> oder unter 09122 836 706 gebeten.<\/span><\/p><h3>Weiterf\u00fchrende Links:<\/h3><p><span style=\"font-size: 12pt;\"><a href=\"https:\/\/www.schwabach.de\/de\/kulturportal-musikschule\/musikschule.html\" target=\"_blank\" rel=\"noopener\">Zur Homepage der Adolph von Henselt-Musikschule geht es hier &#8230;<\/a><\/span><\/p>\t\t\t\t\t\t<\/div>\n\t\t\t\t<\/div>\n\t\t\t\t<div class=\"elementor-element elementor-element-39c5f74 elementor-widget elementor-widget-google_maps\" data-id=\"39c5f74\" data-element_type=\"widget\" data-widget_type=\"google_maps.default\">\n\t\t\t\t<div class=\"elementor-widget-container\">\n\t\t\t\t\t<div class=\"elementor-custom-embed\">\n\t\t\t<iframe loading=\"lazy\"\n\t\t\t\t\tsrc=\"https:\/\/maps.google.com\/maps?q=Wittelsbacherstra%C3%9Fe%201%2C%20Schwabach%2C%20Deutschland&#038;t=m&#038;z=17&#038;output=embed&#038;iwloc=near\"\n\t\t\t\t\ttitle=\"Wittelsbacherstra\u00dfe 1, Schwabach, Deutschland\"\n\t\t\t\t\taria-label=\"Wittelsbacherstra\u00dfe 1, Schwabach, Deutschland\"\n\t\t\t><\/iframe>\n\t\t<\/div>\n\t\t\t\t<\/div>\n\t\t\t\t<\/div>\n\t\t\t\t\t<\/div>\n\t\t<\/div>\n\t\t\t\t<div class=\"elementor-column elementor-col-33 elementor-top-column elementor-element elementor-element-flkv3o5\" data-id=\"flkv3o5\" data-element_type=\"column\">\n\t\t\t<div class=\"elementor-widget-wrap elementor-element-populated\">\n\t\t\t\t\t\t<div class=\"elementor-element elementor-element-bpvimlk elementor-widget elementor-widget-image\" data-id=\"bpvimlk\" data-element_type=\"widget\" data-widget_type=\"image.default\">\n\t\t\t\t<div class=\"elementor-widget-container\">\n\t\t\t\t\t\t\t\t\t\t\t\t\t\t<a href=\"http:\/\/www.region-schwabach.de\/wordpress\/werben-auf-region-schwabach\/\" target=\"_blank\">\n\t\t\t\t\t\t\t<img fetchpriority=\"high\" decoding=\"async\" width=\"1024\" height=\"1024\" src=\"https:\/\/www.region-schwabach.de\/wordpress\/wp-content\/uploads\/2017\/06\/werbung8-1024x1024.png\" class=\"attachment-large size-large wp-image-2484\" alt=\"\" srcset=\"https:\/\/www.region-schwabach.de\/wordpress\/wp-content\/uploads\/2017\/06\/werbung8-1024x1024.png 1024w, https:\/\/www.region-schwabach.de\/wordpress\/wp-content\/uploads\/2017\/06\/werbung8-150x150.png 150w, https:\/\/www.region-schwabach.de\/wordpress\/wp-content\/uploads\/2017\/06\/werbung8-300x300.png 300w, https:\/\/www.region-schwabach.de\/wordpress\/wp-content\/uploads\/2017\/06\/werbung8-768x768.png 768w, https:\/\/www.region-schwabach.de\/wordpress\/wp-content\/uploads\/2017\/06\/werbung8-600x600.png 600w, https:\/\/www.region-schwabach.de\/wordpress\/wp-content\/uploads\/2017\/06\/werbung8.png 1200w\" sizes=\"(max-width: 1024px) 100vw, 1024px\" \/>\t\t\t\t\t\t\t\t<\/a>\n\t\t\t\t\t\t\t\t\t\t\t\t\t<\/div>\n\t\t\t\t<\/div>\n\t\t\t\t\t<\/div>\n\t\t<\/div>\n\t\t\t\t\t<\/div>\n\t\t<\/section>\n\t\t\t\t<\/div>\n\t\t","protected":false},"excerpt":{"rendered":"<div class=\"mh-excerpt\"><p>Schnuppertage in der Adolph von Henselt Musikschule Samstag, den 19. Juni 2021, und Sonntag, den 20. Juni 2021, von 10.00 Uhr bis 16.00 Uhr Schwabach &#8211; Immer mehr Kinder und Erwachsene m\u00f6chten gerne ein Instrument <a class=\"mh-excerpt-more\" href=\"https:\/\/www.region-schwabach.de\/wordpress\/schnuppertage-an-der-schwabacher-musikschule-am-19-und-20-juni-2021\/\" title=\"Schnuppertage an der Schwabacher Musikschule am 19. und 20. Juni 2021\">[&#8230;]<\/a><\/p>\n<\/div>","protected":false},"author":1,"featured_media":31554,"comment_status":"open","ping_status":"open","sticky":false,"template":"","format":"standard","meta":{"_cbd_carousel_blocks":"[]","footnotes":""},"categories":[16,1,79,61],"tags":[15578,15580,15579,15581,3146,38,3144,3145,19,2678],"class_list":{"0":"post-138537","1":"post","2":"type-post","3":"status-publish","4":"format-standard","5":"has-post-thumbnail","7":"category-aktuell","8":"category-allgemein","9":"category-politik","10":"category-rathaus","11":"tag-19-juni-2021","12":"tag-19-06-2021","13":"tag-20-juni-2021","14":"tag-20-06-2021","15":"tag-instrument","16":"tag-mai","17":"tag-musikschule","18":"tag-schnuppertag","19":"tag-schwabach","20":"tag-wittelsbacherstrasse"},"_links":{"self":[{"href":"https:\/\/www.region-schwabach.de\/wordpress\/wp-json\/wp\/v2\/posts\/138537","targetHints":{"allow":["GET"]}}],"collection":[{"href":"https:\/\/www.region-schwabach.de\/wordpress\/wp-json\/wp\/v2\/posts"}],"about":[{"href":"https:\/\/www.region-schwabach.de\/wordpress\/wp-json\/wp\/v2\/types\/post"}],"author":[{"embeddable":true,"href":"https:\/\/www.region-schwabach.de\/wordpress\/wp-json\/wp\/v2\/users\/1"}],"replies":[{"embeddable":true,"href":"https:\/\/www.region-schwabach.de\/wordpress\/wp-json\/wp\/v2\/comments?post=138537"}],"version-history":[{"count":0,"href":"https:\/\/www.region-schwabach.de\/wordpress\/wp-json\/wp\/v2\/posts\/138537\/revisions"}],"wp:featuredmedia":[{"embeddable":true,"href":"https:\/\/www.region-schwabach.de\/wordpress\/wp-json\/wp\/v2\/media\/31554"}],"wp:attachment":[{"href":"https:\/\/www.region-schwabach.de\/wordpress\/wp-json\/wp\/v2\/media?parent=138537"}],"wp:term":[{"taxonomy":"category","embeddable":true,"href":"https:\/\/www.region-schwabach.de\/wordpress\/wp-json\/wp\/v2\/categories?post=138537"},{"taxonomy":"post_tag","embeddable":true,"href":"https:\/\/www.region-schwabach.de\/wordpress\/wp-json\/wp\/v2\/tags?post=138537"}],"curies":[{"name":"wp","href":"https:\/\/api.w.org\/{rel}","templated":true}]}}