{"id":138633,"date":"2021-05-23T01:15:00","date_gmt":"2021-05-22T23:15:00","guid":{"rendered":"https:\/\/www.region-schwabach.de\/wordpress\/?p=138633"},"modified":"2021-05-23T09:21:14","modified_gmt":"2021-05-23T07:21:14","slug":"judisches-museum-franken-in-schwabach-an-pfingsten-2021-besuchen","status":"publish","type":"post","link":"https:\/\/www.region-schwabach.de\/wordpress\/judisches-museum-franken-in-schwabach-an-pfingsten-2021-besuchen\/","title":{"rendered":"J\u00fcdisches Museum Franken in Schwabach an Pfingsten 2021 besuchen"},"content":{"rendered":"\t\t<div data-elementor-type=\"wp-post\" data-elementor-id=\"138633\" class=\"elementor elementor-138633\">\n\t\t\t\t\t\t<section class=\"elementor-section elementor-top-section elementor-element elementor-element-678181b elementor-section-boxed elementor-section-height-default elementor-section-height-default\" data-id=\"678181b\" data-element_type=\"section\">\n\t\t\t\t\t\t<div class=\"elementor-container elementor-column-gap-default\">\n\t\t\t\t\t<div class=\"elementor-column elementor-col-50 elementor-top-column elementor-element elementor-element-6b34026\" data-id=\"6b34026\" data-element_type=\"column\">\n\t\t\t<div class=\"elementor-widget-wrap elementor-element-populated\">\n\t\t\t\t\t\t<div class=\"elementor-element elementor-element-e3fa2ca elementor-widget elementor-widget-wp-widget-advads_ad_widget\" data-id=\"e3fa2ca\" data-element_type=\"widget\" data-widget_type=\"wp-widget-advads_ad_widget.default\">\n\t\t\t\t<div class=\"elementor-widget-container\">\n\t\t\t<div id=\"regio-2702412870\"><div class=\"regio-adlabel\">Werbung<\/div><center><a href=\"https:\/\/a.partner-versicherung.de\/click.php?partner_id=19992&ad_id=1578&deep=kreditkarten\"  target=\"_blank\"><img decoding=\"async\" src=\"https:\/\/a.partner-versicherung.de\/view.php?partner_id=19992&ad_id=1578\" ><\/a><\/center><\/div>\t\t<\/div>\n\t\t\t\t<\/div>\n\t\t\t\t<div class=\"elementor-element elementor-element-443ab98 elementor-widget elementor-widget-text-editor\" data-id=\"443ab98\" data-element_type=\"widget\" data-widget_type=\"text-editor.default\">\n\t\t\t\t<div class=\"elementor-widget-container\">\n\t\t\t\t\t\t\t<h3>J\u00fcdisches Museum in Schwabach am Sonntag, den 23. Mai 2021, und am Montag, den 24. Mai 2021, mit Termin wieder besuchbar<\/h3><p><span style=\"font-size: 12pt;\">Schwabach &#8211; Das J\u00fcdische Museum Franken \u00f6ffnet das Schwabacher Haus in der Synagogengasse am Sonntag, den 23. Mai 2021, und am Montag, den 24. Mai 2021. Besucher*innen k\u00f6nnen hierf\u00fcr wieder Zeitfenster buchen.\u00a0<\/span><\/p><p><span style=\"font-size: 12pt;\">Moses L\u00f6w Koppel kaufte 1795 das Wohnhaus, in dem sich das JMF Schwabach heute befindet, lie\u00df es renovieren und ausbauen. An der Nordseite richtete er eine Laubh\u00fctte mit Wandmalereien ein. Rund 200 Jahre sp\u00e4ter entdeckten Handwerker bei Renovierungsarbeiten die Fresken. Dieser sensationelle Fund war der Grund f\u00fcr die Errichtung dieses Museums. Begeben Sie sich im JMF Schwabach am authentischen Ort auf Entdeckungstour rund um die Familie Koppel und das j\u00fcdische Leben in Schwabach.<\/span><\/p><h3>Noch keine F\u00fchrungen m\u00f6glich<\/h3><p><span style=\"font-size: 12pt;\">Leider sind aktuell noch keine F\u00fchrungen m\u00f6glich. Allerdings stehen wir auch hier in den Startl\u00f6chern! Voraussichtlich am 06.06.2021 wird es wieder eine offene Sonntagsf\u00fchrung im Au\u00dfenbereich geben.<\/span><\/p><p><span style=\"font-size: 12pt;\">Besucher*innen m\u00fcssen f\u00fcr ihren Ausflug ins Museum ein Zeitfenster per Email buchen. Buchungen f\u00fcr Sonntag\/Montag nimmt das Museum bis Freitag, 15.00 Uhr \u00fcber die eMail-adresse <a href=\"mailto:schwabach@juedisches-museum.org\" target=\"_blank\" rel=\"noopener\">schwabach@juedisches-museum.org<\/a> entgegen.<\/span><\/p><p><span style=\"font-size: 12pt;\">Das J\u00fcdische Museum Franken aktualisiert laufend alle wichtigen Informationen rund um den Besuch auf der Startseite seiner Website. Auch angek\u00fcndigte Veranstaltungen, die aufgrund der Pandemieentwicklung abgesagt werden m\u00fcssen, werden hier ver\u00f6ffentlicht: <a href=\"http:\/\/www.juedisches-museum.org\" target=\"_blank\" rel=\"noopener\">http:\/\/www.juedisches-museum.org<\/a><\/span><\/p><h3>Zeitfenster buchen f\u00fcr Sonntagsausfl\u00fcge ins J\u00fcdische Museum Franken<\/h3><p><span style=\"font-size: 12pt;\">Alle Buchungen bitte zwischen Montag und Freitag (bis 15.00 Uhr) vornehmen!<\/span><\/p><p><span style=\"font-size: 12pt;\">JMF in SCHWABACH <a href=\"mailto:schwabach@juedisches-museum.org\" target=\"_blank\" rel=\"noopener\">schwabach@juedisches-museum.org<\/a><\/span><\/p><h3>\u00d6ffnungszeiten w\u00e4hrend der Corona-Pandemie:<\/h3><p><span style=\"font-size: 12pt;\">\u00d6ffnungszeiten: Sonntag, 12.00 Uhr &#8211; 17.00 Uhr<\/span><\/p><p><a href=\"http:\/\/www.juedisches-museum.org\/judisches-museum-franken-in-schwabach\/\" target=\"_blank\" rel=\"noopener\"><span style=\"font-size: 12pt;\">Hier geht&#8217;s zur Homepage vom JMF Schwabach &#8230;<\/span><\/a><\/p><p><span style=\"font-size: 12pt;\"><strong>BILDNACHWEIS:<\/strong> Blick in die Schwabacher Laubh\u00fctte, Filmstill: buchstabenschubser, Potsdam<\/span><br \/><span style=\"font-size: 12pt;\">\u00a9 J\u00fcdisches Museum Franken \u2013 Nutzung zur Berichterstattung frei<\/span><\/p>\t\t\t\t\t\t<\/div>\n\t\t\t\t<\/div>\n\t\t\t\t<div class=\"elementor-element elementor-element-c8dd997 elementor-widget elementor-widget-shortcode\" data-id=\"c8dd997\" data-element_type=\"widget\" data-widget_type=\"shortcode.default\">\n\t\t\t\t<div class=\"elementor-widget-container\">\n\t\t\t\t\t<div class=\"elementor-shortcode\"><!-- Beginn https:\/\/www.financeads.net\/-Code --><a href=\"https:\/\/www.financeads.net\/tc.php?t=36648C38513858B\" target=\"_blank\"><center><img decoding=\"async\" src=\"https:\/\/www.financeads.net\/tb.php?t=36648V38513858B&https=1\" alt=\"\" border=\"0\" width=\"468\" height=\"60\"><\/a><!-- Ende https:\/\/www.financeads.net\/-Code --><\/div>\n\t\t\t\t<\/div>\n\t\t\t\t<\/div>\n\t\t\t\t<div class=\"elementor-element elementor-element-0c834d7 elementor-widget-divider--view-line elementor-widget elementor-widget-divider\" data-id=\"0c834d7\" data-element_type=\"widget\" data-widget_type=\"divider.default\">\n\t\t\t\t<div class=\"elementor-widget-container\">\n\t\t\t\t\t<div class=\"elementor-divider\">\n\t\t\t<span class=\"elementor-divider-separator\">\n\t\t\t\t\t\t<\/span>\n\t\t<\/div>\n\t\t\t\t<\/div>\n\t\t\t\t<\/div>\n\t\t\t\t<div class=\"elementor-element elementor-element-325f51f elementor-widget elementor-widget-google_maps\" data-id=\"325f51f\" data-element_type=\"widget\" data-widget_type=\"google_maps.default\">\n\t\t\t\t<div class=\"elementor-widget-container\">\n\t\t\t\t\t<div class=\"elementor-custom-embed\">\n\t\t\t<iframe loading=\"lazy\"\n\t\t\t\t\tsrc=\"https:\/\/maps.google.com\/maps?q=Syagogengasse%2010a%2C%20Schwabach%2C%20Deutschland&#038;t=m&#038;z=17&#038;output=embed&#038;iwloc=near\"\n\t\t\t\t\ttitle=\"Syagogengasse 10a, Schwabach, Deutschland\"\n\t\t\t\t\taria-label=\"Syagogengasse 10a, Schwabach, Deutschland\"\n\t\t\t><\/iframe>\n\t\t<\/div>\n\t\t\t\t<\/div>\n\t\t\t\t<\/div>\n\t\t\t\t\t<\/div>\n\t\t<\/div>\n\t\t\t\t<div class=\"elementor-column elementor-col-50 elementor-top-column elementor-element elementor-element-f3d2d15\" data-id=\"f3d2d15\" data-element_type=\"column\">\n\t\t\t<div class=\"elementor-widget-wrap elementor-element-populated\">\n\t\t\t\t\t\t<div class=\"elementor-element elementor-element-6165363 elementor-widget elementor-widget-heading\" data-id=\"6165363\" data-element_type=\"widget\" data-widget_type=\"heading.default\">\n\t\t\t\t<div class=\"elementor-widget-container\">\n\t\t\t<h3 class=\"elementor-heading-title elementor-size-default\">Schnell vergleichen und sparen!<\/h3>\t\t<\/div>\n\t\t\t\t<\/div>\n\t\t\t\t<div class=\"elementor-element elementor-element-3842e95 elementor-widget elementor-widget-wp-widget-advads_ad_widget\" data-id=\"3842e95\" data-element_type=\"widget\" data-widget_type=\"wp-widget-advads_ad_widget.default\">\n\t\t\t\t<div class=\"elementor-widget-container\">\n\t\t\t<div id=\"regio-400372788\"><div class=\"regio-adlabel\">Werbung<\/div><!-- Beginn https:\/\/www.financeads.net\/-Code --><a href=\"https:\/\/www.financeads.net\/tc.php?t=36648C236142529B\" target=\"_blank\"><img fetchpriority=\"high\" decoding=\"async\" src=\"https:\/\/www.financeads.net\/tb.php?t=36648V236142529B&https=1\" alt=\"\" border=\"0\" width=\"300\" height=\"250\"><\/a><!-- Ende https:\/\/www.financeads.net\/-Code --><\/div>\t\t<\/div>\n\t\t\t\t<\/div>\n\t\t\t\t<div class=\"elementor-element elementor-element-afdf71e elementor-widget elementor-widget-wp-widget-advads_ad_widget\" data-id=\"afdf71e\" data-element_type=\"widget\" data-widget_type=\"wp-widget-advads_ad_widget.default\">\n\t\t\t\t<div class=\"elementor-widget-container\">\n\t\t\t<div id=\"regio-3373497400\"><div class=\"regio-adlabel\">Werbung<\/div><!-- Beginn https:\/\/www.financeads.net\/-Code --><a href=\"https:\/\/www.financeads.net\/tc.php?t=36648C42614510B\" target=\"_blank\"><img decoding=\"async\" src=\"https:\/\/www.financeads.net\/tb.php?t=36648V42614510B&https=1\" alt=\"\" border=\"0\" width=\"200\" height=\"300\"><\/a><!-- Ende https:\/\/www.financeads.net\/-Code --><\/div>\t\t<\/div>\n\t\t\t\t<\/div>\n\t\t\t\t<div class=\"elementor-element elementor-element-faa70d1 elementor-widget elementor-widget-wp-widget-advads_ad_widget\" data-id=\"faa70d1\" data-element_type=\"widget\" data-widget_type=\"wp-widget-advads_ad_widget.default\">\n\t\t\t\t<div class=\"elementor-widget-container\">\n\t\t\t<div id=\"regio-3107569398\"><div class=\"regio-adlabel\">Werbung<\/div><!-- Beginn https:\/\/www.financeads.net\/-Code --><a href=\"https:\/\/www.financeads.net\/tc.php?t=36648C205040072B\" target=\"_blank\"><img loading=\"lazy\" decoding=\"async\" src=\"https:\/\/www.financeads.net\/tb.php?t=36648V205040072B&https=1\" alt=\"\" border=\"0\" width=\"300\" height=\"250\"><\/a><!-- Ende https:\/\/www.financeads.net\/-Code --><\/div>\t\t<\/div>\n\t\t\t\t<\/div>\n\t\t\t\t<div class=\"elementor-element elementor-element-3478f11 elementor-widget elementor-widget-wp-widget-advads_ad_widget\" data-id=\"3478f11\" data-element_type=\"widget\" data-widget_type=\"wp-widget-advads_ad_widget.default\">\n\t\t\t\t<div class=\"elementor-widget-container\">\n\t\t\t<div id=\"regio-2994945584\"><div class=\"regio-adlabel\">Werbung<\/div><!-- Beginn https:\/\/www.financeads.net\/-Code --><a href=\"https:\/\/www.financeads.net\/tc.php?t=36648C271460142B\" target=\"_blank\"><img loading=\"lazy\" decoding=\"async\" src=\"https:\/\/www.financeads.net\/tb.php?t=36648V271460142B&https=1\" alt=\"PETPROTECT_Hund&Katze_Banner\" border=\"0\" width=\"250\" height=\"250\"><\/a><!-- Ende https:\/\/www.financeads.net\/-Code --><\/div>\t\t<\/div>\n\t\t\t\t<\/div>\n\t\t\t\t\t<\/div>\n\t\t<\/div>\n\t\t\t\t\t<\/div>\n\t\t<\/section>\n\t\t\t\t<\/div>\n\t\t","protected":false},"excerpt":{"rendered":"<div class=\"mh-excerpt\"><p>J\u00fcdisches Museum in Schwabach am Sonntag, den 23. Mai 2021, und am Montag, den 24. Mai 2021, mit Termin wieder besuchbar Schwabach &#8211; Das J\u00fcdische Museum Franken \u00f6ffnet das Schwabacher Haus in der Synagogengasse am <a class=\"mh-excerpt-more\" href=\"https:\/\/www.region-schwabach.de\/wordpress\/judisches-museum-franken-in-schwabach-an-pfingsten-2021-besuchen\/\" title=\"J\u00fcdisches Museum Franken in Schwabach an Pfingsten 2021 besuchen\">[&#8230;]<\/a><\/p>\n<\/div>","protected":false},"author":1,"featured_media":138634,"comment_status":"open","ping_status":"open","sticky":false,"template":"","format":"standard","meta":{"_cbd_carousel_blocks":"[]","footnotes":""},"categories":[16,287,231,140],"tags":[15586,15587,15588,15589,4691,4689,19,4692,8453],"class_list":{"0":"post-138633","1":"post","2":"type-post","3":"status-publish","4":"format-standard","5":"has-post-thumbnail","7":"category-aktuell","8":"category-jugend-und-familie","9":"category-veranstaltungsnews","10":"category-vereine","11":"tag-23-mai-2021","12":"tag-23-05-2021","13":"tag-24-mai-2021","14":"tag-24-05-2021","15":"tag-fraenkisch-juedische-geschichte","16":"tag-juedischen-museum-franken","17":"tag-schwabach","18":"tag-synagogengasse","19":"tag-wieder-geoeffnet"},"_links":{"self":[{"href":"https:\/\/www.region-schwabach.de\/wordpress\/wp-json\/wp\/v2\/posts\/138633","targetHints":{"allow":["GET"]}}],"collection":[{"href":"https:\/\/www.region-schwabach.de\/wordpress\/wp-json\/wp\/v2\/posts"}],"about":[{"href":"https:\/\/www.region-schwabach.de\/wordpress\/wp-json\/wp\/v2\/types\/post"}],"author":[{"embeddable":true,"href":"https:\/\/www.region-schwabach.de\/wordpress\/wp-json\/wp\/v2\/users\/1"}],"replies":[{"embeddable":true,"href":"https:\/\/www.region-schwabach.de\/wordpress\/wp-json\/wp\/v2\/comments?post=138633"}],"version-history":[{"count":0,"href":"https:\/\/www.region-schwabach.de\/wordpress\/wp-json\/wp\/v2\/posts\/138633\/revisions"}],"wp:featuredmedia":[{"embeddable":true,"href":"https:\/\/www.region-schwabach.de\/wordpress\/wp-json\/wp\/v2\/media\/138634"}],"wp:attachment":[{"href":"https:\/\/www.region-schwabach.de\/wordpress\/wp-json\/wp\/v2\/media?parent=138633"}],"wp:term":[{"taxonomy":"category","embeddable":true,"href":"https:\/\/www.region-schwabach.de\/wordpress\/wp-json\/wp\/v2\/categories?post=138633"},{"taxonomy":"post_tag","embeddable":true,"href":"https:\/\/www.region-schwabach.de\/wordpress\/wp-json\/wp\/v2\/tags?post=138633"}],"curies":[{"name":"wp","href":"https:\/\/api.w.org\/{rel}","templated":true}]}}