{"id":1390,"date":"2017-05-19T12:41:22","date_gmt":"2017-05-19T10:41:22","guid":{"rendered":"http:\/\/www.region-schwabach.de\/wordpress\/?p=1390"},"modified":"2017-05-19T12:50:17","modified_gmt":"2017-05-19T10:50:17","slug":"stadtverwaltung-geschlossen","status":"publish","type":"post","link":"https:\/\/www.region-schwabach.de\/wordpress\/stadtverwaltung-geschlossen\/","title":{"rendered":"Stadtverwaltung geschlossen"},"content":{"rendered":"\t\t<div data-elementor-type=\"wp-post\" data-elementor-id=\"1390\" class=\"elementor elementor-1390 elementor-bc-flex-widget\">\n\t\t\t\t\t\t<section class=\"elementor-section elementor-top-section elementor-element elementor-element-1dzeyuh elementor-section-boxed elementor-section-height-default elementor-section-height-default\" data-id=\"1dzeyuh\" data-element_type=\"section\">\n\t\t\t\t\t\t<div class=\"elementor-container elementor-column-gap-default\">\n\t\t\t\t\t<div class=\"elementor-column elementor-col-66 elementor-top-column elementor-element elementor-element-aam59ft\" data-id=\"aam59ft\" data-element_type=\"column\">\n\t\t\t<div class=\"elementor-widget-wrap elementor-element-populated\">\n\t\t\t\t\t\t<div class=\"elementor-element elementor-element-k9p1oyc elementor-widget elementor-widget-text-editor\" data-id=\"k9p1oyc\" data-element_type=\"widget\" data-widget_type=\"text-editor.default\">\n\t\t\t\t<div class=\"elementor-widget-container\">\n\t\t\t\t\t\t\t<h3>Wegen betrieblicher Veranstaltung<\/h3><p>Am Mittwoch, den 24. Mai, sind s\u00e4mtliche\u00a0\u00c4mter und Dienststellen der Stadtverwaltung &#8211; wegen einer betrieblichen Veranstaltung &#8211; ab 12 Uhr f\u00fcr Besucher geschlossen.<\/p><h3>Auch B\u00fcrgerb\u00fcro und Volkshochschule betroffen<\/h3><p>Neben den \u00c4mtern und Dienststellen der Stadt Schwabach sind auch das B\u00fcrgerb\u00fcro und die Volkshochschule betroffen.<\/p>\t\t\t\t\t\t<\/div>\n\t\t\t\t<\/div>\n\t\t\t\t\t<\/div>\n\t\t<\/div>\n\t\t\t\t<div class=\"elementor-column elementor-col-33 elementor-top-column elementor-element elementor-element-uferl75\" data-id=\"uferl75\" data-element_type=\"column\">\n\t\t\t<div class=\"elementor-widget-wrap elementor-element-populated\">\n\t\t\t\t\t\t<div class=\"elementor-element elementor-element-xuttsc2 elementor-widget elementor-widget-image\" data-id=\"xuttsc2\" data-element_type=\"widget\" data-widget_type=\"image.default\">\n\t\t\t\t<div class=\"elementor-widget-container\">\n\t\t\t\t\t\t\t\t\t\t\t\t\t<img decoding=\"async\" src=\"https:\/\/www.region-schwabach.de\/wordpress\/wp-content\/uploads\/elementor\/thumbs\/Platz-f\u00fcr-Werbung-ns0l3v1506b3v0tdp6da81x6usx9ugc799rfpi3h4g.jpg\" title=\"Platz f\u00fcr Werbung\" alt=\"Platz f\u00fcr Werbung\" loading=\"lazy\" \/>\t\t\t\t\t\t\t\t\t\t\t\t\t<\/div>\n\t\t\t\t<\/div>\n\t\t\t\t\t<\/div>\n\t\t<\/div>\n\t\t\t\t\t<\/div>\n\t\t<\/section>\n\t\t\t\t<\/div>\n\t\t","protected":false},"excerpt":{"rendered":"<div class=\"mh-excerpt\"><p>Wegen betrieblicher Veranstaltung Am Mittwoch, den 24. Mai, sind s\u00e4mtliche\u00a0\u00c4mter und Dienststellen der Stadtverwaltung &#8211; wegen einer betrieblichen Veranstaltung &#8211; ab 12 Uhr f\u00fcr Besucher geschlossen. Auch B\u00fcrgerb\u00fcro und Volkshochschule betroffen Neben den \u00c4mtern und <a class=\"mh-excerpt-more\" href=\"https:\/\/www.region-schwabach.de\/wordpress\/stadtverwaltung-geschlossen\/\" title=\"Stadtverwaltung geschlossen\">[&#8230;]<\/a><\/p>\n<\/div>","protected":false},"author":1,"featured_media":0,"comment_status":"open","ping_status":"open","sticky":false,"template":"template-full.php","format":"image","meta":{"_cbd_carousel_blocks":"[]","footnotes":""},"categories":[16,61],"tags":[76,75,74,77,72,73],"class_list":{"0":"post-1390","1":"post","2":"type-post","3":"status-publish","4":"format-image","6":"category-aktuell","7":"category-rathaus","8":"tag-aemter","9":"tag-betriebliche-veranstaltung","10":"tag-buergerbuero","11":"tag-dienststellen","12":"tag-stadtverwaltung","13":"tag-volkshochschule","14":"post_format-post-format-image"},"_links":{"self":[{"href":"https:\/\/www.region-schwabach.de\/wordpress\/wp-json\/wp\/v2\/posts\/1390","targetHints":{"allow":["GET"]}}],"collection":[{"href":"https:\/\/www.region-schwabach.de\/wordpress\/wp-json\/wp\/v2\/posts"}],"about":[{"href":"https:\/\/www.region-schwabach.de\/wordpress\/wp-json\/wp\/v2\/types\/post"}],"author":[{"embeddable":true,"href":"https:\/\/www.region-schwabach.de\/wordpress\/wp-json\/wp\/v2\/users\/1"}],"replies":[{"embeddable":true,"href":"https:\/\/www.region-schwabach.de\/wordpress\/wp-json\/wp\/v2\/comments?post=1390"}],"version-history":[{"count":0,"href":"https:\/\/www.region-schwabach.de\/wordpress\/wp-json\/wp\/v2\/posts\/1390\/revisions"}],"wp:attachment":[{"href":"https:\/\/www.region-schwabach.de\/wordpress\/wp-json\/wp\/v2\/media?parent=1390"}],"wp:term":[{"taxonomy":"category","embeddable":true,"href":"https:\/\/www.region-schwabach.de\/wordpress\/wp-json\/wp\/v2\/categories?post=1390"},{"taxonomy":"post_tag","embeddable":true,"href":"https:\/\/www.region-schwabach.de\/wordpress\/wp-json\/wp\/v2\/tags?post=1390"}],"curies":[{"name":"wp","href":"https:\/\/api.w.org\/{rel}","templated":true}]}}