{"id":139933,"date":"2021-06-13T02:00:00","date_gmt":"2021-06-13T00:00:00","guid":{"rendered":"https:\/\/www.region-schwabach.de\/wordpress\/?p=139933"},"modified":"2021-06-13T11:02:17","modified_gmt":"2021-06-13T09:02:17","slug":"kartenreservierung-fur-freiluft-musikfestival-gebt-der-musik-eine-buhne-in-schwabach-startet","status":"publish","type":"post","link":"https:\/\/www.region-schwabach.de\/wordpress\/kartenreservierung-fur-freiluft-musikfestival-gebt-der-musik-eine-buhne-in-schwabach-startet\/","title":{"rendered":"Kartenreservierung f\u00fcr Freiluft-Musikfestival &#8222;Gebt der Musik eine B\u00fchne!&#8220; in Schwabach startet"},"content":{"rendered":"\t\t<div data-elementor-type=\"wp-post\" data-elementor-id=\"139933\" class=\"elementor elementor-139933\">\n\t\t\t\t\t\t<section class=\"elementor-section elementor-top-section elementor-element elementor-element-678181b elementor-section-boxed elementor-section-height-default elementor-section-height-default\" data-id=\"678181b\" data-element_type=\"section\">\n\t\t\t\t\t\t<div class=\"elementor-container elementor-column-gap-default\">\n\t\t\t\t\t<div class=\"elementor-column elementor-col-50 elementor-top-column elementor-element elementor-element-6b34026\" data-id=\"6b34026\" data-element_type=\"column\">\n\t\t\t<div class=\"elementor-widget-wrap elementor-element-populated\">\n\t\t\t\t\t\t<div class=\"elementor-element elementor-element-0d110d1 elementor-widget elementor-widget-wp-widget-advads_ad_widget\" data-id=\"0d110d1\" data-element_type=\"widget\" data-widget_type=\"wp-widget-advads_ad_widget.default\">\n\t\t\t\t<div class=\"elementor-widget-container\">\n\t\t\t<div id=\"regio-3755992467\"><div class=\"regio-adlabel\">Werbung<\/div><center><a href=\"https:\/\/a.partner-versicherung.de\/click.php?partner_id=19992&ad_id=1578&deep=kreditkarten\"  target=\"_blank\"><img decoding=\"async\" src=\"https:\/\/a.partner-versicherung.de\/view.php?partner_id=19992&ad_id=1578\" ><\/a><\/center><\/div>\t\t<\/div>\n\t\t\t\t<\/div>\n\t\t\t\t<div class=\"elementor-element elementor-element-443ab98 elementor-widget elementor-widget-text-editor\" data-id=\"443ab98\" data-element_type=\"widget\" data-widget_type=\"text-editor.default\">\n\t\t\t\t<div class=\"elementor-widget-container\">\n\t\t\t\t\t\t\t<h3>Samstag, den 12. Juni 2021, und Sonntag, den 13. Juni 2021:<br \/>Freiluftkonzerte: \u201eGebt der Musik eine B\u00fchne!\u201c<\/h3><p><span style=\"font-size: 12pt;\">Schwabach &#8211; Live-Musik mit Publikum im Freien: Das ist in Schwabach wieder m\u00f6glich. Deswegen findet am Wochenende vom 12. und 13. Juni im Hof des Alten DG, Wittelsbacherstra\u00dfe 1 (Einlass \u00fcber s\u00fcdliche Ringstra\u00dfe), das kleine, aber feine Freiluft-Festival \u201eGebt der Musik eine B\u00fchne!\u201c statt. Kartenreservierungen sind ab Montag, den 7. Juni 2021, unter: <a href=\"http:\/\/www.schwabach.de\/gebtdermusikeinebuehne\" target=\"_blank\" rel=\"noopener\">www.schwabach.de\/gebtdermusikeinebuehne\u00a0<\/a>m\u00f6glich. Die Karten sind kostenlos erh\u00e4ltlich.<br \/><\/span><\/p><h3><span style=\"font-size: 14pt;\">Berufsmusikerinnen und -musiker der Schwabacher Szene<\/span><\/h3><p><span style=\"font-size: 12pt;\">Bei dem abwechslungsreichen Musikfestival treten hervorragende Berufsmusikerinnen und -musikern der Schwabacher Szene auf. Das vielf\u00e4ltige Programm setzt sich aus unterschiedlichen Musikgenres von Klassik, Jazz und Blues bis hin zu Kindermitmach-Songs zusammen:<br \/><\/span><\/p><h3><span style=\"font-size: 12pt;\"><span style=\"font-size: 14pt;\">Samstag, den 12. Juni 2021<\/span><br \/><\/span><\/h3><ul style=\"list-style-type: disc;\"><li><span style=\"font-size: 12pt;\">15 \u2013 16 Uhr Erwin Feith, Andreas Feith (klassisches Lied und Oper)<\/span><\/li><li><span style=\"font-size: 12pt;\">17 \u2013 18 Uhr Rebecca Trescher in Conversation with Peter Fulda<br \/>(Jazzduo mit Klarinette und Klavier)<\/span><\/li><li><span style=\"font-size: 12pt;\">19 \u2013 20 Uhr Andreas Feith Surviving Flower Quartett (modern Jazz)<br \/><\/span><\/li><\/ul><h3><span style=\"font-size: 12pt;\"><span style=\"font-size: 14pt;\">Sonntag, den 13. Juni 2021<\/span><br \/><\/span><\/h3><ul style=\"list-style-type: disc;\"><li><span style=\"font-size: 12pt;\">14 \u2013 15 Uhr Geraldino (Kinderliedermacher)<\/span><\/li><li><span style=\"font-size: 12pt;\">16 \u2013 17 Uhr Kamolz, Graef, Kalisch (Gitarrentrio)<\/span><\/li><li><span style=\"font-size: 12pt;\">18 \u2013 19 Uhr Kamolz, Lippert, Riegauf (Gitarrentrio)<\/span><\/li><li><span style=\"font-size: 12pt;\">20 \u2013 21 Uhr Muddy What? (New Blues)<\/span><\/li><\/ul><h3>Bei schlechtem Wetter im Markgrafensaal<\/h3><p><span style=\"font-size: 12pt;\">Bei schlechtem Wetter finden die Konzerte im Markgrafensaal statt. Die <\/span><span style=\"font-size: 12pt;\">Veranstaltung findet, au\u00dfen wie innen, unter strikten Hygiene- und <\/span><span style=\"font-size: 12pt;\">Schutzauflagen statt \u2013 so kann an den kostenlosen Konzerten ausschlie\u00dflich <\/span><span style=\"font-size: 12pt;\">nach verbindlicher Anmeldung und unter Einhaltung der aktuellen <\/span><span style=\"font-size: 12pt;\">Hygienevorschriften teilgenommen werden.<\/span><\/p><p><span style=\"font-size: 12pt;\">Nach jedem Konzert muss der Innenhof von allen Besucherinnen und <\/span><span style=\"font-size: 12pt;\">Besuchern verlassen werden \u2013 unabh\u00e4ngig davon, ob sie f\u00fcr das Folgekonzert <\/span><span style=\"font-size: 12pt;\">auch Karten reserviert haben \u2013, um den sicheren Einlass f\u00fcr das n\u00e4chste <\/span><span style=\"font-size: 12pt;\">Publikum zu gew\u00e4hrleisten.<\/span><\/p><p><span style=\"font-size: 12pt;\">Die Auftritte der Bands werden unterst\u00fctzt durch Gelder aus Spenden von <\/span><span style=\"font-size: 12pt;\">Mitgliedern des Stadtrats und privaten Spenderinnen und Spendern.<\/span><\/p><p><span style=\"font-size: 12pt;\"><strong>Foto (Phillip Lang, Abdruck honorarfrei):<\/strong> Die Band \u201eMuddy What?\u201c<\/span><\/p>\t\t\t\t\t\t<\/div>\n\t\t\t\t<\/div>\n\t\t\t\t<div class=\"elementor-element elementor-element-137ee0f elementor-widget elementor-widget-shortcode\" data-id=\"137ee0f\" data-element_type=\"widget\" data-widget_type=\"shortcode.default\">\n\t\t\t\t<div class=\"elementor-widget-container\">\n\t\t\t\t\t<div class=\"elementor-shortcode\"><!-- Beginn https:\/\/www.financeads.net\/-Code --><a href=\"https:\/\/www.financeads.net\/tc.php?t=36648C38513858B\" target=\"_blank\"><center><img decoding=\"async\" src=\"https:\/\/www.financeads.net\/tb.php?t=36648V38513858B&https=1\" alt=\"\" border=\"0\" width=\"468\" height=\"60\"><\/a><!-- Ende https:\/\/www.financeads.net\/-Code --><\/div>\n\t\t\t\t<\/div>\n\t\t\t\t<\/div>\n\t\t\t\t<div class=\"elementor-element elementor-element-0c834d7 elementor-widget-divider--view-line elementor-widget elementor-widget-divider\" data-id=\"0c834d7\" data-element_type=\"widget\" data-widget_type=\"divider.default\">\n\t\t\t\t<div class=\"elementor-widget-container\">\n\t\t\t\t\t<div class=\"elementor-divider\">\n\t\t\t<span class=\"elementor-divider-separator\">\n\t\t\t\t\t\t<\/span>\n\t\t<\/div>\n\t\t\t\t<\/div>\n\t\t\t\t<\/div>\n\t\t\t\t<div class=\"elementor-element elementor-element-325f51f elementor-widget elementor-widget-google_maps\" data-id=\"325f51f\" data-element_type=\"widget\" data-widget_type=\"google_maps.default\">\n\t\t\t\t<div class=\"elementor-widget-container\">\n\t\t\t\t\t<div class=\"elementor-custom-embed\">\n\t\t\t<iframe loading=\"lazy\"\n\t\t\t\t\tsrc=\"https:\/\/maps.google.com\/maps?q=Wittelsbacher%20Stra%C3%9Fe%201%2C%20Schwabach%2C%20Deutschland&#038;t=m&#038;z=18&#038;output=embed&#038;iwloc=near\"\n\t\t\t\t\ttitle=\"Wittelsbacher Stra\u00dfe 1, Schwabach, Deutschland\"\n\t\t\t\t\taria-label=\"Wittelsbacher Stra\u00dfe 1, Schwabach, Deutschland\"\n\t\t\t><\/iframe>\n\t\t<\/div>\n\t\t\t\t<\/div>\n\t\t\t\t<\/div>\n\t\t\t\t\t<\/div>\n\t\t<\/div>\n\t\t\t\t<div class=\"elementor-column elementor-col-50 elementor-top-column elementor-element elementor-element-d786b46\" data-id=\"d786b46\" data-element_type=\"column\">\n\t\t\t<div class=\"elementor-widget-wrap elementor-element-populated\">\n\t\t\t\t\t\t<div class=\"elementor-element elementor-element-8f2432c elementor-widget elementor-widget-heading\" data-id=\"8f2432c\" data-element_type=\"widget\" data-widget_type=\"heading.default\">\n\t\t\t\t<div class=\"elementor-widget-container\">\n\t\t\t<h3 class=\"elementor-heading-title elementor-size-default\">Schnell vergleichen und sparen!<\/h3>\t\t<\/div>\n\t\t\t\t<\/div>\n\t\t\t\t<div class=\"elementor-element elementor-element-984a298 elementor-widget elementor-widget-wp-widget-advads_ad_widget\" data-id=\"984a298\" data-element_type=\"widget\" data-widget_type=\"wp-widget-advads_ad_widget.default\">\n\t\t\t\t<div class=\"elementor-widget-container\">\n\t\t\t<div id=\"regio-2845139953\"><div class=\"regio-adlabel\">Werbung<\/div><!-- Beginn https:\/\/www.financeads.net\/-Code --><a href=\"https:\/\/www.financeads.net\/tc.php?t=36648C236142529B\" target=\"_blank\"><img fetchpriority=\"high\" decoding=\"async\" src=\"https:\/\/www.financeads.net\/tb.php?t=36648V236142529B&https=1\" alt=\"\" border=\"0\" width=\"300\" height=\"250\"><\/a><!-- Ende https:\/\/www.financeads.net\/-Code --><\/div>\t\t<\/div>\n\t\t\t\t<\/div>\n\t\t\t\t<div class=\"elementor-element elementor-element-cf586fb elementor-widget elementor-widget-wp-widget-advads_ad_widget\" data-id=\"cf586fb\" data-element_type=\"widget\" data-widget_type=\"wp-widget-advads_ad_widget.default\">\n\t\t\t\t<div class=\"elementor-widget-container\">\n\t\t\t<div id=\"regio-1365753128\"><div class=\"regio-adlabel\">Werbung<\/div><!-- Beginn https:\/\/www.financeads.net\/-Code --><a href=\"https:\/\/www.financeads.net\/tc.php?t=36648C42614510B\" target=\"_blank\"><img decoding=\"async\" src=\"https:\/\/www.financeads.net\/tb.php?t=36648V42614510B&https=1\" alt=\"\" border=\"0\" width=\"200\" height=\"300\"><\/a><!-- Ende https:\/\/www.financeads.net\/-Code --><\/div>\t\t<\/div>\n\t\t\t\t<\/div>\n\t\t\t\t<div class=\"elementor-element elementor-element-eaf1288 elementor-widget elementor-widget-wp-widget-advads_ad_widget\" data-id=\"eaf1288\" data-element_type=\"widget\" data-widget_type=\"wp-widget-advads_ad_widget.default\">\n\t\t\t\t<div class=\"elementor-widget-container\">\n\t\t\t<div id=\"regio-3777643296\"><div class=\"regio-adlabel\">Werbung<\/div><!-- Beginn https:\/\/www.financeads.net\/-Code --><a href=\"https:\/\/www.financeads.net\/tc.php?t=36648C205040072B\" target=\"_blank\"><img loading=\"lazy\" decoding=\"async\" src=\"https:\/\/www.financeads.net\/tb.php?t=36648V205040072B&https=1\" alt=\"\" border=\"0\" width=\"300\" height=\"250\"><\/a><!-- Ende https:\/\/www.financeads.net\/-Code --><\/div>\t\t<\/div>\n\t\t\t\t<\/div>\n\t\t\t\t<div class=\"elementor-element elementor-element-69bfa26 elementor-widget elementor-widget-wp-widget-advads_ad_widget\" data-id=\"69bfa26\" data-element_type=\"widget\" data-widget_type=\"wp-widget-advads_ad_widget.default\">\n\t\t\t\t<div class=\"elementor-widget-container\">\n\t\t\t<div id=\"regio-3377281471\"><div class=\"regio-adlabel\">Werbung<\/div><!-- Beginn https:\/\/www.financeads.net\/-Code --><a href=\"https:\/\/www.financeads.net\/tc.php?t=36648C271460142B\" target=\"_blank\"><img loading=\"lazy\" decoding=\"async\" src=\"https:\/\/www.financeads.net\/tb.php?t=36648V271460142B&https=1\" alt=\"PETPROTECT_Hund&Katze_Banner\" border=\"0\" width=\"250\" height=\"250\"><\/a><!-- Ende https:\/\/www.financeads.net\/-Code --><\/div>\t\t<\/div>\n\t\t\t\t<\/div>\n\t\t\t\t\t<\/div>\n\t\t<\/div>\n\t\t\t\t\t<\/div>\n\t\t<\/section>\n\t\t\t\t<\/div>\n\t\t","protected":false},"excerpt":{"rendered":"<div class=\"mh-excerpt\"><p>Samstag, den 12. Juni 2021, und Sonntag, den 13. Juni 2021:Freiluftkonzerte: \u201eGebt der Musik eine B\u00fchne!\u201c Schwabach &#8211; Live-Musik mit Publikum im Freien: Das ist in Schwabach wieder m\u00f6glich. Deswegen findet am Wochenende vom 12. <a class=\"mh-excerpt-more\" href=\"https:\/\/www.region-schwabach.de\/wordpress\/kartenreservierung-fur-freiluft-musikfestival-gebt-der-musik-eine-buhne-in-schwabach-startet\/\" title=\"Kartenreservierung f\u00fcr Freiluft-Musikfestival &#8222;Gebt der Musik eine B\u00fchne!&#8220; in Schwabach startet\">[&#8230;]<\/a><\/p>\n<\/div>","protected":false},"author":1,"featured_media":139934,"comment_status":"open","ping_status":"open","sticky":false,"template":"","format":"standard","meta":{"_cbd_carousel_blocks":"[]","footnotes":""},"categories":[16,287,231],"tags":[15749,15747,15745,15748,15746,15743,5332,5333,15744,15750,1480,7758,19,2678],"class_list":{"0":"post-139933","1":"post","2":"type-post","3":"status-publish","4":"format-standard","5":"has-post-thumbnail","7":"category-aktuell","8":"category-jugend-und-familie","9":"category-veranstaltungsnews","10":"tag-gebt-der-musik-eine-buehne","11":"tag-12-juni-2021","12":"tag-12-06-2021","13":"tag-13-juni-2021","14":"tag-13-06-2021","15":"tag-freiluft-musikfestival","16":"tag-hof","17":"tag-hof-des-alten-dg","18":"tag-kartenvorverkauf","19":"tag-musikfestival","20":"tag-rathaus","21":"tag-reservierung","22":"tag-schwabach","23":"tag-wittelsbacherstrasse"},"_links":{"self":[{"href":"https:\/\/www.region-schwabach.de\/wordpress\/wp-json\/wp\/v2\/posts\/139933","targetHints":{"allow":["GET"]}}],"collection":[{"href":"https:\/\/www.region-schwabach.de\/wordpress\/wp-json\/wp\/v2\/posts"}],"about":[{"href":"https:\/\/www.region-schwabach.de\/wordpress\/wp-json\/wp\/v2\/types\/post"}],"author":[{"embeddable":true,"href":"https:\/\/www.region-schwabach.de\/wordpress\/wp-json\/wp\/v2\/users\/1"}],"replies":[{"embeddable":true,"href":"https:\/\/www.region-schwabach.de\/wordpress\/wp-json\/wp\/v2\/comments?post=139933"}],"version-history":[{"count":0,"href":"https:\/\/www.region-schwabach.de\/wordpress\/wp-json\/wp\/v2\/posts\/139933\/revisions"}],"wp:featuredmedia":[{"embeddable":true,"href":"https:\/\/www.region-schwabach.de\/wordpress\/wp-json\/wp\/v2\/media\/139934"}],"wp:attachment":[{"href":"https:\/\/www.region-schwabach.de\/wordpress\/wp-json\/wp\/v2\/media?parent=139933"}],"wp:term":[{"taxonomy":"category","embeddable":true,"href":"https:\/\/www.region-schwabach.de\/wordpress\/wp-json\/wp\/v2\/categories?post=139933"},{"taxonomy":"post_tag","embeddable":true,"href":"https:\/\/www.region-schwabach.de\/wordpress\/wp-json\/wp\/v2\/tags?post=139933"}],"curies":[{"name":"wp","href":"https:\/\/api.w.org\/{rel}","templated":true}]}}