{"id":140166,"date":"2021-06-08T01:38:00","date_gmt":"2021-06-07T23:38:00","guid":{"rendered":"https:\/\/www.region-schwabach.de\/wordpress\/?p=140166"},"modified":"2021-06-08T09:57:14","modified_gmt":"2021-06-08T07:57:14","slug":"mobilitatsplan-zentrale-bestandsaufnahme-am-dienstag-den-8-juni-2021-um-19-00-uhr","status":"publish","type":"post","link":"https:\/\/www.region-schwabach.de\/wordpress\/mobilitatsplan-zentrale-bestandsaufnahme-am-dienstag-den-8-juni-2021-um-19-00-uhr\/","title":{"rendered":"Mobilit\u00e4tsplan: Zentrale Bestandsaufnahme am Dienstag, den 8. Juni 2021, um 19.00 Uhr"},"content":{"rendered":"\t\t<div data-elementor-type=\"wp-post\" data-elementor-id=\"140166\" class=\"elementor elementor-140166\">\n\t\t\t\t\t\t<section class=\"elementor-section elementor-top-section elementor-element elementor-element-678181b elementor-section-boxed elementor-section-height-default elementor-section-height-default\" data-id=\"678181b\" data-element_type=\"section\">\n\t\t\t\t\t\t<div class=\"elementor-container elementor-column-gap-default\">\n\t\t\t\t\t<div class=\"elementor-column elementor-col-50 elementor-top-column elementor-element elementor-element-6b34026\" data-id=\"6b34026\" data-element_type=\"column\">\n\t\t\t<div class=\"elementor-widget-wrap elementor-element-populated\">\n\t\t\t\t\t\t<div class=\"elementor-element elementor-element-12bd100 elementor-widget elementor-widget-wp-widget-advads_ad_widget\" data-id=\"12bd100\" data-element_type=\"widget\" data-widget_type=\"wp-widget-advads_ad_widget.default\">\n\t\t\t\t<div class=\"elementor-widget-container\">\n\t\t\t<div id=\"regio-2621066441\"><div class=\"regio-adlabel\">Werbung<\/div><center><a href=\"https:\/\/a.partner-versicherung.de\/click.php?partner_id=19992&ad_id=1578&deep=kreditkarten\"  target=\"_blank\"><img decoding=\"async\" src=\"https:\/\/a.partner-versicherung.de\/view.php?partner_id=19992&ad_id=1578\" ><\/a><\/center><\/div>\t\t<\/div>\n\t\t\t\t<\/div>\n\t\t\t\t<div class=\"elementor-element elementor-element-443ab98 elementor-widget elementor-widget-text-editor\" data-id=\"443ab98\" data-element_type=\"widget\" data-widget_type=\"text-editor.default\">\n\t\t\t\t<div class=\"elementor-widget-container\">\n\t\t\t\t\t\t\t<h3>Livestream auf <a href=\"http:\/\/www.schwabach.de\/mobilitaetsplan\" target=\"_blank\" rel=\"noopener\">www.schwabach.de\/mobilitaetsplan<\/a><br \/>Mobilit\u00e4tsplan: Zentrale Bestandsaufnahme am 8. Juni um 19 Uhr<\/h3><p><span style=\"font-size: 12pt;\">Schwabach &#8211; Derzeit l\u00e4uft die B\u00fcrgerbeteiligung zum Mobilit\u00e4tsplan Schwabach. Eine zentrale Bestandsaufnahme unter dem Titel \u201eWo dr\u00fcckt der Schuh?\u201c findet nun am Dienstag, 8. Juni, um 19 Uhr statt. Diese wird im Internet auf www.schwabach.de\/mobilitaetsplan per Streaming live \u00fcbertragen. Die Veranstaltung wird auch nachtr\u00e4glich unter dieser Internetadresse abrufbar sein. <\/span><\/p><h3><span style=\"font-size: 14pt;\">Oberb\u00fcrgermeister Peter Rei\u00df appelliert an B\u00fcrgerInnen<\/span><\/h3><p><span style=\"font-size: 12pt;\">Oberb\u00fcrgermeister Peter Rei\u00df appelliert an Schwabachs B\u00fcrgerinnen und B\u00fcrger: \u201eBitte beteiligen Sie sich mit Ihren Ideen und Vorstellungen vom Verkehr der Zukunft. Wir wollen von Ihnen wissen, wie und wo aus Ihrer Sicht k\u00fcnftig die verschiedenen Verkehrsarten in Schwabach einen Platz finden sollen.\u201c Hinweis: Es werden in der Veranstaltung nur Ideen zum Thema und von allgemeinem Interesse behandelt. Die Anregungen werden im Nachgang systematisch behandelt und k\u00f6nnen in den Mobilit\u00e4tsplan einflie\u00dfen.<br \/><\/span><\/p><h3><span style=\"font-size: 14pt;\">Anregungen k\u00f6nnen w\u00e4hrend der Veranstaltung im Chat eingereicht werden<\/span><\/h3><p><span style=\"font-size: 12pt;\">Interessierte k\u00f6nnen Anregungen w\u00e4hrend der Veranstaltung im Chat einreichen. Au\u00dferdem k\u00f6nnen noch bis 13. Juni Anregungen zum Thema unter www.schwabach.de\/mobilitaetskonzept, www.schwabach-bewegen.de und per E-Mail an verkehrsplanung-buergerbeteiligung@schwabach.de oder ans Amt f\u00fcr Stadtplanung und Bauordnung, Verkehrsplanung, Stichwort Mobilit\u00e4tsplan, Albrecht-Achilles-Stra\u00dfe 6\/8, 91126 Schwabach eingereicht werden.\u00a0<\/span><\/p><h3><span style=\"font-size: 14pt;\">Gesamtst\u00e4dtische, zukunftsf\u00e4hige Grundlage f\u00fcr Verkehrsplanung<\/span><\/h3><p><span style=\"font-size: 12pt;\">Im Sommer 2020 hat der Stadtrat die Verwaltung beauftragt, diesen Mobilit\u00e4tsplan zu erstellen. Dieser soll nicht mehr \u2013 wie der Verkehrsentwicklungsplan von 2004 \u2013 nur auf den motorisierten Individualverkehr ausgerichtet sein, sondern auch die umweltfreundlichen Verkehrsarten betrachten. Bestehende Verkehrsprobleme m\u00fcssen ganzheitlich betrachtet und unter der Ma\u00dfgabe noch festzulegender Ziele gel\u00f6st werden. Es soll eine gesamtst\u00e4dtische, zukunftsf\u00e4hige Grundlage f\u00fcr die Verkehrsplanung der n\u00e4chsten Jahre entwickelt werden. Die B\u00fcrgerbeteiligung spielt dabei eine wichtige Rolle und flie\u00dft in den Prozess ein.<\/span><\/p><h3><span style=\"font-size: 14pt;\">Weitere Veranstaltungen geplant<\/span><\/h3><p><span style=\"font-size: 12pt;\">Weitere Veranstaltungen im Rahmen der B\u00fcrgerbeteiligung: Am Donnerstag 17. Juni, 19 Uhr gibt es einen Impulsvortrag von Wolfgang Aichinger (Agora Verkehrswende) mit dem Titel \u201e\u00d6ffentliche R\u00e4ume als Ressource in der Stadt und Verkehrsplanung, Umgang mit Fl\u00e4chenkonkurrenz\u201c. Am Montag 12. Juli, 19 Uhr, findet dann mit der Zieldiskussion \u201eWo wollen wir hin &#8211; Meinungsbilder und Diskussion zu verkehrspolitischen Zielvorstellungen\u201c der vorl\u00e4ufige Abschluss dieser Phase der B\u00fcrgerbeteiligung statt.\u00a0<\/span><\/p>\t\t\t\t\t\t<\/div>\n\t\t\t\t<\/div>\n\t\t\t\t<div class=\"elementor-element elementor-element-5e40ba1 elementor-widget elementor-widget-shortcode\" data-id=\"5e40ba1\" data-element_type=\"widget\" data-widget_type=\"shortcode.default\">\n\t\t\t\t<div class=\"elementor-widget-container\">\n\t\t\t\t\t<div class=\"elementor-shortcode\"><!-- Beginn https:\/\/www.financeads.net\/-Code --><a href=\"https:\/\/www.financeads.net\/tc.php?t=36648C38513858B\" target=\"_blank\"><center><img decoding=\"async\" src=\"https:\/\/www.financeads.net\/tb.php?t=36648V38513858B&https=1\" alt=\"\" border=\"0\" width=\"468\" height=\"60\"><\/a><!-- Ende https:\/\/www.financeads.net\/-Code --><\/div>\n\t\t\t\t<\/div>\n\t\t\t\t<\/div>\n\t\t\t\t<div class=\"elementor-element elementor-element-21c3450 elementor-widget-divider--view-line elementor-widget elementor-widget-divider\" data-id=\"21c3450\" data-element_type=\"widget\" data-widget_type=\"divider.default\">\n\t\t\t\t<div class=\"elementor-widget-container\">\n\t\t\t\t\t<div class=\"elementor-divider\">\n\t\t\t<span class=\"elementor-divider-separator\">\n\t\t\t\t\t\t<\/span>\n\t\t<\/div>\n\t\t\t\t<\/div>\n\t\t\t\t<\/div>\n\t\t\t\t<div class=\"elementor-element elementor-element-f4c690c elementor-widget elementor-widget-google_maps\" data-id=\"f4c690c\" data-element_type=\"widget\" data-widget_type=\"google_maps.default\">\n\t\t\t\t<div class=\"elementor-widget-container\">\n\t\t\t\t\t<div class=\"elementor-custom-embed\">\n\t\t\t<iframe loading=\"lazy\"\n\t\t\t\t\tsrc=\"https:\/\/maps.google.com\/maps?q=K%C3%B6nigsplatz%201%2C%20Schwabach%2C%20Deutschland&#038;t=m&#038;z=17&#038;output=embed&#038;iwloc=near\"\n\t\t\t\t\ttitle=\"K\u00f6nigsplatz 1, Schwabach, Deutschland\"\n\t\t\t\t\taria-label=\"K\u00f6nigsplatz 1, Schwabach, Deutschland\"\n\t\t\t><\/iframe>\n\t\t<\/div>\n\t\t\t\t<\/div>\n\t\t\t\t<\/div>\n\t\t\t\t\t<\/div>\n\t\t<\/div>\n\t\t\t\t<div class=\"elementor-column elementor-col-50 elementor-top-column elementor-element elementor-element-4e52952\" data-id=\"4e52952\" data-element_type=\"column\">\n\t\t\t<div class=\"elementor-widget-wrap elementor-element-populated\">\n\t\t\t\t\t\t<div class=\"elementor-element elementor-element-a58da64 elementor-widget elementor-widget-heading\" data-id=\"a58da64\" data-element_type=\"widget\" data-widget_type=\"heading.default\">\n\t\t\t\t<div class=\"elementor-widget-container\">\n\t\t\t<h3 class=\"elementor-heading-title elementor-size-default\">Schnell vergleichen und sparen!<\/h3>\t\t<\/div>\n\t\t\t\t<\/div>\n\t\t\t\t<div class=\"elementor-element elementor-element-c140805 elementor-widget elementor-widget-wp-widget-advads_ad_widget\" data-id=\"c140805\" data-element_type=\"widget\" data-widget_type=\"wp-widget-advads_ad_widget.default\">\n\t\t\t\t<div class=\"elementor-widget-container\">\n\t\t\t<div id=\"regio-2191685444\"><div class=\"regio-adlabel\">Werbung<\/div><!-- Beginn https:\/\/www.financeads.net\/-Code --><a href=\"https:\/\/www.financeads.net\/tc.php?t=36648C236142529B\" target=\"_blank\"><img fetchpriority=\"high\" decoding=\"async\" src=\"https:\/\/www.financeads.net\/tb.php?t=36648V236142529B&https=1\" alt=\"\" border=\"0\" width=\"300\" height=\"250\"><\/a><!-- Ende https:\/\/www.financeads.net\/-Code --><\/div>\t\t<\/div>\n\t\t\t\t<\/div>\n\t\t\t\t<div class=\"elementor-element elementor-element-751c2e2 elementor-widget elementor-widget-wp-widget-advads_ad_widget\" data-id=\"751c2e2\" data-element_type=\"widget\" data-widget_type=\"wp-widget-advads_ad_widget.default\">\n\t\t\t\t<div class=\"elementor-widget-container\">\n\t\t\t<div id=\"regio-646657629\"><div class=\"regio-adlabel\">Werbung<\/div><!-- Beginn https:\/\/www.financeads.net\/-Code --><a href=\"https:\/\/www.financeads.net\/tc.php?t=36648C42614510B\" target=\"_blank\"><img decoding=\"async\" src=\"https:\/\/www.financeads.net\/tb.php?t=36648V42614510B&https=1\" alt=\"\" border=\"0\" width=\"200\" height=\"300\"><\/a><!-- Ende https:\/\/www.financeads.net\/-Code --><\/div>\t\t<\/div>\n\t\t\t\t<\/div>\n\t\t\t\t<div class=\"elementor-element elementor-element-9ae0d5b elementor-widget elementor-widget-wp-widget-advads_ad_widget\" data-id=\"9ae0d5b\" data-element_type=\"widget\" data-widget_type=\"wp-widget-advads_ad_widget.default\">\n\t\t\t\t<div class=\"elementor-widget-container\">\n\t\t\t<div id=\"regio-3666971854\"><div class=\"regio-adlabel\">Werbung<\/div><!-- Beginn https:\/\/www.financeads.net\/-Code --><a href=\"https:\/\/www.financeads.net\/tc.php?t=36648C205040072B\" target=\"_blank\"><img loading=\"lazy\" decoding=\"async\" src=\"https:\/\/www.financeads.net\/tb.php?t=36648V205040072B&https=1\" alt=\"\" border=\"0\" width=\"300\" height=\"250\"><\/a><!-- Ende https:\/\/www.financeads.net\/-Code --><\/div>\t\t<\/div>\n\t\t\t\t<\/div>\n\t\t\t\t<div class=\"elementor-element elementor-element-6283ea6 elementor-widget elementor-widget-wp-widget-advads_ad_widget\" data-id=\"6283ea6\" data-element_type=\"widget\" data-widget_type=\"wp-widget-advads_ad_widget.default\">\n\t\t\t\t<div class=\"elementor-widget-container\">\n\t\t\t<div id=\"regio-2661080864\"><div class=\"regio-adlabel\">Werbung<\/div><!-- Beginn https:\/\/www.financeads.net\/-Code --><a href=\"https:\/\/www.financeads.net\/tc.php?t=36648C271460142B\" target=\"_blank\"><img loading=\"lazy\" decoding=\"async\" src=\"https:\/\/www.financeads.net\/tb.php?t=36648V271460142B&https=1\" alt=\"PETPROTECT_Hund&Katze_Banner\" border=\"0\" width=\"250\" height=\"250\"><\/a><!-- Ende https:\/\/www.financeads.net\/-Code --><\/div>\t\t<\/div>\n\t\t\t\t<\/div>\n\t\t\t\t\t<\/div>\n\t\t<\/div>\n\t\t\t\t\t<\/div>\n\t\t<\/section>\n\t\t\t\t<\/div>\n\t\t","protected":false},"excerpt":{"rendered":"<div class=\"mh-excerpt\"><p>Livestream auf www.schwabach.de\/mobilitaetsplanMobilit\u00e4tsplan: Zentrale Bestandsaufnahme am 8. Juni um 19 Uhr Schwabach &#8211; Derzeit l\u00e4uft die B\u00fcrgerbeteiligung zum Mobilit\u00e4tsplan Schwabach. Eine zentrale Bestandsaufnahme unter dem Titel \u201eWo dr\u00fcckt der Schuh?\u201c findet nun am Dienstag, 8. <a class=\"mh-excerpt-more\" href=\"https:\/\/www.region-schwabach.de\/wordpress\/mobilitatsplan-zentrale-bestandsaufnahme-am-dienstag-den-8-juni-2021-um-19-00-uhr\/\" title=\"Mobilit\u00e4tsplan: Zentrale Bestandsaufnahme am Dienstag, den 8. Juni 2021, um 19.00 Uhr\">[&#8230;]<\/a><\/p>\n<\/div>","protected":false},"author":1,"featured_media":140167,"comment_status":"open","ping_status":"open","sticky":false,"template":"","format":"standard","meta":{"_cbd_carousel_blocks":"[]","footnotes":""},"categories":[16,79,61],"tags":[15779,15776,15777,15778,13296,1624,14657,15780,15694,1480,19,3012,3151,15782,15781],"class_list":{"0":"post-140166","1":"post","2":"type-post","3":"status-publish","4":"format-standard","5":"has-post-thumbnail","7":"category-aktuell","8":"category-politik","9":"category-rathaus","10":"tag-wo-drueckt-der-schuh","11":"tag-08-06-2021","12":"tag-8-juni-2021","13":"tag-bestandsaufnahme","14":"tag-ideen","15":"tag-internet","16":"tag-livestream","17":"tag-oberbuergermeister-peter-reiss","18":"tag-oeffentlichkeitsbeteiligung","19":"tag-rathaus","20":"tag-schwabach","21":"tag-stadt","22":"tag-stadt-schwabach","23":"tag-verkehr-der-zukunft","24":"tag-vorstellungen"},"_links":{"self":[{"href":"https:\/\/www.region-schwabach.de\/wordpress\/wp-json\/wp\/v2\/posts\/140166","targetHints":{"allow":["GET"]}}],"collection":[{"href":"https:\/\/www.region-schwabach.de\/wordpress\/wp-json\/wp\/v2\/posts"}],"about":[{"href":"https:\/\/www.region-schwabach.de\/wordpress\/wp-json\/wp\/v2\/types\/post"}],"author":[{"embeddable":true,"href":"https:\/\/www.region-schwabach.de\/wordpress\/wp-json\/wp\/v2\/users\/1"}],"replies":[{"embeddable":true,"href":"https:\/\/www.region-schwabach.de\/wordpress\/wp-json\/wp\/v2\/comments?post=140166"}],"version-history":[{"count":0,"href":"https:\/\/www.region-schwabach.de\/wordpress\/wp-json\/wp\/v2\/posts\/140166\/revisions"}],"wp:featuredmedia":[{"embeddable":true,"href":"https:\/\/www.region-schwabach.de\/wordpress\/wp-json\/wp\/v2\/media\/140167"}],"wp:attachment":[{"href":"https:\/\/www.region-schwabach.de\/wordpress\/wp-json\/wp\/v2\/media?parent=140166"}],"wp:term":[{"taxonomy":"category","embeddable":true,"href":"https:\/\/www.region-schwabach.de\/wordpress\/wp-json\/wp\/v2\/categories?post=140166"},{"taxonomy":"post_tag","embeddable":true,"href":"https:\/\/www.region-schwabach.de\/wordpress\/wp-json\/wp\/v2\/tags?post=140166"}],"curies":[{"name":"wp","href":"https:\/\/api.w.org\/{rel}","templated":true}]}}