{"id":140447,"date":"2021-06-21T01:40:00","date_gmt":"2021-06-20T23:40:00","guid":{"rendered":"https:\/\/www.region-schwabach.de\/wordpress\/?p=140447"},"modified":"2021-06-21T09:11:45","modified_gmt":"2021-06-21T07:11:45","slug":"bewerbungsfrist-fur-umwelt-und-naturschutzpreis-endet-am-montag-den-21-juni-2021","status":"publish","type":"post","link":"https:\/\/www.region-schwabach.de\/wordpress\/bewerbungsfrist-fur-umwelt-und-naturschutzpreis-endet-am-montag-den-21-juni-2021\/","title":{"rendered":"Bewerbungsfrist f\u00fcr Umwelt- und Naturschutzpreis endet am Montag, den 21. Juni 2021"},"content":{"rendered":"\t\t<div data-elementor-type=\"wp-post\" data-elementor-id=\"140447\" class=\"elementor elementor-140447\">\n\t\t\t\t\t\t<section class=\"elementor-section elementor-top-section elementor-element elementor-element-678181b elementor-section-boxed elementor-section-height-default elementor-section-height-default\" data-id=\"678181b\" data-element_type=\"section\">\n\t\t\t\t\t\t<div class=\"elementor-container elementor-column-gap-default\">\n\t\t\t\t\t<div class=\"elementor-column elementor-col-50 elementor-top-column elementor-element elementor-element-6b34026\" data-id=\"6b34026\" data-element_type=\"column\">\n\t\t\t<div class=\"elementor-widget-wrap elementor-element-populated\">\n\t\t\t\t\t\t<div class=\"elementor-element elementor-element-162acd9 elementor-widget elementor-widget-wp-widget-advads_ad_widget\" data-id=\"162acd9\" data-element_type=\"widget\" data-widget_type=\"wp-widget-advads_ad_widget.default\">\n\t\t\t\t<div class=\"elementor-widget-container\">\n\t\t\t<div id=\"regio-3529151077\"><div class=\"regio-adlabel\">Werbung<\/div><center><a href=\"https:\/\/a.partner-versicherung.de\/click.php?partner_id=19992&ad_id=1578&deep=kreditkarten\"  target=\"_blank\"><img decoding=\"async\" src=\"https:\/\/a.partner-versicherung.de\/view.php?partner_id=19992&ad_id=1578\" ><\/a><\/center><\/div>\t\t<\/div>\n\t\t\t\t<\/div>\n\t\t\t\t<div class=\"elementor-element elementor-element-443ab98 elementor-widget elementor-widget-text-editor\" data-id=\"443ab98\" data-element_type=\"widget\" data-widget_type=\"text-editor.default\">\n\t\t\t\t<div class=\"elementor-widget-container\">\n\t\t\t\t\t\t\t<h3>4.000 Euro Preisgeld<br \/>F\u00fcr Umwelt- und Naturschutzpreis der Stadt bewerben<\/h3><p><span style=\"font-size: 12pt;\">Schwabach &#8211; Ab sofort k\u00f6nnen sich Schulen und Kinderg\u00e4rten, Vereine und Privatpersonen\u00a0sowie Betriebe, Unternehmen und Institutionen f\u00fcr den Umwelt- und\u00a0Naturschutzpreis der Stadt Schwabach bewerben. In diesem Jahr ist das Motto\u00a0<\/span><span style=\"font-size: 12pt;\">\u201eNachhaltigkeit\u201c.<\/span><\/p><h3><strong>Motto \u201eArtenvielfalt\u201c<\/strong><\/h3><p><span style=\"font-size: 12pt;\">\u201eArtenvielfalt\u201c ist das Motto diesj\u00e4hrigen Umwelt- und Naturschutzpreises. In diesem Kontext stehen auch die Themen Artensterben und Artenschutz. Eine Million Arten und damit jede achte Tier- und Pflanzenart ist weltweit vom Aussterben bedroht. Der Artenreichtum und die Anzahl der Individuen nimmt laut UN in den letzten Jahren immer weiter ab und der Artenschwund verl\u00e4uft immer schneller. Wissenschaftler vermuten sogar einen Zusammenhang zwischen dem Verlust an Arten und dem Ausbruch von Pandemien.<\/span><\/p><h3><strong>Jeder kann mithelfen<\/strong><\/h3><p><span style=\"font-size: 12pt;\">\u201eDie Artenvielfalt zu f\u00f6rdern ist daher das Gebot der Stunde\u201c, so Monika Roder vom Schwabacher Umweltschutzamt. Jeder Balkon- oder Gartenbesitzer kann dazu etwas beitragen. Aber auch Betriebe, Unternehmen und \u00f6ffentliche Einrichtungen haben Freifl\u00e4chen, auf denen die Artenvielfalt gef\u00f6rdert werden kann. Das Engagement f\u00fcr die Artenvielfalt kann also sehr unterschiedlich aussehen und auch die Umweltbildung geh\u00f6rt dazu: z.B. Nisthilfen anbringen, einheimischer Arten f\u00f6rdern, auf intensive Nutzung verzichten und damit auf vorhandene freilebende Tierarten und Gr\u00fcnbest\u00e4nde R\u00fccksicht nehmen (Pflegemanagement) \u2013 es gibt viele M\u00f6glichkeiten!<\/span><\/p><h3><strong>Preisgeld 4.000 Euro<\/strong><\/h3><p><span style=\"font-size: 12pt;\">2021 k\u00f6nnen wieder Teile des Preisgelds von insgesamt 4.000 Euro als F\u00f6rderpreis vergeben werden. Mit dem Umwelt- und Naturschutzpreis k\u00f6nnen also nicht nur bereits vollendete T\u00e4tigkeiten gew\u00fcrdigt, sondern auch Projektinitiativen pr\u00e4miert werden. Einzige Voraussetzung ist dabei, dass bereits Leistungen im Umweltbereich und ein Konzept f\u00fcr die zweckgerechte Verwendung des Preisgeldes vorgewiesen werden. Schulen, Kinderg\u00e4rten sowie Kinder- und Jugendgruppen sind besonders aufgefordert sich aktiv mit diesem Thema auseinanderzusetzen. Die Projektumsetzung kann dann im besten Falle mit einem F\u00f6rderpreis finanziert werden.<\/span><\/p><h3><strong>Bewerbungsbogen bis 21. Juni 2021 einreichen<\/strong><\/h3><p><span style=\"font-size: 12pt;\">Um die Bewerbung zu vereinfachen steht wieder ein\u00a0<a dir=\"ltr\" title=\"Bewerbungsbogen\" href=\"https:\/\/www.schwabach.de\/images\/referate\/referat_2\/Umweltschutzamt\/Agenda_21\/Umwelt_und_Naturschutzpreis\/Bewerbungsbogen_21_zum_Ausf%C3%BCllen.pdf\" target=\"_blank\" rel=\"noopener\">Bewerbungsbogen<\/a>\u00a0zur Verf\u00fcgung. Dieser beinhaltet auch die M\u00f6glichkeit des Vorschlags durch Dritte. Die\u00a0<a dir=\"ltr\" href=\"https:\/\/www.schwabach.de\/images\/referate\/referat_2\/Umweltschutzamt\/Agenda_21\/Umwelt_und_Naturschutzpreis\/Ausf%C3%BChrungsleitlinien_Satzung.pdf\" target=\"_blank\" rel=\"noopener\">Leitlinien zur Vergabe des Schwabacher Umwelt- und Naturschutzpreises\u00a0<\/a>informieren \u00fcber die Voraussetzungen, Vorgehensweise und den Entscheidungsprozess bis zur Preisvergabe. Das Preisgericht freut sich auf eine Vielzahl kreativer und nachahmenswerter Beispiele zur F\u00f6rderung der Artenvielfalt. Bewerber aus anderen Bereichen des Umweltschutzes werden bei der Preisvergabe ebenfalls ber\u00fccksichtigt. Voraussetzung f\u00fcr eine erfolgreiche Bewerbung ist, dass die Leistungen bzw. Projekte in Schwabach stattfinden bzw. direkte Auswirkungen im Stadtgebiet haben.<\/span><\/p><p><span style=\"font-size: 12pt;\">Die Bewerbungen m\u00fcssen bis sp\u00e4testens Montag, 21. Juni 2021 beim Umweltschutzamt der Stadt Schwabach, Albrecht-Achilles-Str. 6 &#8211; 8 bzw. per Mail:\u00a0<span id=\"cloak9f3a5d3960607b81a9bfa19c8529fcb1\"><a href=\"mailto:umweltschutzamt@schwabach.de\" target=\"_blank\" rel=\"noopener\">umweltschutzamt@schwabach.de<\/a><\/span>\u00a0eingegangen sein. F\u00fcr Ihre aussagekr\u00e4ftige Bewerbung nutzen Sie bitte den\u00a0<a dir=\"ltr\" title=\"Bewerbungsbogen\" href=\"https:\/\/www.schwabach.de\/images\/referate\/referat_2\/Umweltschutzamt\/Agenda_21\/Umwelt_und_Naturschutzpreis\/Bewerbungsbogen_21_zum_Ausf%C3%BCllen.pdf\" target=\"_blank\" rel=\"noopener\">Bewerbungsbogen\u00a0<\/a>und f\u00fcgen ggf. Belege z.B. Zeitungsartikel oder Projektbeschreibungen bei.<\/span><\/p><h3>Weiterf\u00fchrende Links:<\/h3><p><a href=\"https:\/\/www.schwabach.de\/de\/stadtverwaltung\/referat-2-recht-soziales-und-umwelt\/87-umweltschutzamt\/56-umweltschutzamt.html\" target=\"_blank\" rel=\"noopener\"><span style=\"font-size: 12pt;\">Hier geht&#8217;s zur Homepage des Umweltschutzamtes &#8230;<\/span><\/a><\/p><p><span style=\"font-size: 12pt;\"><a href=\"https:\/\/www.schwabach.de\/images\/referate\/referat_2\/Umweltschutzamt\/Agenda_21\/Umwelt_und_Naturschutzpreis\/Bewerbungsbogen_21_zum_Ausf%C3%BCllen.pdf\" target=\"_blank\" rel=\"noopener\">Den Bewerbungsbogen zum Download gibt es hier &#8230;<\/a><\/span><\/p>\t\t\t\t\t\t<\/div>\n\t\t\t\t<\/div>\n\t\t\t\t\t<\/div>\n\t\t<\/div>\n\t\t\t\t<div class=\"elementor-column elementor-col-50 elementor-top-column elementor-element elementor-element-7f63ca6\" data-id=\"7f63ca6\" data-element_type=\"column\">\n\t\t\t<div class=\"elementor-widget-wrap elementor-element-populated\">\n\t\t\t\t\t\t<div class=\"elementor-element elementor-element-e6f5bb8 elementor-widget elementor-widget-heading\" data-id=\"e6f5bb8\" data-element_type=\"widget\" data-widget_type=\"heading.default\">\n\t\t\t\t<div class=\"elementor-widget-container\">\n\t\t\t<h3 class=\"elementor-heading-title elementor-size-default\">Schnell vergleichen und sparen!<\/h3>\t\t<\/div>\n\t\t\t\t<\/div>\n\t\t\t\t<div class=\"elementor-element elementor-element-90110c1 elementor-widget elementor-widget-wp-widget-advads_ad_widget\" data-id=\"90110c1\" data-element_type=\"widget\" data-widget_type=\"wp-widget-advads_ad_widget.default\">\n\t\t\t\t<div class=\"elementor-widget-container\">\n\t\t\t<div id=\"regio-2061032596\"><div class=\"regio-adlabel\">Werbung<\/div><!-- Beginn https:\/\/www.financeads.net\/-Code --><a href=\"https:\/\/www.financeads.net\/tc.php?t=36648C236142529B\" target=\"_blank\"><img fetchpriority=\"high\" decoding=\"async\" src=\"https:\/\/www.financeads.net\/tb.php?t=36648V236142529B&https=1\" alt=\"\" border=\"0\" width=\"300\" height=\"250\"><\/a><!-- Ende https:\/\/www.financeads.net\/-Code --><\/div>\t\t<\/div>\n\t\t\t\t<\/div>\n\t\t\t\t<div class=\"elementor-element elementor-element-5bee4c5 elementor-widget elementor-widget-wp-widget-advads_ad_widget\" data-id=\"5bee4c5\" data-element_type=\"widget\" data-widget_type=\"wp-widget-advads_ad_widget.default\">\n\t\t\t\t<div class=\"elementor-widget-container\">\n\t\t\t<div id=\"regio-2556039731\"><div class=\"regio-adlabel\">Werbung<\/div><!-- Beginn https:\/\/www.financeads.net\/-Code --><a href=\"https:\/\/www.financeads.net\/tc.php?t=36648C42614510B\" target=\"_blank\"><img decoding=\"async\" src=\"https:\/\/www.financeads.net\/tb.php?t=36648V42614510B&https=1\" alt=\"\" border=\"0\" width=\"200\" height=\"300\"><\/a><!-- Ende https:\/\/www.financeads.net\/-Code --><\/div>\t\t<\/div>\n\t\t\t\t<\/div>\n\t\t\t\t<div class=\"elementor-element elementor-element-6437f44 elementor-widget elementor-widget-wp-widget-advads_ad_widget\" data-id=\"6437f44\" data-element_type=\"widget\" data-widget_type=\"wp-widget-advads_ad_widget.default\">\n\t\t\t\t<div class=\"elementor-widget-container\">\n\t\t\t<div id=\"regio-1796820398\"><div class=\"regio-adlabel\">Werbung<\/div><!-- Beginn https:\/\/www.financeads.net\/-Code --><a href=\"https:\/\/www.financeads.net\/tc.php?t=36648C205040072B\" target=\"_blank\"><img decoding=\"async\" src=\"https:\/\/www.financeads.net\/tb.php?t=36648V205040072B&https=1\" alt=\"\" border=\"0\" width=\"300\" height=\"250\"><\/a><!-- Ende https:\/\/www.financeads.net\/-Code --><\/div>\t\t<\/div>\n\t\t\t\t<\/div>\n\t\t\t\t<div class=\"elementor-element elementor-element-c1c7a5f elementor-widget elementor-widget-wp-widget-advads_ad_widget\" data-id=\"c1c7a5f\" data-element_type=\"widget\" data-widget_type=\"wp-widget-advads_ad_widget.default\">\n\t\t\t\t<div class=\"elementor-widget-container\">\n\t\t\t<div id=\"regio-3279026235\"><div class=\"regio-adlabel\">Werbung<\/div><!-- Beginn https:\/\/www.financeads.net\/-Code --><a href=\"https:\/\/www.financeads.net\/tc.php?t=36648C271460142B\" target=\"_blank\"><img loading=\"lazy\" decoding=\"async\" src=\"https:\/\/www.financeads.net\/tb.php?t=36648V271460142B&https=1\" alt=\"PETPROTECT_Hund&Katze_Banner\" border=\"0\" width=\"250\" height=\"250\"><\/a><!-- Ende https:\/\/www.financeads.net\/-Code --><\/div>\t\t<\/div>\n\t\t\t\t<\/div>\n\t\t\t\t\t<\/div>\n\t\t<\/div>\n\t\t\t\t\t<\/div>\n\t\t<\/section>\n\t\t\t\t<\/div>\n\t\t","protected":false},"excerpt":{"rendered":"<div class=\"mh-excerpt\"><p>4.000 Euro Preisgeld F\u00fcr Umwelt- und Naturschutzpreis der Stadt bewerben Schwabach &#8211; Ab sofort k\u00f6nnen sich Schulen und Kinderg\u00e4rten, Vereine und Privatpersonen&nbsp;sowie Betriebe, Unternehmen und Institutionen f\u00fcr den Umwelt- und&nbsp;Naturschutzpreis der Stadt Schwabach bewerben. In <a class=\"mh-excerpt-more\" href=\"https:\/\/www.region-schwabach.de\/wordpress\/bewerbungsfrist-fur-umwelt-und-naturschutzpreis-endet-am-montag-den-21-juni-2021\/\" title=\"Bewerbungsfrist f\u00fcr Umwelt- und Naturschutzpreis endet am Montag, den 21. Juni 2021\">[&#8230;]<\/a><\/p>\n<\/div>","protected":false},"author":1,"featured_media":140448,"comment_status":"open","ping_status":"open","sticky":false,"template":"","format":"standard","meta":{"_cbd_carousel_blocks":"[]","footnotes":""},"categories":[16,79,61,203,46,204],"tags":[15816,15817,4360,8071,15815,822,8068,8070,1480,8013,19,3151,8067,207,6907,6932],"class_list":{"0":"post-140447","1":"post","2":"type-post","3":"status-publish","4":"format-standard","5":"has-post-thumbnail","7":"category-aktuell","8":"category-politik","9":"category-rathaus","10":"category-umwelt-nachrichten","11":"category-verbaende","12":"category-wettbewerb","13":"tag-21-juni-2021","14":"tag-21-06-2021","15":"tag-betriebe","16":"tag-institutionen","17":"tag-juni-2021","18":"tag-kindergarten","19":"tag-preisgeld","20":"tag-privatpersonen","21":"tag-rathaus","22":"tag-schulen","23":"tag-schwabach","24":"tag-stadt-schwabach","25":"tag-umwelt-und-naturschutzpreis","26":"tag-umweltschutzamt","27":"tag-unternehmen","28":"tag-vereine"},"_links":{"self":[{"href":"https:\/\/www.region-schwabach.de\/wordpress\/wp-json\/wp\/v2\/posts\/140447","targetHints":{"allow":["GET"]}}],"collection":[{"href":"https:\/\/www.region-schwabach.de\/wordpress\/wp-json\/wp\/v2\/posts"}],"about":[{"href":"https:\/\/www.region-schwabach.de\/wordpress\/wp-json\/wp\/v2\/types\/post"}],"author":[{"embeddable":true,"href":"https:\/\/www.region-schwabach.de\/wordpress\/wp-json\/wp\/v2\/users\/1"}],"replies":[{"embeddable":true,"href":"https:\/\/www.region-schwabach.de\/wordpress\/wp-json\/wp\/v2\/comments?post=140447"}],"version-history":[{"count":0,"href":"https:\/\/www.region-schwabach.de\/wordpress\/wp-json\/wp\/v2\/posts\/140447\/revisions"}],"wp:featuredmedia":[{"embeddable":true,"href":"https:\/\/www.region-schwabach.de\/wordpress\/wp-json\/wp\/v2\/media\/140448"}],"wp:attachment":[{"href":"https:\/\/www.region-schwabach.de\/wordpress\/wp-json\/wp\/v2\/media?parent=140447"}],"wp:term":[{"taxonomy":"category","embeddable":true,"href":"https:\/\/www.region-schwabach.de\/wordpress\/wp-json\/wp\/v2\/categories?post=140447"},{"taxonomy":"post_tag","embeddable":true,"href":"https:\/\/www.region-schwabach.de\/wordpress\/wp-json\/wp\/v2\/tags?post=140447"}],"curies":[{"name":"wp","href":"https:\/\/api.w.org\/{rel}","templated":true}]}}