{"id":140736,"date":"2021-06-17T01:45:00","date_gmt":"2021-06-16T23:45:00","guid":{"rendered":"https:\/\/www.region-schwabach.de\/wordpress\/?p=140736"},"modified":"2021-06-17T08:43:22","modified_gmt":"2021-06-17T06:43:22","slug":"impulsvortrag-mobilitatsplan-offentliche-raume-als-ressource-in-der-stadt-und-verkehrsplanung-am-donnerstag-den-19-juni-2021-um-19-00-uhr","status":"publish","type":"post","link":"https:\/\/www.region-schwabach.de\/wordpress\/impulsvortrag-mobilitatsplan-offentliche-raume-als-ressource-in-der-stadt-und-verkehrsplanung-am-donnerstag-den-19-juni-2021-um-19-00-uhr\/","title":{"rendered":"Impulsvortrag Mobilit\u00e4tsplan: &#8222;\u00d6ffentliche R\u00e4ume als Ressource in der Stadt und Verkehrsplanung&#8220; am Donnerstag, den 19. Juni 2021, um 19.00 Uhr"},"content":{"rendered":"\t\t<div data-elementor-type=\"wp-post\" data-elementor-id=\"140736\" class=\"elementor elementor-140736\">\n\t\t\t\t\t\t<section class=\"elementor-section elementor-top-section elementor-element elementor-element-678181b elementor-section-boxed elementor-section-height-default elementor-section-height-default\" data-id=\"678181b\" data-element_type=\"section\">\n\t\t\t\t\t\t<div class=\"elementor-container elementor-column-gap-default\">\n\t\t\t\t\t<div class=\"elementor-column elementor-col-50 elementor-top-column elementor-element elementor-element-6b34026\" data-id=\"6b34026\" data-element_type=\"column\">\n\t\t\t<div class=\"elementor-widget-wrap elementor-element-populated\">\n\t\t\t\t\t\t<div class=\"elementor-element elementor-element-12bd100 elementor-widget elementor-widget-wp-widget-advads_ad_widget\" data-id=\"12bd100\" data-element_type=\"widget\" data-widget_type=\"wp-widget-advads_ad_widget.default\">\n\t\t\t\t<div class=\"elementor-widget-container\">\n\t\t\t<div id=\"regio-2490854341\"><div class=\"regio-adlabel\">Werbung<\/div><center><a href=\"https:\/\/a.partner-versicherung.de\/click.php?partner_id=19992&ad_id=1578&deep=kreditkarten\"  target=\"_blank\"><img decoding=\"async\" src=\"https:\/\/a.partner-versicherung.de\/view.php?partner_id=19992&ad_id=1578\" ><\/a><\/center><\/div>\t\t<\/div>\n\t\t\t\t<\/div>\n\t\t\t\t<div class=\"elementor-element elementor-element-443ab98 elementor-widget elementor-widget-text-editor\" data-id=\"443ab98\" data-element_type=\"widget\" data-widget_type=\"text-editor.default\">\n\t\t\t\t<div class=\"elementor-widget-container\">\n\t\t\t\t\t\t\t<h3>Livestream auf <a href=\"http:\/\/www.schwabach.de\/mobilitaetsplan\" target=\"_blank\" rel=\"noopener\">www.schwabach.de\/mobilitaetsplan<\/a><br \/>Mobilit\u00e4tsplan: Impulsvortrag am 17. Juni 2021um 19.00 Uhr<\/h3><p><span style=\"font-size: 12pt;\">Schwabach &#8211;\u00a0Derzeit l\u00e4uft die B\u00fcrgerbeteiligung zum Mobilit\u00e4tsplan Schwabach. Am Donnerstag, 17. Juni, findet ein weiterer Impulsvortrag statt. Wolfgang Aichinger, Berater f\u00fcr nachhaltige Mobilit\u00e4t aus Berlin, spricht zum Thema &#8222;\u00d6ffentliche R\u00e4ume als Ressource in der Stadt und Verkehrsplanung, Umgang mit Fl\u00e4chenkonkurrenz&#8220;. Der Vortrag wird wieder gestreamt und kann live im Internet mitverfolgt werden. Im Chat k\u00f6nnen Fragen dazu gestellt werden. <\/span><\/p><p><span style=\"font-size: 12pt;\"><strong>Hinweis: Nur mit aktuellen Browsern wie Firefox oder Chrome funktioniert das Streamen problemlos.<\/strong> <\/span><\/p><p><span style=\"font-size: 12pt;\">F\u00fcr die Zieldiskussion \u201eWo wollen wir hin?\u201c am Montag, 12. Juli, die derzeit als Pr\u00e4senzveranstaltung geplant wird, werden noch Meinungsbilder zu den verkehrspolitischen Zielvorstellungen gesammelt.\u00a0Interessierte k\u00f6nnen Anregungen w\u00e4hrend der Veranstaltung im Chat einreichen.<\/span><\/p>\t\t\t\t\t\t<\/div>\n\t\t\t\t<\/div>\n\t\t\t\t<div class=\"elementor-element elementor-element-5e40ba1 elementor-widget elementor-widget-shortcode\" data-id=\"5e40ba1\" data-element_type=\"widget\" data-widget_type=\"shortcode.default\">\n\t\t\t\t<div class=\"elementor-widget-container\">\n\t\t\t\t\t<div class=\"elementor-shortcode\"><!-- Beginn https:\/\/www.financeads.net\/-Code --><a href=\"https:\/\/www.financeads.net\/tc.php?t=36648C38513858B\" target=\"_blank\"><center><img decoding=\"async\" src=\"https:\/\/www.financeads.net\/tb.php?t=36648V38513858B&https=1\" alt=\"\" border=\"0\" width=\"468\" height=\"60\"><\/a><!-- Ende https:\/\/www.financeads.net\/-Code --><\/div>\n\t\t\t\t<\/div>\n\t\t\t\t<\/div>\n\t\t\t\t<div class=\"elementor-element elementor-element-21c3450 elementor-widget-divider--view-line elementor-widget elementor-widget-divider\" data-id=\"21c3450\" data-element_type=\"widget\" data-widget_type=\"divider.default\">\n\t\t\t\t<div class=\"elementor-widget-container\">\n\t\t\t\t\t<div class=\"elementor-divider\">\n\t\t\t<span class=\"elementor-divider-separator\">\n\t\t\t\t\t\t<\/span>\n\t\t<\/div>\n\t\t\t\t<\/div>\n\t\t\t\t<\/div>\n\t\t\t\t<div class=\"elementor-element elementor-element-f4c690c elementor-widget elementor-widget-google_maps\" data-id=\"f4c690c\" data-element_type=\"widget\" data-widget_type=\"google_maps.default\">\n\t\t\t\t<div class=\"elementor-widget-container\">\n\t\t\t\t\t<div class=\"elementor-custom-embed\">\n\t\t\t<iframe loading=\"lazy\"\n\t\t\t\t\tsrc=\"https:\/\/maps.google.com\/maps?q=K%C3%B6nigsplatz%201%2C%20Schwabach%2C%20Deutschland&#038;t=m&#038;z=17&#038;output=embed&#038;iwloc=near\"\n\t\t\t\t\ttitle=\"K\u00f6nigsplatz 1, Schwabach, Deutschland\"\n\t\t\t\t\taria-label=\"K\u00f6nigsplatz 1, Schwabach, Deutschland\"\n\t\t\t><\/iframe>\n\t\t<\/div>\n\t\t\t\t<\/div>\n\t\t\t\t<\/div>\n\t\t\t\t\t<\/div>\n\t\t<\/div>\n\t\t\t\t<div class=\"elementor-column elementor-col-50 elementor-top-column elementor-element elementor-element-4e52952\" data-id=\"4e52952\" data-element_type=\"column\">\n\t\t\t<div class=\"elementor-widget-wrap elementor-element-populated\">\n\t\t\t\t\t\t<div class=\"elementor-element elementor-element-a58da64 elementor-widget elementor-widget-heading\" data-id=\"a58da64\" data-element_type=\"widget\" data-widget_type=\"heading.default\">\n\t\t\t\t<div class=\"elementor-widget-container\">\n\t\t\t<h3 class=\"elementor-heading-title elementor-size-default\">Schnell vergleichen und sparen!<\/h3>\t\t<\/div>\n\t\t\t\t<\/div>\n\t\t\t\t<div class=\"elementor-element elementor-element-c140805 elementor-widget elementor-widget-wp-widget-advads_ad_widget\" data-id=\"c140805\" data-element_type=\"widget\" data-widget_type=\"wp-widget-advads_ad_widget.default\">\n\t\t\t\t<div class=\"elementor-widget-container\">\n\t\t\t<div id=\"regio-3447722880\"><div class=\"regio-adlabel\">Werbung<\/div><!-- Beginn https:\/\/www.financeads.net\/-Code --><a href=\"https:\/\/www.financeads.net\/tc.php?t=36648C236142529B\" target=\"_blank\"><img fetchpriority=\"high\" decoding=\"async\" src=\"https:\/\/www.financeads.net\/tb.php?t=36648V236142529B&https=1\" alt=\"\" border=\"0\" width=\"300\" height=\"250\"><\/a><!-- Ende https:\/\/www.financeads.net\/-Code --><\/div>\t\t<\/div>\n\t\t\t\t<\/div>\n\t\t\t\t<div class=\"elementor-element elementor-element-751c2e2 elementor-widget elementor-widget-wp-widget-advads_ad_widget\" data-id=\"751c2e2\" data-element_type=\"widget\" data-widget_type=\"wp-widget-advads_ad_widget.default\">\n\t\t\t\t<div class=\"elementor-widget-container\">\n\t\t\t<div id=\"regio-371396252\"><div class=\"regio-adlabel\">Werbung<\/div><!-- Beginn https:\/\/www.financeads.net\/-Code --><a href=\"https:\/\/www.financeads.net\/tc.php?t=36648C42614510B\" target=\"_blank\"><img decoding=\"async\" src=\"https:\/\/www.financeads.net\/tb.php?t=36648V42614510B&https=1\" alt=\"\" border=\"0\" width=\"200\" height=\"300\"><\/a><!-- Ende https:\/\/www.financeads.net\/-Code --><\/div>\t\t<\/div>\n\t\t\t\t<\/div>\n\t\t\t\t<div class=\"elementor-element elementor-element-9ae0d5b elementor-widget elementor-widget-wp-widget-advads_ad_widget\" data-id=\"9ae0d5b\" data-element_type=\"widget\" data-widget_type=\"wp-widget-advads_ad_widget.default\">\n\t\t\t\t<div class=\"elementor-widget-container\">\n\t\t\t<div id=\"regio-550116114\"><div class=\"regio-adlabel\">Werbung<\/div><!-- Beginn https:\/\/www.financeads.net\/-Code --><a href=\"https:\/\/www.financeads.net\/tc.php?t=36648C205040072B\" target=\"_blank\"><img loading=\"lazy\" decoding=\"async\" src=\"https:\/\/www.financeads.net\/tb.php?t=36648V205040072B&https=1\" alt=\"\" border=\"0\" width=\"300\" height=\"250\"><\/a><!-- Ende https:\/\/www.financeads.net\/-Code --><\/div>\t\t<\/div>\n\t\t\t\t<\/div>\n\t\t\t\t<div class=\"elementor-element elementor-element-6283ea6 elementor-widget elementor-widget-wp-widget-advads_ad_widget\" data-id=\"6283ea6\" data-element_type=\"widget\" data-widget_type=\"wp-widget-advads_ad_widget.default\">\n\t\t\t\t<div class=\"elementor-widget-container\">\n\t\t\t<div id=\"regio-838798507\"><div class=\"regio-adlabel\">Werbung<\/div><!-- Beginn https:\/\/www.financeads.net\/-Code --><a href=\"https:\/\/www.financeads.net\/tc.php?t=36648C271460142B\" target=\"_blank\"><img loading=\"lazy\" decoding=\"async\" src=\"https:\/\/www.financeads.net\/tb.php?t=36648V271460142B&https=1\" alt=\"PETPROTECT_Hund&Katze_Banner\" border=\"0\" width=\"250\" height=\"250\"><\/a><!-- Ende https:\/\/www.financeads.net\/-Code --><\/div>\t\t<\/div>\n\t\t\t\t<\/div>\n\t\t\t\t\t<\/div>\n\t\t<\/div>\n\t\t\t\t\t<\/div>\n\t\t<\/section>\n\t\t\t\t<\/div>\n\t\t","protected":false},"excerpt":{"rendered":"<div class=\"mh-excerpt\"><p>Livestream auf www.schwabach.de\/mobilitaetsplan Mobilit\u00e4tsplan: Impulsvortrag am 17. Juni 2021um 19.00 Uhr Schwabach &#8211;&nbsp;Derzeit l\u00e4uft die B\u00fcrgerbeteiligung zum Mobilit\u00e4tsplan Schwabach. Am Donnerstag, 17. Juni, findet ein weiterer Impulsvortrag statt. Wolfgang Aichinger, Berater f\u00fcr nachhaltige Mobilit\u00e4t aus <a class=\"mh-excerpt-more\" href=\"https:\/\/www.region-schwabach.de\/wordpress\/impulsvortrag-mobilitatsplan-offentliche-raume-als-ressource-in-der-stadt-und-verkehrsplanung-am-donnerstag-den-19-juni-2021-um-19-00-uhr\/\" title=\"Impulsvortrag Mobilit\u00e4tsplan: &#8222;\u00d6ffentliche R\u00e4ume als Ressource in der Stadt und Verkehrsplanung&#8220; am Donnerstag, den 19. Juni 2021, um 19.00 Uhr\">[&#8230;]<\/a><\/p>\n<\/div>","protected":false},"author":1,"featured_media":140737,"comment_status":"open","ping_status":"open","sticky":false,"template":"","format":"standard","meta":{"_cbd_carousel_blocks":"[]","footnotes":""},"categories":[16,79,61],"tags":[15849,15848,13296,15847,1624,14657,15780,15850,15694,1480,19,3012,3151,15851,15782,15781],"class_list":{"0":"post-140736","1":"post","2":"type-post","3":"status-publish","4":"format-standard","5":"has-post-thumbnail","7":"category-aktuell","8":"category-politik","9":"category-rathaus","10":"tag-17-juni-2021","11":"tag-17-06-2021","12":"tag-ideen","13":"tag-impulsvortrag","14":"tag-internet","15":"tag-livestream","16":"tag-oberbuergermeister-peter-reiss","17":"tag-oeffentliche-raeume-als-ressource-in-der-stadt-und-verkehrsplanung","18":"tag-oeffentlichkeitsbeteiligung","19":"tag-rathaus","20":"tag-schwabach","21":"tag-stadt","22":"tag-stadt-schwabach","23":"tag-umgang-mit-flaechenkonkurrenz","24":"tag-verkehr-der-zukunft","25":"tag-vorstellungen"},"_links":{"self":[{"href":"https:\/\/www.region-schwabach.de\/wordpress\/wp-json\/wp\/v2\/posts\/140736","targetHints":{"allow":["GET"]}}],"collection":[{"href":"https:\/\/www.region-schwabach.de\/wordpress\/wp-json\/wp\/v2\/posts"}],"about":[{"href":"https:\/\/www.region-schwabach.de\/wordpress\/wp-json\/wp\/v2\/types\/post"}],"author":[{"embeddable":true,"href":"https:\/\/www.region-schwabach.de\/wordpress\/wp-json\/wp\/v2\/users\/1"}],"replies":[{"embeddable":true,"href":"https:\/\/www.region-schwabach.de\/wordpress\/wp-json\/wp\/v2\/comments?post=140736"}],"version-history":[{"count":0,"href":"https:\/\/www.region-schwabach.de\/wordpress\/wp-json\/wp\/v2\/posts\/140736\/revisions"}],"wp:featuredmedia":[{"embeddable":true,"href":"https:\/\/www.region-schwabach.de\/wordpress\/wp-json\/wp\/v2\/media\/140737"}],"wp:attachment":[{"href":"https:\/\/www.region-schwabach.de\/wordpress\/wp-json\/wp\/v2\/media?parent=140736"}],"wp:term":[{"taxonomy":"category","embeddable":true,"href":"https:\/\/www.region-schwabach.de\/wordpress\/wp-json\/wp\/v2\/categories?post=140736"},{"taxonomy":"post_tag","embeddable":true,"href":"https:\/\/www.region-schwabach.de\/wordpress\/wp-json\/wp\/v2\/tags?post=140736"}],"curies":[{"name":"wp","href":"https:\/\/api.w.org\/{rel}","templated":true}]}}