{"id":140868,"date":"2021-06-14T02:00:00","date_gmt":"2021-06-14T00:00:00","guid":{"rendered":"https:\/\/www.region-schwabach.de\/wordpress\/?p=140868"},"modified":"2021-06-16T10:39:43","modified_gmt":"2021-06-16T08:39:43","slug":"so-gehts-zum-digitalen-impfnachweis-wieder-erstimpfungen-im-impfzentrum","status":"publish","type":"post","link":"https:\/\/www.region-schwabach.de\/wordpress\/so-gehts-zum-digitalen-impfnachweis-wieder-erstimpfungen-im-impfzentrum\/","title":{"rendered":"So gehts zum digitalen Impfnachweis &#8211; Wieder Erstimpfungen im Impfzentrum"},"content":{"rendered":"\t\t<div data-elementor-type=\"wp-post\" data-elementor-id=\"140868\" class=\"elementor elementor-140868\">\n\t\t\t\t\t\t<section class=\"elementor-section elementor-top-section elementor-element elementor-element-678181b elementor-section-boxed elementor-section-height-default elementor-section-height-default\" data-id=\"678181b\" data-element_type=\"section\">\n\t\t\t\t\t\t<div class=\"elementor-container elementor-column-gap-default\">\n\t\t\t\t\t<div class=\"elementor-column elementor-col-50 elementor-top-column elementor-element elementor-element-6b34026\" data-id=\"6b34026\" data-element_type=\"column\">\n\t\t\t<div class=\"elementor-widget-wrap elementor-element-populated\">\n\t\t\t\t\t\t<div class=\"elementor-element elementor-element-5fea1cd elementor-widget elementor-widget-wp-widget-advads_ad_widget\" data-id=\"5fea1cd\" data-element_type=\"widget\" data-widget_type=\"wp-widget-advads_ad_widget.default\">\n\t\t\t\t<div class=\"elementor-widget-container\">\n\t\t\t<div id=\"regio-376985163\"><div class=\"regio-adlabel\">Werbung<\/div><center><a href=\"https:\/\/a.partner-versicherung.de\/click.php?partner_id=19992&ad_id=1578&deep=kreditkarten\"  target=\"_blank\"><img decoding=\"async\" src=\"https:\/\/a.partner-versicherung.de\/view.php?partner_id=19992&ad_id=1578\" ><\/a><\/center><\/div>\t\t<\/div>\n\t\t\t\t<\/div>\n\t\t\t\t<div class=\"elementor-element elementor-element-443ab98 elementor-widget elementor-widget-text-editor\" data-id=\"443ab98\" data-element_type=\"widget\" data-widget_type=\"text-editor.default\">\n\t\t\t\t<div class=\"elementor-widget-container\">\n\t\t\t\t\t\t\t<h3>So gehts zum digitalen Impfnachweis &#8211;\u00a0<br \/>Wieder Erstimpfungen im Impfzentrum<\/h3><p><span style=\"font-size: 12pt;\">Schwabach &#8211; Nach drei Wochen fast ohne Erstimpfungen sind f\u00fcr die Woche ab 14. Juni wieder 220 Erstimpfungen im Schwabacher Impfzentrum vorgesehen. Die w\u00f6chentlich aktuellen Impfzahlen gibt es auf <a href=\"http:\/\/www.schwabach.de\/impfzentrum\" target=\"_blank\" rel=\"noopener\">www.schwabach.de\/impfzentrum<\/a>, aufgeschl\u00fcsselt nach Impfungen im Impfzentrum und bei den Hausarztpraxen.<\/span><\/p><h3>Impfung digital nachweisen<\/h3><p><span style=\"font-size: 12pt;\">Mit der Einf\u00fchrung des digitalen Impfpasses f\u00fcr alle vollst\u00e4ndig geimpften Personen, gibt es nun eine M\u00f6glichkeit die Impfung zu zahlreichen Anl\u00e4ssen auch digital nachzuweisen. Wie jemand zum digitalen Impfnachweis kommt, richtet sich nach dem Ort der Impfung. Im \u00dcbrigen weist das Impfzentrum darauf hin, dass auch der gelbe Papier-Impfpass weiterhin als Nachweis f\u00fcr die Impfung gilt.<\/span><\/p><h3>Ansonsten gelten folgende Regelungen:<\/h3><p><span style=\"font-size: 12pt;\"><strong>Erst- oder Zweitimpfung im Impfzentrum steht noch bevor:<\/strong><\/span><\/p><ul style=\"list-style-type: disc;\"><li><span style=\"font-size: 12pt;\">Bei jeder neuen Impfung im Impfzentrum erh\u00e4lt man ab sofort direkt vor Ort den QR-Code, der f\u00fcr den digitalen Nachweis n\u00f6tig ist. Achtung: Nicht mit dem digitalen QR-Code auf der Dokumentation verwechseln!<\/span><\/li><\/ul><p><strong><span style=\"font-size: 12pt;\">Die Impfungen wurden im Impfzentrum durchgef\u00fchrt und die betreffende Personen hat noch einen BayIMCO Account auf www.impfzentren.bayern:<\/span><\/strong><\/p><ul style=\"list-style-type: disc;\"><li><span style=\"font-size: 12pt;\">Ab 25. Juni erhalten Sie den QR-Code \u00fcber diesen BayIMCO Account<\/span><\/li><li><span style=\"font-size: 12pt;\">Alternativ kann der digitale Impfnachweis bereits ab 14. Juni von teilnehmenden Apotheken gegen Vorlage des gelben Impfpasses generiert werden.<\/span><\/li><\/ul><p><strong><span style=\"font-size: 12pt;\">Die Impfungen wurden im Impfzentrum gegeben, der BayIMCO Account wurde aber inzwischen gel\u00f6scht:\u00a0\u00a0\u00a0\u00a0\u00a0\u00a0\u00a0\u00a0\u00a0<\/span><\/strong><\/p><ul style=\"list-style-type: disc;\"><li><span style=\"font-size: 12pt;\">Ab Juli steht eine Website zur Verf\u00fcgung auf der ein QR-Code erzeugen werden kann, wenn man keinen Zugriff mehr auf den BayIMCO Account hat.<\/span><\/li><li><span style=\"font-size: 12pt;\">Ab Juli geht das auch \u00fcber die Telefonhotline des Impfzentrums.<\/span><\/li><li><span style=\"font-size: 12pt;\">Alternativ kann der digitale Impfnachweis bereits ab 14. Juni von teilnehmenden Apotheken gegen Vorlage des gelben Impfpasses generiert werden.<\/span><\/li><\/ul><p><strong><span style=\"font-size: 12pt;\">Die Impfungen wurden in einer Arztpraxis oder beim Betriebsarzt vorgenommen:\u00a0\u00a0\u00a0\u00a0\u00a0\u00a0\u00a0\u00a0\u00a0<\/span><\/strong><\/p><ul style=\"list-style-type: disc;\"><li><span style=\"font-size: 12pt;\">Ab dem 14. Juni kann der digitale Impfnachweis von teilnehmenden Apotheken gegen Vorlage des gelben Impfpasses generiert werden.<\/span><\/li><li><span style=\"font-size: 12pt;\">Ab Mitte Juli gibt es auch die M\u00f6glichkeit, dass der\/die impfende Arzt\/\u00c4rztin den QR-Code erstellt.<\/span><\/li><\/ul><p><span style=\"font-size: 12pt;\">Der QR-Code kann mit der Corona-Warn-App oder der CoVPass-App auf dem Smartphone gescannt werden. Mit dem Vorzeigen der App kann der Code dann vor Ort gepr\u00fcft werden. Alternativ kann der QR-Code auch ausgedruckt und vor Ort eingescannt und damit gepr\u00fcft werden. In diesem Fall m\u00fcssen die Personen aber sehr gut auf den Ausdruck achten, da er personenbezogene Daten enth\u00e4lt.<\/span><\/p><p><span style=\"font-size: 12pt;\">Der digitale Impfnachweis ist ein freiwilliges Angebot, niemand ist verpflichtet sich damit auszuweisen. Weitere Informationen auf <a href=\"http:\/\/www.digitaler-impfnachweis-app.de\" target=\"_blank\" rel=\"noopener\">www.digitaler-impfnachweis-app.de<\/a>.<\/span><\/p>\t\t\t\t\t\t<\/div>\n\t\t\t\t<\/div>\n\t\t\t\t<div class=\"elementor-element elementor-element-7cc9469 elementor-widget elementor-widget-shortcode\" data-id=\"7cc9469\" data-element_type=\"widget\" data-widget_type=\"shortcode.default\">\n\t\t\t\t<div class=\"elementor-widget-container\">\n\t\t\t\t\t<div class=\"elementor-shortcode\"><center><a href=\"https:\/\/a.partner-versicherung.de\/click.php?partner_id=19992&ad_id=441&deep=kfz-versicherung\"  target=\"_blank\"><img decoding=\"async\" src=\"https:\/\/a.partner-versicherung.de\/view.php?partner_id=19992&ad_id=441\" ><\/a><\/center><\/div>\n\t\t\t\t<\/div>\n\t\t\t\t<\/div>\n\t\t\t\t<div class=\"elementor-element elementor-element-0c834d7 elementor-widget-divider--view-line elementor-widget elementor-widget-divider\" data-id=\"0c834d7\" data-element_type=\"widget\" data-widget_type=\"divider.default\">\n\t\t\t\t<div class=\"elementor-widget-container\">\n\t\t\t\t\t<div class=\"elementor-divider\">\n\t\t\t<span class=\"elementor-divider-separator\">\n\t\t\t\t\t\t<\/span>\n\t\t<\/div>\n\t\t\t\t<\/div>\n\t\t\t\t<\/div>\n\t\t\t\t<div class=\"elementor-element elementor-element-325f51f elementor-widget elementor-widget-google_maps\" data-id=\"325f51f\" data-element_type=\"widget\" data-widget_type=\"google_maps.default\">\n\t\t\t\t<div class=\"elementor-widget-container\">\n\t\t\t\t\t<div class=\"elementor-custom-embed\">\n\t\t\t<iframe loading=\"lazy\"\n\t\t\t\t\tsrc=\"https:\/\/maps.google.com\/maps?q=Huttersb%C3%BChlstra%C3%9Fe%2023%2C%20Schwabach%2C%20Deutschland&#038;t=m&#038;z=17&#038;output=embed&#038;iwloc=near\"\n\t\t\t\t\ttitle=\"Huttersb\u00fchlstra\u00dfe 23, Schwabach, Deutschland\"\n\t\t\t\t\taria-label=\"Huttersb\u00fchlstra\u00dfe 23, Schwabach, Deutschland\"\n\t\t\t><\/iframe>\n\t\t<\/div>\n\t\t\t\t<\/div>\n\t\t\t\t<\/div>\n\t\t\t\t\t<\/div>\n\t\t<\/div>\n\t\t\t\t<div class=\"elementor-column elementor-col-50 elementor-top-column elementor-element elementor-element-f141625\" data-id=\"f141625\" data-element_type=\"column\">\n\t\t\t<div class=\"elementor-widget-wrap elementor-element-populated\">\n\t\t\t\t\t\t<div class=\"elementor-element elementor-element-aa635e8 elementor-widget elementor-widget-heading\" data-id=\"aa635e8\" data-element_type=\"widget\" data-widget_type=\"heading.default\">\n\t\t\t\t<div class=\"elementor-widget-container\">\n\t\t\t<h3 class=\"elementor-heading-title elementor-size-default\">Schnell vergleichen und sparen!<\/h3>\t\t<\/div>\n\t\t\t\t<\/div>\n\t\t\t\t<div class=\"elementor-element elementor-element-380778c elementor-widget elementor-widget-wp-widget-advads_ad_widget\" data-id=\"380778c\" data-element_type=\"widget\" data-widget_type=\"wp-widget-advads_ad_widget.default\">\n\t\t\t\t<div class=\"elementor-widget-container\">\n\t\t\t<div id=\"regio-2574622387\"><div class=\"regio-adlabel\">Werbung<\/div><!-- Beginn https:\/\/www.financeads.net\/-Code --><a href=\"https:\/\/www.financeads.net\/tc.php?t=36648C236142529B\" target=\"_blank\"><img fetchpriority=\"high\" decoding=\"async\" src=\"https:\/\/www.financeads.net\/tb.php?t=36648V236142529B&https=1\" alt=\"\" border=\"0\" width=\"300\" height=\"250\"><\/a><!-- Ende https:\/\/www.financeads.net\/-Code --><\/div>\t\t<\/div>\n\t\t\t\t<\/div>\n\t\t\t\t<div class=\"elementor-element elementor-element-bd26aa5 elementor-widget elementor-widget-wp-widget-advads_ad_widget\" data-id=\"bd26aa5\" data-element_type=\"widget\" data-widget_type=\"wp-widget-advads_ad_widget.default\">\n\t\t\t\t<div class=\"elementor-widget-container\">\n\t\t\t<div id=\"regio-3532405418\"><div class=\"regio-adlabel\">Werbung<\/div><!-- Beginn https:\/\/www.financeads.net\/-Code --><a href=\"https:\/\/www.financeads.net\/tc.php?t=36648C42614510B\" target=\"_blank\"><img decoding=\"async\" src=\"https:\/\/www.financeads.net\/tb.php?t=36648V42614510B&https=1\" alt=\"\" border=\"0\" width=\"200\" height=\"300\"><\/a><!-- Ende https:\/\/www.financeads.net\/-Code --><\/div>\t\t<\/div>\n\t\t\t\t<\/div>\n\t\t\t\t<div class=\"elementor-element elementor-element-abfc6b5 elementor-widget elementor-widget-wp-widget-advads_ad_widget\" data-id=\"abfc6b5\" data-element_type=\"widget\" data-widget_type=\"wp-widget-advads_ad_widget.default\">\n\t\t\t\t<div class=\"elementor-widget-container\">\n\t\t\t<div id=\"regio-3032555485\"><div class=\"regio-adlabel\">Werbung<\/div><!-- Beginn https:\/\/www.financeads.net\/-Code --><a href=\"https:\/\/www.financeads.net\/tc.php?t=36648C205040072B\" target=\"_blank\"><img decoding=\"async\" src=\"https:\/\/www.financeads.net\/tb.php?t=36648V205040072B&https=1\" alt=\"\" border=\"0\" width=\"300\" height=\"250\"><\/a><!-- Ende https:\/\/www.financeads.net\/-Code --><\/div>\t\t<\/div>\n\t\t\t\t<\/div>\n\t\t\t\t<div class=\"elementor-element elementor-element-9b68655 elementor-widget elementor-widget-wp-widget-advads_ad_widget\" data-id=\"9b68655\" data-element_type=\"widget\" data-widget_type=\"wp-widget-advads_ad_widget.default\">\n\t\t\t\t<div class=\"elementor-widget-container\">\n\t\t\t<div id=\"regio-2533730364\"><div class=\"regio-adlabel\">Werbung<\/div><!-- Beginn https:\/\/www.financeads.net\/-Code --><a href=\"https:\/\/www.financeads.net\/tc.php?t=36648C271460142B\" target=\"_blank\"><img loading=\"lazy\" decoding=\"async\" src=\"https:\/\/www.financeads.net\/tb.php?t=36648V271460142B&https=1\" alt=\"PETPROTECT_Hund&Katze_Banner\" border=\"0\" width=\"250\" height=\"250\"><\/a><!-- Ende https:\/\/www.financeads.net\/-Code --><\/div>\t\t<\/div>\n\t\t\t\t<\/div>\n\t\t\t\t\t<\/div>\n\t\t<\/div>\n\t\t\t\t\t<\/div>\n\t\t<\/section>\n\t\t\t\t<\/div>\n\t\t","protected":false},"excerpt":{"rendered":"<div class=\"mh-excerpt\"><p>So gehts zum digitalen Impfnachweis &#8211;\u00a0Wieder Erstimpfungen im Impfzentrum Schwabach &#8211; Nach drei Wochen fast ohne Erstimpfungen sind f\u00fcr die Woche ab 14. Juni wieder 220 Erstimpfungen im Schwabacher Impfzentrum vorgesehen. Die w\u00f6chentlich aktuellen Impfzahlen <a class=\"mh-excerpt-more\" href=\"https:\/\/www.region-schwabach.de\/wordpress\/so-gehts-zum-digitalen-impfnachweis-wieder-erstimpfungen-im-impfzentrum\/\" title=\"So gehts zum digitalen Impfnachweis &#8211; Wieder Erstimpfungen im Impfzentrum\">[&#8230;]<\/a><\/p>\n<\/div>","protected":false},"author":1,"featured_media":140869,"comment_status":"open","ping_status":"open","sticky":false,"template":"","format":"standard","meta":{"_cbd_carousel_blocks":"[]","footnotes":""},"categories":[16,287,61],"tags":[1490,15875,15874,13293,15873,15876,4422,14468,14472,522,1480,19,3012,3151],"class_list":{"0":"post-140868","1":"post","2":"type-post","3":"status-publish","4":"format-standard","5":"has-post-thumbnail","7":"category-aktuell","8":"category-jugend-und-familie","9":"category-rathaus","10":"tag-arztpraxis","11":"tag-bayimco","12":"tag-betriebsarzt","13":"tag-corona-faelle","14":"tag-digitaler-impfnachweis","15":"tag-digitaler-impfpass","16":"tag-huttersbuehlstrasse","17":"tag-impfung","18":"tag-impfzentrum","19":"tag-koenigsplatz","20":"tag-rathaus","21":"tag-schwabach","22":"tag-stadt","23":"tag-stadt-schwabach"},"_links":{"self":[{"href":"https:\/\/www.region-schwabach.de\/wordpress\/wp-json\/wp\/v2\/posts\/140868","targetHints":{"allow":["GET"]}}],"collection":[{"href":"https:\/\/www.region-schwabach.de\/wordpress\/wp-json\/wp\/v2\/posts"}],"about":[{"href":"https:\/\/www.region-schwabach.de\/wordpress\/wp-json\/wp\/v2\/types\/post"}],"author":[{"embeddable":true,"href":"https:\/\/www.region-schwabach.de\/wordpress\/wp-json\/wp\/v2\/users\/1"}],"replies":[{"embeddable":true,"href":"https:\/\/www.region-schwabach.de\/wordpress\/wp-json\/wp\/v2\/comments?post=140868"}],"version-history":[{"count":0,"href":"https:\/\/www.region-schwabach.de\/wordpress\/wp-json\/wp\/v2\/posts\/140868\/revisions"}],"wp:featuredmedia":[{"embeddable":true,"href":"https:\/\/www.region-schwabach.de\/wordpress\/wp-json\/wp\/v2\/media\/140869"}],"wp:attachment":[{"href":"https:\/\/www.region-schwabach.de\/wordpress\/wp-json\/wp\/v2\/media?parent=140868"}],"wp:term":[{"taxonomy":"category","embeddable":true,"href":"https:\/\/www.region-schwabach.de\/wordpress\/wp-json\/wp\/v2\/categories?post=140868"},{"taxonomy":"post_tag","embeddable":true,"href":"https:\/\/www.region-schwabach.de\/wordpress\/wp-json\/wp\/v2\/tags?post=140868"}],"curies":[{"name":"wp","href":"https:\/\/api.w.org\/{rel}","templated":true}]}}