{"id":141356,"date":"2021-06-22T00:17:00","date_gmt":"2021-06-21T22:17:00","guid":{"rendered":"https:\/\/www.region-schwabach.de\/wordpress\/?p=141356"},"modified":"2021-06-21T12:32:29","modified_gmt":"2021-06-21T10:32:29","slug":"todlicher-verkehrsunfall-auf-der-bundesstrasse-2-bei-georgensgmund","status":"publish","type":"post","link":"https:\/\/www.region-schwabach.de\/wordpress\/todlicher-verkehrsunfall-auf-der-bundesstrasse-2-bei-georgensgmund\/","title":{"rendered":"T\u00f6dlicher Verkehrsunfall auf der Bundesstra\u00dfe 2 bei Georgensgm\u00fcnd"},"content":{"rendered":"\t\t<div data-elementor-type=\"wp-post\" data-elementor-id=\"141356\" class=\"elementor elementor-141356\">\n\t\t\t\t\t\t<section class=\"elementor-section elementor-top-section elementor-element elementor-element-1cuv9jr elementor-section-boxed elementor-section-height-default elementor-section-height-default\" data-id=\"1cuv9jr\" data-element_type=\"section\">\n\t\t\t\t\t\t<div class=\"elementor-container elementor-column-gap-default\">\n\t\t\t\t\t<div class=\"elementor-column elementor-col-50 elementor-top-column elementor-element elementor-element-q5zak7b\" data-id=\"q5zak7b\" data-element_type=\"column\">\n\t\t\t<div class=\"elementor-widget-wrap elementor-element-populated\">\n\t\t\t\t\t\t<div class=\"elementor-element elementor-element-dcef279 elementor-widget elementor-widget-wp-widget-advads_ad_widget\" data-id=\"dcef279\" data-element_type=\"widget\" data-widget_type=\"wp-widget-advads_ad_widget.default\">\n\t\t\t\t<div class=\"elementor-widget-container\">\n\t\t\t<div id=\"regio-1818826850\"><div class=\"regio-adlabel\">Werbung<\/div><center><a href=\"https:\/\/a.partner-versicherung.de\/click.php?partner_id=19992&ad_id=1578&deep=kreditkarten\"  target=\"_blank\"><img decoding=\"async\" src=\"https:\/\/a.partner-versicherung.de\/view.php?partner_id=19992&ad_id=1578\" ><\/a><\/center><\/div>\t\t<\/div>\n\t\t\t\t<\/div>\n\t\t\t\t<div class=\"elementor-element elementor-element-a4daeae elementor-widget elementor-widget-text-editor\" data-id=\"a4daeae\" data-element_type=\"widget\" data-widget_type=\"text-editor.default\">\n\t\t\t\t<div class=\"elementor-widget-container\">\n\t\t\t\t\t\t\t<h3>Auf der B2 Kontrolle \u00fcber Fahrzeug verloren<\/h3><p><span style=\"font-size: 12pt;\">Roth (ots) &#8211; Am Sonntagnachmittag (20.06.2021) ereignete sich auf der B2 in Fahrtrichtung N\u00fcrnberg, auf H\u00f6he der Ausfahrt Georgensgm\u00fcnd (Lkrs. Roth), ein schwerer Verkehrsunfall. Ein 73-j\u00e4hriger Mann verstarb noch an der Unfallstelle.<\/span><\/p><p><span style=\"font-size: 12pt;\">Der 73-J\u00e4hrige befuhr gegen 15:10 Uhr die B2 in Fahrtrichtung N\u00fcrnberg. Im Fahrzeug, einem Audi Q3, befand sich zudem eine 65-j\u00e4hrige Frau, die auf dem Beifahrersitz sa\u00df.<\/span><\/p><p><span style=\"font-size: 12pt;\">Auf H\u00f6he der Ausfahrt Georgensgm\u00fcnd kam der Audifahrer aus bislang ungekl\u00e4rter Ursache nach rechts ins Bankett. Der Fahrer lenkte gegen und verlor hier offensichtlich die Kontrolle \u00fcber das Fahrzeug. Der Pkw \u00fcberschlug sich mehrfach und blieb dann auf der linken Fahrspur auf dem Dach liegen.<\/span><\/p><p><span style=\"font-size: 12pt;\">Bei dem 73-j\u00e4hrigen Fahrer wurden vor Ort Reanimationsma\u00dfnahmen eingeleitet. Trotz unmittelbarer \u00e4rztlicher Hilfe verstarb er jedoch noch an der Unfallstelle.<\/span><\/p><p><span style=\"font-size: 12pt;\">Die 65-j\u00e4hrige Beifahrerin wurde durch Zeugen aus dem verunfallten Fahrzeug befreit. Sie kam verletzt in ein Krankenhaus. Nach derzeitigem Stand (18:30 Uhr) sind ihre Verletzungen als nicht lebensgef\u00e4hrlich einzustufen.<\/span><\/p><p><span style=\"font-size: 12pt;\">Die Verkehrspolizei Feucht war mit mehreren Streifen vor Ort und \u00fcbernahm die ersten Ermittlungen zur Kl\u00e4rung der genauen Unfallursache. Die Beamten wurden hierbei auf Anordnung der Staatsanwaltschaft von einem Gutachter unterst\u00fctzt.<\/span><\/p><p><span style=\"font-size: 12pt;\">Die B2 war f\u00fcr die Dauer der Unfallaufnahme in Fahrtrichtung N\u00fcrnberg voll gesperrt. Zu Verkehrsbeeintr\u00e4chtigungen kam es nicht, da der Verkehr an der Abfahrt Georgensgm\u00fcnd ausgeleitet werden konnte.<\/span><\/p><p><strong><span style=\"font-size: 12pt;\">Janine Mendel<\/span><\/strong><\/p><p><span style=\"font-size: 12pt;\">Original-Content von: Polizeipr\u00e4sidium Mittelfranken\u00a0<\/span><\/p>\t\t\t\t\t\t<\/div>\n\t\t\t\t<\/div>\n\t\t\t\t<div class=\"elementor-element elementor-element-6c3f9de elementor-widget elementor-widget-shortcode\" data-id=\"6c3f9de\" data-element_type=\"widget\" data-widget_type=\"shortcode.default\">\n\t\t\t\t<div class=\"elementor-widget-container\">\n\t\t\t\t\t<div class=\"elementor-shortcode\"><center><a href=\"https:\/\/a.partner-versicherung.de\/click.php?partner_id=19992&ad_id=441&deep=kfz-versicherung\"  target=\"_blank\"><img decoding=\"async\" src=\"https:\/\/a.partner-versicherung.de\/view.php?partner_id=19992&ad_id=441\" ><\/a><\/center><\/div>\n\t\t\t\t<\/div>\n\t\t\t\t<\/div>\n\t\t\t\t<div class=\"elementor-element elementor-element-ace1283 elementor-widget-divider--view-line elementor-widget elementor-widget-divider\" data-id=\"ace1283\" data-element_type=\"widget\" data-widget_type=\"divider.default\">\n\t\t\t\t<div class=\"elementor-widget-container\">\n\t\t\t\t\t<div class=\"elementor-divider\">\n\t\t\t<span class=\"elementor-divider-separator\">\n\t\t\t\t\t\t<\/span>\n\t\t<\/div>\n\t\t\t\t<\/div>\n\t\t\t\t<\/div>\n\t\t\t\t<div class=\"elementor-element elementor-element-ac34ac3 elementor-widget elementor-widget-google_maps\" data-id=\"ac34ac3\" data-element_type=\"widget\" data-widget_type=\"google_maps.default\">\n\t\t\t\t<div class=\"elementor-widget-container\">\n\t\t\t\t\t<div class=\"elementor-custom-embed\">\n\t\t\t<iframe loading=\"lazy\"\n\t\t\t\t\tsrc=\"https:\/\/maps.google.com\/maps?q=Georgensgm%C3%BCnd%2C%20Deutschland&#038;t=m&#038;z=12&#038;output=embed&#038;iwloc=near\"\n\t\t\t\t\ttitle=\"Georgensgm\u00fcnd, Deutschland\"\n\t\t\t\t\taria-label=\"Georgensgm\u00fcnd, Deutschland\"\n\t\t\t><\/iframe>\n\t\t<\/div>\n\t\t\t\t<\/div>\n\t\t\t\t<\/div>\n\t\t\t\t\t<\/div>\n\t\t<\/div>\n\t\t\t\t<div class=\"elementor-column elementor-col-50 elementor-top-column elementor-element elementor-element-4ce46fb\" data-id=\"4ce46fb\" data-element_type=\"column\">\n\t\t\t<div class=\"elementor-widget-wrap elementor-element-populated\">\n\t\t\t\t\t\t<div class=\"elementor-element elementor-element-38f4e35 elementor-widget elementor-widget-heading\" data-id=\"38f4e35\" data-element_type=\"widget\" data-widget_type=\"heading.default\">\n\t\t\t\t<div class=\"elementor-widget-container\">\n\t\t\t<h3 class=\"elementor-heading-title elementor-size-default\">Schnell vergleichen und sparen!<\/h3>\t\t<\/div>\n\t\t\t\t<\/div>\n\t\t\t\t<div class=\"elementor-element elementor-element-92c49bc elementor-widget elementor-widget-wp-widget-advads_ad_widget\" data-id=\"92c49bc\" data-element_type=\"widget\" data-widget_type=\"wp-widget-advads_ad_widget.default\">\n\t\t\t\t<div class=\"elementor-widget-container\">\n\t\t\t<div id=\"regio-1698265547\"><div class=\"regio-adlabel\">Werbung<\/div><!-- Beginn https:\/\/www.financeads.net\/-Code --><a href=\"https:\/\/www.financeads.net\/tc.php?t=36648C236142529B\" target=\"_blank\"><img fetchpriority=\"high\" decoding=\"async\" src=\"https:\/\/www.financeads.net\/tb.php?t=36648V236142529B&https=1\" alt=\"\" border=\"0\" width=\"300\" height=\"250\"><\/a><!-- Ende https:\/\/www.financeads.net\/-Code --><\/div>\t\t<\/div>\n\t\t\t\t<\/div>\n\t\t\t\t<div class=\"elementor-element elementor-element-cb0c78c elementor-widget elementor-widget-wp-widget-advads_ad_widget\" data-id=\"cb0c78c\" data-element_type=\"widget\" data-widget_type=\"wp-widget-advads_ad_widget.default\">\n\t\t\t\t<div class=\"elementor-widget-container\">\n\t\t\t<div id=\"regio-3260759079\"><div class=\"regio-adlabel\">Werbung<\/div><!-- Beginn https:\/\/www.financeads.net\/-Code --><a href=\"https:\/\/www.financeads.net\/tc.php?t=36648C42614510B\" target=\"_blank\"><img decoding=\"async\" src=\"https:\/\/www.financeads.net\/tb.php?t=36648V42614510B&https=1\" alt=\"\" border=\"0\" width=\"200\" height=\"300\"><\/a><!-- Ende https:\/\/www.financeads.net\/-Code --><\/div>\t\t<\/div>\n\t\t\t\t<\/div>\n\t\t\t\t<div class=\"elementor-element elementor-element-31c9ced elementor-widget elementor-widget-wp-widget-advads_ad_widget\" data-id=\"31c9ced\" data-element_type=\"widget\" data-widget_type=\"wp-widget-advads_ad_widget.default\">\n\t\t\t\t<div class=\"elementor-widget-container\">\n\t\t\t<div id=\"regio-1370561868\"><div class=\"regio-adlabel\">Werbung<\/div><!-- Beginn https:\/\/www.financeads.net\/-Code --><a href=\"https:\/\/www.financeads.net\/tc.php?t=36648C205040072B\" target=\"_blank\"><img decoding=\"async\" src=\"https:\/\/www.financeads.net\/tb.php?t=36648V205040072B&https=1\" alt=\"\" border=\"0\" width=\"300\" height=\"250\"><\/a><!-- Ende https:\/\/www.financeads.net\/-Code --><\/div>\t\t<\/div>\n\t\t\t\t<\/div>\n\t\t\t\t<div class=\"elementor-element elementor-element-0344b9f elementor-widget elementor-widget-wp-widget-advads_ad_widget\" data-id=\"0344b9f\" data-element_type=\"widget\" data-widget_type=\"wp-widget-advads_ad_widget.default\">\n\t\t\t\t<div class=\"elementor-widget-container\">\n\t\t\t<div id=\"regio-352823215\"><div class=\"regio-adlabel\">Werbung<\/div><!-- Beginn https:\/\/www.financeads.net\/-Code --><a href=\"https:\/\/www.financeads.net\/tc.php?t=36648C271460142B\" target=\"_blank\"><img loading=\"lazy\" decoding=\"async\" src=\"https:\/\/www.financeads.net\/tb.php?t=36648V271460142B&https=1\" alt=\"PETPROTECT_Hund&Katze_Banner\" border=\"0\" width=\"250\" height=\"250\"><\/a><!-- Ende https:\/\/www.financeads.net\/-Code --><\/div>\t\t<\/div>\n\t\t\t\t<\/div>\n\t\t\t\t\t<\/div>\n\t\t<\/div>\n\t\t\t\t\t<\/div>\n\t\t<\/section>\n\t\t\t\t<\/div>\n\t\t","protected":false},"excerpt":{"rendered":"<div class=\"mh-excerpt\"><p>Auf der B2 Kontrolle \u00fcber Fahrzeug verloren Roth (ots) &#8211; Am Sonntagnachmittag (20.06.2021) ereignete sich auf der B2 in Fahrtrichtung N\u00fcrnberg, auf H\u00f6he der Ausfahrt Georgensgm\u00fcnd (Lkrs. Roth), ein schwerer Verkehrsunfall. Ein 73-j\u00e4hriger Mann verstarb <a class=\"mh-excerpt-more\" href=\"https:\/\/www.region-schwabach.de\/wordpress\/todlicher-verkehrsunfall-auf-der-bundesstrasse-2-bei-georgensgmund\/\" title=\"T\u00f6dlicher Verkehrsunfall auf der Bundesstra\u00dfe 2 bei Georgensgm\u00fcnd\">[&#8230;]<\/a><\/p>\n<\/div>","protected":false},"author":1,"featured_media":141357,"comment_status":"open","ping_status":"open","sticky":false,"template":"","format":"standard","meta":{"_cbd_carousel_blocks":"[]","footnotes":""},"categories":[15],"tags":[15581,1987,429,1905,12561,541,2958,1300,11137,14634,527,5751,6634,1856,10312,35,981,12285,2161,32,1327,1587,276,8059,3393,2656,334,10157,2330],"class_list":{"0":"post-141356","1":"post","2":"type-post","3":"status-publish","4":"format-standard","5":"has-post-thumbnail","7":"category-polizeimeldungen","8":"tag-20-06-2021","9":"tag-audi-q3","10":"tag-b2","11":"tag-bankett","12":"tag-beifahrerin","13":"tag-bundesstrasse-2","14":"tag-dach","15":"tag-ermittlungen","16":"tag-fahrspur","17":"tag-gegenlenken","18":"tag-georgensgmuend","19":"tag-gutachter","20":"tag-kontrolle-verloren","21":"tag-krankenhaus","22":"tag-landkreis-roth","23":"tag-nuernberg","24":"tag-polizei","25":"tag-reanimation","26":"tag-rentner","27":"tag-roth","28":"tag-schwer-verletzt","29":"tag-senior","30":"tag-sperrung","31":"tag-staatsanwaltschaft","32":"tag-toedlich-verletzt","33":"tag-ueberschlag","34":"tag-unfall","35":"tag-verkehrspolizei-feucht","36":"tag-zeugen"},"_links":{"self":[{"href":"https:\/\/www.region-schwabach.de\/wordpress\/wp-json\/wp\/v2\/posts\/141356","targetHints":{"allow":["GET"]}}],"collection":[{"href":"https:\/\/www.region-schwabach.de\/wordpress\/wp-json\/wp\/v2\/posts"}],"about":[{"href":"https:\/\/www.region-schwabach.de\/wordpress\/wp-json\/wp\/v2\/types\/post"}],"author":[{"embeddable":true,"href":"https:\/\/www.region-schwabach.de\/wordpress\/wp-json\/wp\/v2\/users\/1"}],"replies":[{"embeddable":true,"href":"https:\/\/www.region-schwabach.de\/wordpress\/wp-json\/wp\/v2\/comments?post=141356"}],"version-history":[{"count":0,"href":"https:\/\/www.region-schwabach.de\/wordpress\/wp-json\/wp\/v2\/posts\/141356\/revisions"}],"wp:featuredmedia":[{"embeddable":true,"href":"https:\/\/www.region-schwabach.de\/wordpress\/wp-json\/wp\/v2\/media\/141357"}],"wp:attachment":[{"href":"https:\/\/www.region-schwabach.de\/wordpress\/wp-json\/wp\/v2\/media?parent=141356"}],"wp:term":[{"taxonomy":"category","embeddable":true,"href":"https:\/\/www.region-schwabach.de\/wordpress\/wp-json\/wp\/v2\/categories?post=141356"},{"taxonomy":"post_tag","embeddable":true,"href":"https:\/\/www.region-schwabach.de\/wordpress\/wp-json\/wp\/v2\/tags?post=141356"}],"curies":[{"name":"wp","href":"https:\/\/api.w.org\/{rel}","templated":true}]}}