{"id":141473,"date":"2021-06-23T00:17:00","date_gmt":"2021-06-22T22:17:00","guid":{"rendered":"https:\/\/www.region-schwabach.de\/wordpress\/?p=141473"},"modified":"2021-06-22T20:08:56","modified_gmt":"2021-06-22T18:08:56","slug":"unfall-zwischen-lkw-pkw-und-motorrad-bei-reckenstetten","status":"publish","type":"post","link":"https:\/\/www.region-schwabach.de\/wordpress\/unfall-zwischen-lkw-pkw-und-motorrad-bei-reckenstetten\/","title":{"rendered":"Unfall zwischen LKW, PKW und Motorrad bei Reckenstetten"},"content":{"rendered":"\t\t<div data-elementor-type=\"wp-post\" data-elementor-id=\"141473\" class=\"elementor elementor-141473\">\n\t\t\t\t\t\t<section class=\"elementor-section elementor-top-section elementor-element elementor-element-1cuv9jr elementor-section-boxed elementor-section-height-default elementor-section-height-default\" data-id=\"1cuv9jr\" data-element_type=\"section\">\n\t\t\t\t\t\t<div class=\"elementor-container elementor-column-gap-default\">\n\t\t\t\t\t<div class=\"elementor-column elementor-col-50 elementor-top-column elementor-element elementor-element-q5zak7b\" data-id=\"q5zak7b\" data-element_type=\"column\">\n\t\t\t<div class=\"elementor-widget-wrap elementor-element-populated\">\n\t\t\t\t\t\t<div class=\"elementor-element elementor-element-dcef279 elementor-widget elementor-widget-wp-widget-advads_ad_widget\" data-id=\"dcef279\" data-element_type=\"widget\" data-widget_type=\"wp-widget-advads_ad_widget.default\">\n\t\t\t\t<div class=\"elementor-widget-container\">\n\t\t\t<div id=\"regio-776508594\"><div class=\"regio-adlabel\">Werbung<\/div><center><a href=\"https:\/\/a.partner-versicherung.de\/click.php?partner_id=19992&ad_id=1578&deep=kreditkarten\"  target=\"_blank\"><img decoding=\"async\" src=\"https:\/\/a.partner-versicherung.de\/view.php?partner_id=19992&ad_id=1578\" ><\/a><\/center><\/div>\t\t<\/div>\n\t\t\t\t<\/div>\n\t\t\t\t<div class=\"elementor-element elementor-element-a4daeae elementor-widget elementor-widget-text-editor\" data-id=\"a4daeae\" data-element_type=\"widget\" data-widget_type=\"text-editor.default\">\n\t\t\t\t<div class=\"elementor-widget-container\">\n\t\t\t\t\t\t\t<h3>Unfall trotz Ausweichman\u00f6ver<\/h3><p><span style=\"font-size: 12pt;\">Allersberg &#8211; Am Montagnachmittag, den 21.06.2021, war der italienische 33-j\u00e4hrige Fahrer eine Mercedes-LKW &#8211; gegen 16.45 Uhr &#8211; auf der Staatsstra\u00dfe 2237 unterwegs und wollte am Ortseingang von Reckenstetten nach links abbiegen. Ein entgegenkommender 28-j\u00e4hriger Motorrad-Fahrer konnte dem abbiegenden LKW zwar gerade noch ausweichen, kam aber anschlie\u00dfend ins Schleudern, st\u00fcrzte und rutschte schlie\u00dflich \u00fcber die Fahrbahn, wobei er gegen den Ford einer 36 J\u00e4hrigen stie\u00df, der hinter dem abbiegenden Daimler stand.<\/span><\/p><p><span style=\"font-size: 12pt;\">Der Ungl\u00fccksfahrer wurde bei dem Sturz leicht verletzt und wurde ins Krankenhaus gebracht, w\u00e4hrend der eigentliche Unfallverursacher und die gesch\u00e4digte PKW-Fahrerin unverletzt blieben. An dem Motorrad entstand ein Sachschaden in H\u00f6he von ca. 5.000 Euro, der Schaden an dem Ford bel\u00e4uft sich auf ca. ca. 3.000 Euro auf. Beide Fahrzeuge waren nicht mehr fahrbereit und mussten abgeschleppt werden.\u00a0<\/span><\/p>\t\t\t\t\t\t<\/div>\n\t\t\t\t<\/div>\n\t\t\t\t<div class=\"elementor-element elementor-element-6c3f9de elementor-widget elementor-widget-shortcode\" data-id=\"6c3f9de\" data-element_type=\"widget\" data-widget_type=\"shortcode.default\">\n\t\t\t\t<div class=\"elementor-widget-container\">\n\t\t\t\t\t<div class=\"elementor-shortcode\"><center><a href=\"https:\/\/a.partner-versicherung.de\/click.php?partner_id=19992&ad_id=441&deep=kfz-versicherung\"  target=\"_blank\"><img decoding=\"async\" src=\"https:\/\/a.partner-versicherung.de\/view.php?partner_id=19992&ad_id=441\" ><\/a><\/center><\/div>\n\t\t\t\t<\/div>\n\t\t\t\t<\/div>\n\t\t\t\t<div class=\"elementor-element elementor-element-ace1283 elementor-widget-divider--view-line elementor-widget elementor-widget-divider\" data-id=\"ace1283\" data-element_type=\"widget\" data-widget_type=\"divider.default\">\n\t\t\t\t<div class=\"elementor-widget-container\">\n\t\t\t\t\t<div class=\"elementor-divider\">\n\t\t\t<span class=\"elementor-divider-separator\">\n\t\t\t\t\t\t<\/span>\n\t\t<\/div>\n\t\t\t\t<\/div>\n\t\t\t\t<\/div>\n\t\t\t\t<div class=\"elementor-element elementor-element-ac34ac3 elementor-widget elementor-widget-google_maps\" data-id=\"ac34ac3\" data-element_type=\"widget\" data-widget_type=\"google_maps.default\">\n\t\t\t\t<div class=\"elementor-widget-container\">\n\t\t\t\t\t<div class=\"elementor-custom-embed\">\n\t\t\t<iframe loading=\"lazy\"\n\t\t\t\t\tsrc=\"https:\/\/maps.google.com\/maps?q=Reckenstetten%2C%20Allersberg%2C%20Deutschland&#038;t=m&#038;z=14&#038;output=embed&#038;iwloc=near\"\n\t\t\t\t\ttitle=\"Reckenstetten, Allersberg, Deutschland\"\n\t\t\t\t\taria-label=\"Reckenstetten, Allersberg, Deutschland\"\n\t\t\t><\/iframe>\n\t\t<\/div>\n\t\t\t\t<\/div>\n\t\t\t\t<\/div>\n\t\t\t\t\t<\/div>\n\t\t<\/div>\n\t\t\t\t<div class=\"elementor-column elementor-col-50 elementor-top-column elementor-element elementor-element-4ce46fb\" data-id=\"4ce46fb\" data-element_type=\"column\">\n\t\t\t<div class=\"elementor-widget-wrap elementor-element-populated\">\n\t\t\t\t\t\t<div class=\"elementor-element elementor-element-38f4e35 elementor-widget elementor-widget-heading\" data-id=\"38f4e35\" data-element_type=\"widget\" data-widget_type=\"heading.default\">\n\t\t\t\t<div class=\"elementor-widget-container\">\n\t\t\t<h3 class=\"elementor-heading-title elementor-size-default\">Schnell vergleichen und sparen!<\/h3>\t\t<\/div>\n\t\t\t\t<\/div>\n\t\t\t\t<div class=\"elementor-element elementor-element-92c49bc elementor-widget elementor-widget-wp-widget-advads_ad_widget\" data-id=\"92c49bc\" data-element_type=\"widget\" data-widget_type=\"wp-widget-advads_ad_widget.default\">\n\t\t\t\t<div class=\"elementor-widget-container\">\n\t\t\t<div id=\"regio-782780083\"><div class=\"regio-adlabel\">Werbung<\/div><!-- Beginn https:\/\/www.financeads.net\/-Code --><a href=\"https:\/\/www.financeads.net\/tc.php?t=36648C236142529B\" target=\"_blank\"><img fetchpriority=\"high\" decoding=\"async\" src=\"https:\/\/www.financeads.net\/tb.php?t=36648V236142529B&https=1\" alt=\"\" border=\"0\" width=\"300\" height=\"250\"><\/a><!-- Ende https:\/\/www.financeads.net\/-Code --><\/div>\t\t<\/div>\n\t\t\t\t<\/div>\n\t\t\t\t<div class=\"elementor-element elementor-element-cb0c78c elementor-widget elementor-widget-wp-widget-advads_ad_widget\" data-id=\"cb0c78c\" data-element_type=\"widget\" data-widget_type=\"wp-widget-advads_ad_widget.default\">\n\t\t\t\t<div class=\"elementor-widget-container\">\n\t\t\t<div id=\"regio-2364522286\"><div class=\"regio-adlabel\">Werbung<\/div><!-- Beginn https:\/\/www.financeads.net\/-Code --><a href=\"https:\/\/www.financeads.net\/tc.php?t=36648C42614510B\" target=\"_blank\"><img decoding=\"async\" src=\"https:\/\/www.financeads.net\/tb.php?t=36648V42614510B&https=1\" alt=\"\" border=\"0\" width=\"200\" height=\"300\"><\/a><!-- Ende https:\/\/www.financeads.net\/-Code --><\/div>\t\t<\/div>\n\t\t\t\t<\/div>\n\t\t\t\t<div class=\"elementor-element elementor-element-31c9ced elementor-widget elementor-widget-wp-widget-advads_ad_widget\" data-id=\"31c9ced\" data-element_type=\"widget\" data-widget_type=\"wp-widget-advads_ad_widget.default\">\n\t\t\t\t<div class=\"elementor-widget-container\">\n\t\t\t<div id=\"regio-1623416067\"><div class=\"regio-adlabel\">Werbung<\/div><!-- Beginn https:\/\/www.financeads.net\/-Code --><a href=\"https:\/\/www.financeads.net\/tc.php?t=36648C205040072B\" target=\"_blank\"><img decoding=\"async\" src=\"https:\/\/www.financeads.net\/tb.php?t=36648V205040072B&https=1\" alt=\"\" border=\"0\" width=\"300\" height=\"250\"><\/a><!-- Ende https:\/\/www.financeads.net\/-Code --><\/div>\t\t<\/div>\n\t\t\t\t<\/div>\n\t\t\t\t<div class=\"elementor-element elementor-element-0344b9f elementor-widget elementor-widget-wp-widget-advads_ad_widget\" data-id=\"0344b9f\" data-element_type=\"widget\" data-widget_type=\"wp-widget-advads_ad_widget.default\">\n\t\t\t\t<div class=\"elementor-widget-container\">\n\t\t\t<div id=\"regio-1505365739\"><div class=\"regio-adlabel\">Werbung<\/div><!-- Beginn https:\/\/www.financeads.net\/-Code --><a href=\"https:\/\/www.financeads.net\/tc.php?t=36648C271460142B\" target=\"_blank\"><img loading=\"lazy\" decoding=\"async\" src=\"https:\/\/www.financeads.net\/tb.php?t=36648V271460142B&https=1\" alt=\"PETPROTECT_Hund&Katze_Banner\" border=\"0\" width=\"250\" height=\"250\"><\/a><!-- Ende https:\/\/www.financeads.net\/-Code --><\/div>\t\t<\/div>\n\t\t\t\t<\/div>\n\t\t\t\t\t<\/div>\n\t\t<\/div>\n\t\t\t\t\t<\/div>\n\t\t<\/section>\n\t\t\t\t<\/div>\n\t\t","protected":false},"excerpt":{"rendered":"<div class=\"mh-excerpt\"><p>Unfall trotz Ausweichman\u00f6ver Allersberg &#8211; Am Montagnachmittag, den 21.06.2021, war der italienische 33-j\u00e4hrige Fahrer eine Mercedes-LKW &#8211; gegen 16.45 Uhr &#8211; auf der Staatsstra\u00dfe 2237 unterwegs und wollte am Ortseingang von Reckenstetten nach links abbiegen. <a class=\"mh-excerpt-more\" href=\"https:\/\/www.region-schwabach.de\/wordpress\/unfall-zwischen-lkw-pkw-und-motorrad-bei-reckenstetten\/\" title=\"Unfall zwischen LKW, PKW und Motorrad bei Reckenstetten\">[&#8230;]<\/a><\/p>\n<\/div>","protected":false},"author":1,"featured_media":141474,"comment_status":"open","ping_status":"open","sticky":false,"template":"","format":"standard","meta":{"_cbd_carousel_blocks":"[]","footnotes":""},"categories":[15],"tags":[15908,6373,1555,556,4540,1906,1246,297,11516,2345,8280,3462,261,250,563,3452,463,981,1904,8146,729,875,334,7498],"class_list":{"0":"post-141473","1":"post","2":"type-post","3":"status-publish","4":"format-standard","5":"has-post-thumbnail","7":"category-polizeimeldungen","8":"tag-22-06-2021","9":"tag-abbiegevorgang","10":"tag-abschleppdienst","11":"tag-allersberg","12":"tag-ausweichmanoever","13":"tag-fahrbahn","14":"tag-ford","15":"tag-hilpoltstein","16":"tag-italiener","17":"tag-kollision","18":"tag-krad","19":"tag-kraftrad","20":"tag-lkw","21":"tag-mercedes","22":"tag-motorrad","23":"tag-ortseingang","24":"tag-pkw","25":"tag-polizei","26":"tag-reckenstetten","27":"tag-schleudern","28":"tag-staatsstrasse-2237","29":"tag-sturz","30":"tag-unfall","31":"tag-zusammenstoss-2"},"_links":{"self":[{"href":"https:\/\/www.region-schwabach.de\/wordpress\/wp-json\/wp\/v2\/posts\/141473","targetHints":{"allow":["GET"]}}],"collection":[{"href":"https:\/\/www.region-schwabach.de\/wordpress\/wp-json\/wp\/v2\/posts"}],"about":[{"href":"https:\/\/www.region-schwabach.de\/wordpress\/wp-json\/wp\/v2\/types\/post"}],"author":[{"embeddable":true,"href":"https:\/\/www.region-schwabach.de\/wordpress\/wp-json\/wp\/v2\/users\/1"}],"replies":[{"embeddable":true,"href":"https:\/\/www.region-schwabach.de\/wordpress\/wp-json\/wp\/v2\/comments?post=141473"}],"version-history":[{"count":0,"href":"https:\/\/www.region-schwabach.de\/wordpress\/wp-json\/wp\/v2\/posts\/141473\/revisions"}],"wp:featuredmedia":[{"embeddable":true,"href":"https:\/\/www.region-schwabach.de\/wordpress\/wp-json\/wp\/v2\/media\/141474"}],"wp:attachment":[{"href":"https:\/\/www.region-schwabach.de\/wordpress\/wp-json\/wp\/v2\/media?parent=141473"}],"wp:term":[{"taxonomy":"category","embeddable":true,"href":"https:\/\/www.region-schwabach.de\/wordpress\/wp-json\/wp\/v2\/categories?post=141473"},{"taxonomy":"post_tag","embeddable":true,"href":"https:\/\/www.region-schwabach.de\/wordpress\/wp-json\/wp\/v2\/tags?post=141473"}],"curies":[{"name":"wp","href":"https:\/\/api.w.org\/{rel}","templated":true}]}}