{"id":142174,"date":"2021-07-01T00:50:00","date_gmt":"2021-06-30T22:50:00","guid":{"rendered":"https:\/\/www.region-schwabach.de\/wordpress\/?p=142174"},"modified":"2021-07-01T10:03:35","modified_gmt":"2021-07-01T08:03:35","slug":"impfzentrum-schwabach-schliesst-prio-gruppe-3-ab-und-gibt-neueste-infos-zum-digitalen-impfausweis-heraus","status":"publish","type":"post","link":"https:\/\/www.region-schwabach.de\/wordpress\/impfzentrum-schwabach-schliesst-prio-gruppe-3-ab-und-gibt-neueste-infos-zum-digitalen-impfausweis-heraus\/","title":{"rendered":"Impfzentrum Schwabach schlie\u00dft Prio-Gruppe 3 ab und gibt neueste Infos zum digitalen Impfausweis heraus"},"content":{"rendered":"\t\t<div data-elementor-type=\"wp-post\" data-elementor-id=\"142174\" class=\"elementor elementor-142174\">\n\t\t\t\t\t\t<section class=\"elementor-section elementor-top-section elementor-element elementor-element-678181b elementor-section-boxed elementor-section-height-default elementor-section-height-default\" data-id=\"678181b\" data-element_type=\"section\">\n\t\t\t\t\t\t<div class=\"elementor-container elementor-column-gap-default\">\n\t\t\t\t\t<div class=\"elementor-column elementor-col-50 elementor-top-column elementor-element elementor-element-6b34026\" data-id=\"6b34026\" data-element_type=\"column\">\n\t\t\t<div class=\"elementor-widget-wrap elementor-element-populated\">\n\t\t\t\t\t\t<div class=\"elementor-element elementor-element-5fea1cd elementor-widget elementor-widget-wp-widget-advads_ad_widget\" data-id=\"5fea1cd\" data-element_type=\"widget\" data-widget_type=\"wp-widget-advads_ad_widget.default\">\n\t\t\t\t<div class=\"elementor-widget-container\">\n\t\t\t<div id=\"regio-4053009299\"><div class=\"regio-adlabel\">Werbung<\/div><center><a href=\"https:\/\/a.partner-versicherung.de\/click.php?partner_id=19992&ad_id=1578&deep=kreditkarten\"  target=\"_blank\"><img decoding=\"async\" src=\"https:\/\/a.partner-versicherung.de\/view.php?partner_id=19992&ad_id=1578\" ><\/a><\/center><\/div>\t\t<\/div>\n\t\t\t\t<\/div>\n\t\t\t\t<div class=\"elementor-element elementor-element-443ab98 elementor-widget elementor-widget-text-editor\" data-id=\"443ab98\" data-element_type=\"widget\" data-widget_type=\"text-editor.default\">\n\t\t\t\t<div class=\"elementor-widget-container\">\n\t\t\t\t\t\t\t<h3>Impfzentrum: Prio-Gruppe 3 ist abgeschlossen<\/h3><p><span style=\"font-size: 12pt;\">Schwabach &#8211; Allen in Schwabach, die sich \u00fcber das Online-Registrierungsportal BayIMCO f\u00fcr eine Covid-Impfung registriert haben, konnte das Schwabacher Impfzentrum auch ein Angebot machen. Die Priorit\u00e4tsgruppe 3 ist bereits abgeschlossen, die weiteren, nicht priorisierten und registrierten Impfwilligen werden voraussichtlich Mitte n\u00e4chster Woche alle geimpft sein. Wer einer der drei Priorisierungsgruppen angeh\u00f6rt und noch kein Impfangebot erhalten hat, sollte sich umgehend beim Impfzentrum unter E-Mail: impfzentrum@schwabach.de oder telefonisch unter 09122 8754-10 melden. Diese Personen erhalten dann schnell einen Termin.\u00a0<br \/><\/span><\/p><h3><span style=\"font-size: 14pt;\">Rechtsreferent Knut Engelbrecht:<\/span><\/h3><p><span style=\"font-size: 12pt;\">\u201eDas ist vor allem dem guten Zusammenwirken von Impfzentrum, Hilfsorganisationen, Haus- und Betriebs\u00e4rzten zu verdanken\u201c, so Rechtsreferent Knut Engelbrecht. \u201eAlle, die sich bisher noch nicht f\u00fcr einen Impftermin registriert haben, k\u00f6nnen und sollten dies nachholen \u2013 allen Personen kann sehr zeitnah ein Termin angeboten werden.\u201c Alle, die keiner Priorisierungsgruppe angeh\u00f6ren und noch nicht \u00fcber den BayIMCO-Account im Internet angemeldet sind, sollten dies nun nachholen und erhalten dann im Impfzentrum ebenfalls z\u00fcgig einen Impftermin.<br \/><\/span><\/p><p><span style=\"font-size: 12pt;\">Wer zeitlich flexibel ist und in kurzer Zeit das Impfzentrum erreicht, kann sich telefonisch f\u00fcr die so genannte die Hop On-Liste melden, Telefon 0912287541-0. Wenn Impfdosen \u00fcbrig sind, die sonst verfallen w\u00fcrden, erhalten diese die Personen auf der Liste.\u00a0<\/span><\/p><h3><span style=\"font-size: 14pt;\">Oberb\u00fcrgermeister Peter Rei\u00df:<\/span><\/h3><p><span style=\"font-size: 12pt;\">Dazu Oberb\u00fcrgermeister Peter Rei\u00df: &#8222;Es ist ein tolles Signal, dass nunmehr allen Menschen in Schwabach ein Impfangebot gemacht werden kann. In Schwabach ist die Impfquote im bayern- und bundesweiten Vergleich spitze. Wir gehen davon aus, in den kommenden zwei Wochen allen Impfwilligen in unserer Stadt ein Erstimpfangebot gemacht zu haben. Vielen Dank f\u00fcr diesen Einsatz f\u00fcr den Impfschutz aller Schwabacherinnen und Schwabacher, genauso allen, die durch ihre Impfbereitschaft dazu beitragen, dass wir die Corona-Pandemie \u00fcberwinden!&#8220;<\/span><\/p><h3>Digitaler Impfausweis<\/h3><p><span style=\"font-size: 12pt;\">Der digitale Impfausweis kann nun von allen vollst\u00e4ndig Geimpften \u00fcber den individuellen BayIMCO-Account erstellt werden. Wer diesen gel\u00f6scht hat oder nicht die M\u00f6glichkeit hat, das Zertifikat selbst auszudrucken, kann den f\u00fcr die Registrierung notwendigen Nachweis \u00fcber die Apotheken oder \u00fcber das Impfzentrum Schwabach erhalten. Der digitale Impfausweis kann telefonisch unter 09122 87541-0 oder per Mail unter impfzentrum@schwabach.de beantragt werden. Eine pers\u00f6nliche Vorsprache ist nur nach vorheriger Terminabsprache m\u00f6glich.<\/span><\/p>\t\t\t\t\t\t<\/div>\n\t\t\t\t<\/div>\n\t\t\t\t<div class=\"elementor-element elementor-element-7cc9469 elementor-widget elementor-widget-shortcode\" data-id=\"7cc9469\" data-element_type=\"widget\" data-widget_type=\"shortcode.default\">\n\t\t\t\t<div class=\"elementor-widget-container\">\n\t\t\t\t\t<div class=\"elementor-shortcode\"><center><a href=\"https:\/\/a.partner-versicherung.de\/click.php?partner_id=19992&ad_id=441&deep=kfz-versicherung\"  target=\"_blank\"><img decoding=\"async\" src=\"https:\/\/a.partner-versicherung.de\/view.php?partner_id=19992&ad_id=441\" ><\/a><\/center><\/div>\n\t\t\t\t<\/div>\n\t\t\t\t<\/div>\n\t\t\t\t<div class=\"elementor-element elementor-element-0c834d7 elementor-widget-divider--view-line elementor-widget elementor-widget-divider\" data-id=\"0c834d7\" data-element_type=\"widget\" data-widget_type=\"divider.default\">\n\t\t\t\t<div class=\"elementor-widget-container\">\n\t\t\t\t\t<div class=\"elementor-divider\">\n\t\t\t<span class=\"elementor-divider-separator\">\n\t\t\t\t\t\t<\/span>\n\t\t<\/div>\n\t\t\t\t<\/div>\n\t\t\t\t<\/div>\n\t\t\t\t<div class=\"elementor-element elementor-element-325f51f elementor-widget elementor-widget-google_maps\" data-id=\"325f51f\" data-element_type=\"widget\" data-widget_type=\"google_maps.default\">\n\t\t\t\t<div class=\"elementor-widget-container\">\n\t\t\t\t\t<div class=\"elementor-custom-embed\">\n\t\t\t<iframe loading=\"lazy\"\n\t\t\t\t\tsrc=\"https:\/\/maps.google.com\/maps?q=H%C3%BCttersb%C3%BChlstra%C3%9Fe%2023%2C%20Schwabach%2C%20Deutschland&#038;t=m&#038;z=17&#038;output=embed&#038;iwloc=near\"\n\t\t\t\t\ttitle=\"H\u00fcttersb\u00fchlstra\u00dfe 23, Schwabach, Deutschland\"\n\t\t\t\t\taria-label=\"H\u00fcttersb\u00fchlstra\u00dfe 23, Schwabach, Deutschland\"\n\t\t\t><\/iframe>\n\t\t<\/div>\n\t\t\t\t<\/div>\n\t\t\t\t<\/div>\n\t\t\t\t\t<\/div>\n\t\t<\/div>\n\t\t\t\t<div class=\"elementor-column elementor-col-50 elementor-top-column elementor-element elementor-element-f141625\" data-id=\"f141625\" data-element_type=\"column\">\n\t\t\t<div class=\"elementor-widget-wrap elementor-element-populated\">\n\t\t\t\t\t\t<div class=\"elementor-element elementor-element-aa635e8 elementor-widget elementor-widget-heading\" data-id=\"aa635e8\" data-element_type=\"widget\" data-widget_type=\"heading.default\">\n\t\t\t\t<div class=\"elementor-widget-container\">\n\t\t\t<h3 class=\"elementor-heading-title elementor-size-default\">Schnell vergleichen und sparen!<\/h3>\t\t<\/div>\n\t\t\t\t<\/div>\n\t\t\t\t<div class=\"elementor-element elementor-element-380778c elementor-widget elementor-widget-wp-widget-advads_ad_widget\" data-id=\"380778c\" data-element_type=\"widget\" data-widget_type=\"wp-widget-advads_ad_widget.default\">\n\t\t\t\t<div class=\"elementor-widget-container\">\n\t\t\t<div id=\"regio-282255201\"><div class=\"regio-adlabel\">Werbung<\/div><!-- Beginn https:\/\/www.financeads.net\/-Code --><a href=\"https:\/\/www.financeads.net\/tc.php?t=36648C236142529B\" target=\"_blank\"><img fetchpriority=\"high\" decoding=\"async\" src=\"https:\/\/www.financeads.net\/tb.php?t=36648V236142529B&https=1\" alt=\"\" border=\"0\" width=\"300\" height=\"250\"><\/a><!-- Ende https:\/\/www.financeads.net\/-Code --><\/div>\t\t<\/div>\n\t\t\t\t<\/div>\n\t\t\t\t<div class=\"elementor-element elementor-element-bd26aa5 elementor-widget elementor-widget-wp-widget-advads_ad_widget\" data-id=\"bd26aa5\" data-element_type=\"widget\" data-widget_type=\"wp-widget-advads_ad_widget.default\">\n\t\t\t\t<div class=\"elementor-widget-container\">\n\t\t\t<div id=\"regio-1064218040\"><div class=\"regio-adlabel\">Werbung<\/div><!-- Beginn https:\/\/www.financeads.net\/-Code --><a href=\"https:\/\/www.financeads.net\/tc.php?t=36648C42614510B\" target=\"_blank\"><img decoding=\"async\" src=\"https:\/\/www.financeads.net\/tb.php?t=36648V42614510B&https=1\" alt=\"\" border=\"0\" width=\"200\" height=\"300\"><\/a><!-- Ende https:\/\/www.financeads.net\/-Code --><\/div>\t\t<\/div>\n\t\t\t\t<\/div>\n\t\t\t\t<div class=\"elementor-element elementor-element-abfc6b5 elementor-widget elementor-widget-wp-widget-advads_ad_widget\" data-id=\"abfc6b5\" data-element_type=\"widget\" data-widget_type=\"wp-widget-advads_ad_widget.default\">\n\t\t\t\t<div class=\"elementor-widget-container\">\n\t\t\t<div id=\"regio-1260081975\"><div class=\"regio-adlabel\">Werbung<\/div><!-- Beginn https:\/\/www.financeads.net\/-Code --><a href=\"https:\/\/www.financeads.net\/tc.php?t=36648C205040072B\" target=\"_blank\"><img decoding=\"async\" src=\"https:\/\/www.financeads.net\/tb.php?t=36648V205040072B&https=1\" alt=\"\" border=\"0\" width=\"300\" height=\"250\"><\/a><!-- Ende https:\/\/www.financeads.net\/-Code --><\/div>\t\t<\/div>\n\t\t\t\t<\/div>\n\t\t\t\t<div class=\"elementor-element elementor-element-9b68655 elementor-widget elementor-widget-wp-widget-advads_ad_widget\" data-id=\"9b68655\" data-element_type=\"widget\" data-widget_type=\"wp-widget-advads_ad_widget.default\">\n\t\t\t\t<div class=\"elementor-widget-container\">\n\t\t\t<div id=\"regio-3328877700\"><div class=\"regio-adlabel\">Werbung<\/div><!-- Beginn https:\/\/www.financeads.net\/-Code --><a href=\"https:\/\/www.financeads.net\/tc.php?t=36648C271460142B\" target=\"_blank\"><img loading=\"lazy\" decoding=\"async\" src=\"https:\/\/www.financeads.net\/tb.php?t=36648V271460142B&https=1\" alt=\"PETPROTECT_Hund&Katze_Banner\" border=\"0\" width=\"250\" height=\"250\"><\/a><!-- Ende https:\/\/www.financeads.net\/-Code --><\/div>\t\t<\/div>\n\t\t\t\t<\/div>\n\t\t\t\t\t<\/div>\n\t\t<\/div>\n\t\t\t\t\t<\/div>\n\t\t<\/section>\n\t\t\t\t<\/div>\n\t\t","protected":false},"excerpt":{"rendered":"<div class=\"mh-excerpt\"><p>Impfzentrum: Prio-Gruppe 3 ist abgeschlossen Schwabach &#8211; Allen in Schwabach, die sich \u00fcber das Online-Registrierungsportal BayIMCO f\u00fcr eine Covid-Impfung registriert haben, konnte das Schwabacher Impfzentrum auch ein Angebot machen. Die Priorit\u00e4tsgruppe 3 ist bereits abgeschlossen, <a class=\"mh-excerpt-more\" href=\"https:\/\/www.region-schwabach.de\/wordpress\/impfzentrum-schwabach-schliesst-prio-gruppe-3-ab-und-gibt-neueste-infos-zum-digitalen-impfausweis-heraus\/\" title=\"Impfzentrum Schwabach schlie\u00dft Prio-Gruppe 3 ab und gibt neueste Infos zum digitalen Impfausweis heraus\">[&#8230;]<\/a><\/p>\n<\/div>","protected":false},"author":1,"featured_media":142175,"comment_status":"open","ping_status":"open","sticky":false,"template":"","format":"standard","meta":{"_cbd_carousel_blocks":"[]","footnotes":""},"categories":[16,287,61],"tags":[15984,15983,13530,13293,4422,16018,14468,14472,522,5269,12385,15985,1480,19,3012,3151],"class_list":{"0":"post-142174","1":"post","2":"type-post","3":"status-publish","4":"format-standard","5":"has-post-thumbnail","7":"category-aktuell","8":"category-jugend-und-familie","9":"category-rathaus","10":"tag-28-juni-2021","11":"tag-28-06-2021","12":"tag-abschluss","13":"tag-corona-faelle","14":"tag-huttersbuehlstrasse","15":"tag-impfausweis","16":"tag-impfung","17":"tag-impfzentrum","18":"tag-koenigsplatz","19":"tag-oberbuergermeister","20":"tag-peter-reiss","21":"tag-prio-gruppe-3","22":"tag-rathaus","23":"tag-schwabach","24":"tag-stadt","25":"tag-stadt-schwabach"},"_links":{"self":[{"href":"https:\/\/www.region-schwabach.de\/wordpress\/wp-json\/wp\/v2\/posts\/142174","targetHints":{"allow":["GET"]}}],"collection":[{"href":"https:\/\/www.region-schwabach.de\/wordpress\/wp-json\/wp\/v2\/posts"}],"about":[{"href":"https:\/\/www.region-schwabach.de\/wordpress\/wp-json\/wp\/v2\/types\/post"}],"author":[{"embeddable":true,"href":"https:\/\/www.region-schwabach.de\/wordpress\/wp-json\/wp\/v2\/users\/1"}],"replies":[{"embeddable":true,"href":"https:\/\/www.region-schwabach.de\/wordpress\/wp-json\/wp\/v2\/comments?post=142174"}],"version-history":[{"count":0,"href":"https:\/\/www.region-schwabach.de\/wordpress\/wp-json\/wp\/v2\/posts\/142174\/revisions"}],"wp:featuredmedia":[{"embeddable":true,"href":"https:\/\/www.region-schwabach.de\/wordpress\/wp-json\/wp\/v2\/media\/142175"}],"wp:attachment":[{"href":"https:\/\/www.region-schwabach.de\/wordpress\/wp-json\/wp\/v2\/media?parent=142174"}],"wp:term":[{"taxonomy":"category","embeddable":true,"href":"https:\/\/www.region-schwabach.de\/wordpress\/wp-json\/wp\/v2\/categories?post=142174"},{"taxonomy":"post_tag","embeddable":true,"href":"https:\/\/www.region-schwabach.de\/wordpress\/wp-json\/wp\/v2\/tags?post=142174"}],"curies":[{"name":"wp","href":"https:\/\/api.w.org\/{rel}","templated":true}]}}