{"id":142317,"date":"2021-07-06T02:00:00","date_gmt":"2021-07-06T00:00:00","guid":{"rendered":"https:\/\/www.region-schwabach.de\/wordpress\/?p=142317"},"modified":"2021-07-06T09:31:45","modified_gmt":"2021-07-06T07:31:45","slug":"burgerversammlung-fur-die-gesamtstadt-mit-schwerpunkt-nordost-hochgericht-ii-am-dienstag-den-6-juli-2021","status":"publish","type":"post","link":"https:\/\/www.region-schwabach.de\/wordpress\/burgerversammlung-fur-die-gesamtstadt-mit-schwerpunkt-nordost-hochgericht-ii-am-dienstag-den-6-juli-2021\/","title":{"rendered":"B\u00fcrgerversammlung f\u00fcr die Gesamtstadt mit Schwerpunkt Nordost\/Hochgericht (II) am Dienstag, den 6. Juli 2021"},"content":{"rendered":"\t\t<div data-elementor-type=\"wp-post\" data-elementor-id=\"142317\" class=\"elementor elementor-142317\">\n\t\t\t\t\t\t<section class=\"elementor-section elementor-top-section elementor-element elementor-element-678181b elementor-section-boxed elementor-section-height-default elementor-section-height-default\" data-id=\"678181b\" data-element_type=\"section\">\n\t\t\t\t\t\t<div class=\"elementor-container elementor-column-gap-default\">\n\t\t\t\t\t<div class=\"elementor-column elementor-col-50 elementor-top-column elementor-element elementor-element-6b34026\" data-id=\"6b34026\" data-element_type=\"column\">\n\t\t\t<div class=\"elementor-widget-wrap elementor-element-populated\">\n\t\t\t\t\t\t<div class=\"elementor-element elementor-element-552fbeb elementor-widget elementor-widget-wp-widget-advads_ad_widget\" data-id=\"552fbeb\" data-element_type=\"widget\" data-widget_type=\"wp-widget-advads_ad_widget.default\">\n\t\t\t\t<div class=\"elementor-widget-container\">\n\t\t\t<div id=\"regio-3066955378\"><div class=\"regio-adlabel\">Werbung<\/div><center><a href=\"https:\/\/a.partner-versicherung.de\/click.php?partner_id=19992&ad_id=1578&deep=kreditkarten\"  target=\"_blank\"><img decoding=\"async\" src=\"https:\/\/a.partner-versicherung.de\/view.php?partner_id=19992&ad_id=1578\" ><\/a><\/center><\/div>\t\t<\/div>\n\t\t\t\t<\/div>\n\t\t\t\t<div class=\"elementor-element elementor-element-443ab98 elementor-widget elementor-widget-text-editor\" data-id=\"443ab98\" data-element_type=\"widget\" data-widget_type=\"text-editor.default\">\n\t\t\t\t<div class=\"elementor-widget-container\">\n\t\t\t\t\t\t\t<div class=\"fieldsattachment after_article\"><h3 class=\"idgroup_7 group_container\">Im Markgrafensaal Schwabach in der Ludwigstra\u00dfe<\/h3><h3 class=\"idgroup_7 group_container\">B\u00fcrgerversammlung f\u00fcr die Gesamtstadt mit Schwerpunkt Bezirk Nordost\/Hochgericht (II)<\/h3><div class=\"idgroup_7 group_container\"><span style=\"font-size: 12pt;\">Herzliche Einladung ergeht an die B\u00fcrgerinnen und B\u00fcrger der Gesamtstadt sowie des Versammlungsbezirks Wolkersdorf \/ Raubershof (XII) zu einer turnusm\u00e4\u00dfigen B\u00fcrgerversammlung am Mittwoch, den 23. September 2020, um 18.45 Uhr im Markgrafensaal Schwabach in der Ludwigstra\u00dfe.<\/span><\/div><div>\u00a0<\/div><div class=\"idgroup_7 group_container\"><span style=\"font-size: 12pt;\">Die Versammlung, die der B\u00fcrgermeister Peter Rei\u00df leiten wird, beginnt um 19.00 Uhr.\u00a0<\/span><\/div><\/div><div>\u00a0<\/div><h3>Tagesordnung:<\/h3><div class=\"fieldsattachment after_article\"><ol><li><span style=\"font-size: 12pt;\">Begr\u00fc\u00dfung durch Oberb\u00fcrgermeister Peter Rei\u00df<\/span><\/li><li><span style=\"font-size: 12pt;\">Sachst\u00e4nde aktueller Bauleitplanungsverfahren<\/span><br \/><span style=\"font-size: 12pt;\">a) Ehemaliges Drei-S-Gel\u00e4nde<\/span><br \/><span style=\"font-size: 12pt;\">b) Ehemaliges Niehoff-Gel\u00e4nde<\/span><\/li><li><span style=\"font-size: 12pt;\">Sachstand Mobilit\u00e4tsplan f\u00fcr die Stadt Schwabach<\/span><\/li><li><span style=\"font-size: 12pt;\">Diskussion (Anregungen, W\u00fcnsche, Beschwerden)<\/span><\/li><\/ol><h3 class=\"idgroup_7 group_container\">Anregungen, W\u00fcnsche, Beschwerden aus der B\u00fcrgerschaft<\/h3><div class=\"idgroup_7 group_container\"><span style=\"font-size: 12pt;\">F\u00fcr die Diskussion, in der Anregungen und W\u00fcnsche, aber auch Beschwerden\u00a0aus der B\u00fcrgerschaft zur Sprache gebracht werden k\u00f6nnen, stehen die\u00a0st\u00e4dtischen Referenten sowie ein Vertreter der Polizei zur Verf\u00fcgung.<\/span><\/div><div>\u00a0<\/div><div class=\"idgroup_7 group_container\"><span style=\"font-size: 12pt;\">Das Forum B\u00fcrgerversammlung bietet die M\u00f6glichkeit, Empfehlungen\u00a0(Antr\u00e4ge) zu beschlie\u00dfen, f\u00fcr deren Behandlung in einem zust\u00e4ndigen\u00a0Gremium, z. B. dem\u00a0 Stadtrat, die Bayerische Gemeindeordnung eine Frist von\u00a0drei Monaten vorsieht.<\/span><\/div><div>\u00a0<\/div><div class=\"idgroup_7 group_container\"><span style=\"font-size: 12pt;\">Gerade das direkte Gespr\u00e4ch zwischen den\u00a0B\u00fcrgerinnen, B\u00fcrgern und Vertretern der Stadtverwaltung, ist wichtiger\u00a0Bestandteil einer B\u00fcrgerversammlung und bringt erfahrungsgem\u00e4\u00df n\u00fctzliche\u00a0Anregungen.<\/span><\/div><\/div><div>\u00a0<\/div><div><strong><span style=\"font-size: 12pt;\">Die Versammlung findet unter Einhaltung der aktuellen Hygieneregeln statt (bitte Mund-Nasen-Schutz nicht vergessen).<\/span><\/strong><\/div>\t\t\t\t\t\t<\/div>\n\t\t\t\t<\/div>\n\t\t\t\t<div class=\"elementor-element elementor-element-790a1cf elementor-widget elementor-widget-shortcode\" data-id=\"790a1cf\" data-element_type=\"widget\" data-widget_type=\"shortcode.default\">\n\t\t\t\t<div class=\"elementor-widget-container\">\n\t\t\t\t\t<div class=\"elementor-shortcode\"><!-- Beginn https:\/\/www.financeads.net\/-Code --><a href=\"https:\/\/www.financeads.net\/tc.php?t=36648C38513858B\" target=\"_blank\"><center><img decoding=\"async\" src=\"https:\/\/www.financeads.net\/tb.php?t=36648V38513858B&https=1\" alt=\"\" border=\"0\" width=\"468\" height=\"60\"><\/a><!-- Ende https:\/\/www.financeads.net\/-Code --><\/div>\n\t\t\t\t<\/div>\n\t\t\t\t<\/div>\n\t\t\t\t<div class=\"elementor-element elementor-element-21c3450 elementor-widget-divider--view-line elementor-widget elementor-widget-divider\" data-id=\"21c3450\" data-element_type=\"widget\" data-widget_type=\"divider.default\">\n\t\t\t\t<div class=\"elementor-widget-container\">\n\t\t\t\t\t<div class=\"elementor-divider\">\n\t\t\t<span class=\"elementor-divider-separator\">\n\t\t\t\t\t\t<\/span>\n\t\t<\/div>\n\t\t\t\t<\/div>\n\t\t\t\t<\/div>\n\t\t\t\t<div class=\"elementor-element elementor-element-f4c690c elementor-widget elementor-widget-google_maps\" data-id=\"f4c690c\" data-element_type=\"widget\" data-widget_type=\"google_maps.default\">\n\t\t\t\t<div class=\"elementor-widget-container\">\n\t\t\t\t\t<div class=\"elementor-custom-embed\">\n\t\t\t<iframe loading=\"lazy\"\n\t\t\t\t\tsrc=\"https:\/\/maps.google.com\/maps?q=Ludwigstra%C3%9Fe%2016%2C%20Schwabach%2C%20Deutschland&#038;t=m&#038;z=16&#038;output=embed&#038;iwloc=near\"\n\t\t\t\t\ttitle=\"Ludwigstra\u00dfe 16, Schwabach, Deutschland\"\n\t\t\t\t\taria-label=\"Ludwigstra\u00dfe 16, Schwabach, Deutschland\"\n\t\t\t><\/iframe>\n\t\t<\/div>\n\t\t\t\t<\/div>\n\t\t\t\t<\/div>\n\t\t\t\t\t<\/div>\n\t\t<\/div>\n\t\t\t\t<div class=\"elementor-column elementor-col-50 elementor-top-column elementor-element elementor-element-aa89200\" data-id=\"aa89200\" data-element_type=\"column\">\n\t\t\t<div class=\"elementor-widget-wrap elementor-element-populated\">\n\t\t\t\t\t\t<div class=\"elementor-element elementor-element-0d70d48 elementor-widget elementor-widget-heading\" data-id=\"0d70d48\" data-element_type=\"widget\" data-widget_type=\"heading.default\">\n\t\t\t\t<div class=\"elementor-widget-container\">\n\t\t\t<h3 class=\"elementor-heading-title elementor-size-default\">Schnell vergleichen und sparen!<\/h3>\t\t<\/div>\n\t\t\t\t<\/div>\n\t\t\t\t<div class=\"elementor-element elementor-element-646f078 elementor-widget elementor-widget-wp-widget-advads_ad_widget\" data-id=\"646f078\" data-element_type=\"widget\" data-widget_type=\"wp-widget-advads_ad_widget.default\">\n\t\t\t\t<div class=\"elementor-widget-container\">\n\t\t\t<div id=\"regio-1059449790\"><div class=\"regio-adlabel\">Werbung<\/div><!-- Beginn https:\/\/www.financeads.net\/-Code --><a href=\"https:\/\/www.financeads.net\/tc.php?t=36648C236142529B\" target=\"_blank\"><img fetchpriority=\"high\" decoding=\"async\" src=\"https:\/\/www.financeads.net\/tb.php?t=36648V236142529B&https=1\" alt=\"\" border=\"0\" width=\"300\" height=\"250\"><\/a><!-- Ende https:\/\/www.financeads.net\/-Code --><\/div>\t\t<\/div>\n\t\t\t\t<\/div>\n\t\t\t\t<div class=\"elementor-element elementor-element-2fd9da8 elementor-widget elementor-widget-wp-widget-advads_ad_widget\" data-id=\"2fd9da8\" data-element_type=\"widget\" data-widget_type=\"wp-widget-advads_ad_widget.default\">\n\t\t\t\t<div class=\"elementor-widget-container\">\n\t\t\t<div id=\"regio-3823310610\"><div class=\"regio-adlabel\">Werbung<\/div><!-- Beginn https:\/\/www.financeads.net\/-Code --><a href=\"https:\/\/www.financeads.net\/tc.php?t=36648C42614510B\" target=\"_blank\"><img decoding=\"async\" src=\"https:\/\/www.financeads.net\/tb.php?t=36648V42614510B&https=1\" alt=\"\" border=\"0\" width=\"200\" height=\"300\"><\/a><!-- Ende https:\/\/www.financeads.net\/-Code --><\/div>\t\t<\/div>\n\t\t\t\t<\/div>\n\t\t\t\t<div class=\"elementor-element elementor-element-3b38a8e elementor-widget elementor-widget-wp-widget-advads_ad_widget\" data-id=\"3b38a8e\" data-element_type=\"widget\" data-widget_type=\"wp-widget-advads_ad_widget.default\">\n\t\t\t\t<div class=\"elementor-widget-container\">\n\t\t\t<div id=\"regio-2936402822\"><div class=\"regio-adlabel\">Werbung<\/div><!-- Beginn https:\/\/www.financeads.net\/-Code --><a href=\"https:\/\/www.financeads.net\/tc.php?t=36648C205040072B\" target=\"_blank\"><img loading=\"lazy\" decoding=\"async\" src=\"https:\/\/www.financeads.net\/tb.php?t=36648V205040072B&https=1\" alt=\"\" border=\"0\" width=\"300\" height=\"250\"><\/a><!-- Ende https:\/\/www.financeads.net\/-Code --><\/div>\t\t<\/div>\n\t\t\t\t<\/div>\n\t\t\t\t<div class=\"elementor-element elementor-element-5f4f449 elementor-widget elementor-widget-wp-widget-advads_ad_widget\" data-id=\"5f4f449\" data-element_type=\"widget\" data-widget_type=\"wp-widget-advads_ad_widget.default\">\n\t\t\t\t<div class=\"elementor-widget-container\">\n\t\t\t<div id=\"regio-4211997283\"><div class=\"regio-adlabel\">Werbung<\/div><!-- Beginn https:\/\/www.financeads.net\/-Code --><a href=\"https:\/\/www.financeads.net\/tc.php?t=36648C271460142B\" target=\"_blank\"><img loading=\"lazy\" decoding=\"async\" src=\"https:\/\/www.financeads.net\/tb.php?t=36648V271460142B&https=1\" alt=\"PETPROTECT_Hund&Katze_Banner\" border=\"0\" width=\"250\" height=\"250\"><\/a><!-- Ende https:\/\/www.financeads.net\/-Code --><\/div>\t\t<\/div>\n\t\t\t\t<\/div>\n\t\t\t\t\t<\/div>\n\t\t<\/div>\n\t\t\t\t\t<\/div>\n\t\t<\/section>\n\t\t\t\t<\/div>\n\t\t","protected":false},"excerpt":{"rendered":"<div class=\"mh-excerpt\"><p>Im Markgrafensaal Schwabach in der Ludwigstra\u00dfe B\u00fcrgerversammlung f\u00fcr die Gesamtstadt mit Schwerpunkt Bezirk Nordost\/Hochgericht (II) Herzliche Einladung ergeht an die B\u00fcrgerinnen und B\u00fcrger der Gesamtstadt sowie des Versammlungsbezirks Wolkersdorf \/ Raubershof (XII) zu einer turnusm\u00e4\u00dfigen <a class=\"mh-excerpt-more\" href=\"https:\/\/www.region-schwabach.de\/wordpress\/burgerversammlung-fur-die-gesamtstadt-mit-schwerpunkt-nordost-hochgericht-ii-am-dienstag-den-6-juli-2021\/\" title=\"B\u00fcrgerversammlung f\u00fcr die Gesamtstadt mit Schwerpunkt Nordost\/Hochgericht (II) am Dienstag, den 6. Juli 2021\">[&#8230;]<\/a><\/p>\n<\/div>","protected":false},"author":1,"featured_media":102529,"comment_status":"open","ping_status":"open","sticky":false,"template":"","format":"standard","meta":{"_cbd_carousel_blocks":"[]","footnotes":""},"categories":[16,1,79,61],"tags":[16037,16036,3486,4659,2029,2028,1480,19,16035,3012,3151],"class_list":{"0":"post-142317","1":"post","2":"type-post","3":"status-publish","4":"format-standard","5":"has-post-thumbnail","7":"category-aktuell","8":"category-allgemein","9":"category-politik","10":"category-rathaus","11":"tag-06-07-2021","12":"tag-6-juli-2021","13":"tag-buergerversammlung","14":"tag-gesamtstadt","15":"tag-ludwigstrasse","16":"tag-markgrafensaal","17":"tag-rathaus","18":"tag-schwabach","19":"tag-schwerpunkt-nordost-hochgericht-ii","20":"tag-stadt","21":"tag-stadt-schwabach"},"_links":{"self":[{"href":"https:\/\/www.region-schwabach.de\/wordpress\/wp-json\/wp\/v2\/posts\/142317","targetHints":{"allow":["GET"]}}],"collection":[{"href":"https:\/\/www.region-schwabach.de\/wordpress\/wp-json\/wp\/v2\/posts"}],"about":[{"href":"https:\/\/www.region-schwabach.de\/wordpress\/wp-json\/wp\/v2\/types\/post"}],"author":[{"embeddable":true,"href":"https:\/\/www.region-schwabach.de\/wordpress\/wp-json\/wp\/v2\/users\/1"}],"replies":[{"embeddable":true,"href":"https:\/\/www.region-schwabach.de\/wordpress\/wp-json\/wp\/v2\/comments?post=142317"}],"version-history":[{"count":0,"href":"https:\/\/www.region-schwabach.de\/wordpress\/wp-json\/wp\/v2\/posts\/142317\/revisions"}],"wp:featuredmedia":[{"embeddable":true,"href":"https:\/\/www.region-schwabach.de\/wordpress\/wp-json\/wp\/v2\/media\/102529"}],"wp:attachment":[{"href":"https:\/\/www.region-schwabach.de\/wordpress\/wp-json\/wp\/v2\/media?parent=142317"}],"wp:term":[{"taxonomy":"category","embeddable":true,"href":"https:\/\/www.region-schwabach.de\/wordpress\/wp-json\/wp\/v2\/categories?post=142317"},{"taxonomy":"post_tag","embeddable":true,"href":"https:\/\/www.region-schwabach.de\/wordpress\/wp-json\/wp\/v2\/tags?post=142317"}],"curies":[{"name":"wp","href":"https:\/\/api.w.org\/{rel}","templated":true}]}}