{"id":142828,"date":"2021-07-23T01:15:00","date_gmt":"2021-07-22T23:15:00","guid":{"rendered":"https:\/\/www.region-schwabach.de\/wordpress\/?p=142828"},"modified":"2021-07-23T02:09:29","modified_gmt":"2021-07-23T00:09:29","slug":"naturschutzwacht-schwabach-sucht-ab-dezember-2021-ehrenamtliche-n-nuturschutzwachter-in","status":"publish","type":"post","link":"https:\/\/www.region-schwabach.de\/wordpress\/naturschutzwacht-schwabach-sucht-ab-dezember-2021-ehrenamtliche-n-nuturschutzwachter-in\/","title":{"rendered":"Naturschutzwacht Schwabach sucht ab Dezember 2021 ehrenamtliche\/n Nuturschutzw\u00e4chter\/in"},"content":{"rendered":"\t\t<div data-elementor-type=\"wp-post\" data-elementor-id=\"142828\" class=\"elementor elementor-142828\">\n\t\t\t\t\t\t<section class=\"elementor-section elementor-top-section elementor-element elementor-element-678181b elementor-section-boxed elementor-section-height-default elementor-section-height-default\" data-id=\"678181b\" data-element_type=\"section\">\n\t\t\t\t\t\t<div class=\"elementor-container elementor-column-gap-default\">\n\t\t\t\t\t<div class=\"elementor-column elementor-col-66 elementor-top-column elementor-element elementor-element-6b34026\" data-id=\"6b34026\" data-element_type=\"column\">\n\t\t\t<div class=\"elementor-widget-wrap elementor-element-populated\">\n\t\t\t\t\t\t<div class=\"elementor-element elementor-element-c6a9ee0 elementor-widget elementor-widget-wp-widget-advads_ad_widget\" data-id=\"c6a9ee0\" data-element_type=\"widget\" data-widget_type=\"wp-widget-advads_ad_widget.default\">\n\t\t\t\t<div class=\"elementor-widget-container\">\n\t\t\t<div id=\"regio-3747108687\"><div class=\"regio-adlabel\">Werbung<\/div><center><a href=\"https:\/\/a.partner-versicherung.de\/click.php?partner_id=19992&ad_id=1578&deep=kreditkarten\"  target=\"_blank\"><img decoding=\"async\" src=\"https:\/\/a.partner-versicherung.de\/view.php?partner_id=19992&ad_id=1578\" ><\/a><\/center><\/div>\t\t<\/div>\n\t\t\t\t<\/div>\n\t\t\t\t<div class=\"elementor-element elementor-element-443ab98 elementor-widget elementor-widget-text-editor\" data-id=\"443ab98\" data-element_type=\"widget\" data-widget_type=\"text-editor.default\">\n\t\t\t\t<div class=\"elementor-widget-container\">\n\t\t\t\t\t\t\t<h3>Ab Dezember 2021:<br \/>Ehrenamtliche(r) Naturschutzw\u00e4chter(in) gesucht<\/h3><p><span style=\"font-size: 12pt;\">Schwabach &#8211; Vier Mitglieder der ehrenamtlichen Naturschutzwacht Schwabach gehen regelm\u00e4\u00dfig \u201eauf Streife\u201c in der Schwabacher Natur. Ihre wichtigste Aufgabe dabei ist es, die Landschaftsschutzgebiete und gesch\u00fctzte Landschaftsbestandteile zu betreuen. Wilde M\u00fcllablagerungen an das Umweltschutzamt zu melden, geh\u00f6rt ebenfalls dazu.\u00a0Grillen, zelten, Motorrad und Mountainbike fahren abseits der daf\u00fcr vorgesehenen Wege sind beispielsweise in diesen Gebieten nicht erlaubt. Wer sich nicht daran h\u00e4lt, wird von den Naturschutzw\u00e4chtern angezeigt.<\/span> <\/p><h3>\u00dcber Regelungen zum Naturschutz informieren<\/h3><p><span style=\"font-size: 12pt;\">Es geht aber vor allem darum, vor Ort \u00fcber die Regelungen zum Naturschutz zu informieren. Viele Menschen wissen n\u00e4mlich gar nicht, was erlaubt ist und was nicht. Naturschutzw\u00e4chter sind hier Ansprechpartner vor Ort f\u00fcr alle Naturfreunde und -Nutzende. Sie vertreten damit die Untere Naturschutzbeh\u00f6rde.<\/span> <\/p><h3>T\u00e4tigkeitsperiode ab Dezember 2021<\/h3><p><span style=\"font-size: 12pt;\">F\u00fcr die n\u00e4chste T\u00e4tigkeitsperiode ab Dezember 2021 sucht die Stadt Schwabach wieder f\u00fcr drei Jahre einen Naturschutzw\u00e4chter oder eine &#8211; w\u00e4chterin. Die daf\u00fcr erforderliche Ausbildung findet in der Akademie f\u00fcr Naturschutz und Landschaftspflege (ANL) statt und erfolgt in zwei Teilen:<\/span><\/p><ul style=\"list-style-type: disc;\"><li><span style=\"font-size: 12pt;\">Ein Fernstudium mit Online-Kursmaterial, das etwa acht Wochen dauert. Die Vortr\u00e4ge werden den Teilnehmenden in regelm\u00e4\u00dfigen Abst\u00e4nden per Link zugeschickt, als technische Voraussetzung gen\u00fcgt ein PC mit Internetanschluss.<\/span><\/li><li><span style=\"font-size: 12pt;\">Weiterhin ist ein Pr\u00e4senzteil mit abschlie\u00dfender Pr\u00fcfung vorgesehen. <\/span><\/li><\/ul><p><span style=\"font-size: 12pt;\">F\u00fcr die Stadt Schwabach ist hierf\u00fcr f\u00fcr die Woche vom 8. bis 12. November 2021 ein Ausbildungsplatz bei der ANL reserviert. Es ist also insgesamt nur eine Woche Anwesenheit vor Ort notwendig.<\/span> <\/p><h3>Aufwandsentsch\u00e4digung <\/h3><p><span style=\"font-size: 12pt;\">Wer bereit ist, f\u00fcr diese Aufgaben gegen eine Aufwandsentsch\u00e4digung von derzeit 7,70 Euro\/ Stunde durchschnittlich 15 Stunden im Monat zur Verf\u00fcgung zu stehen, richtet seine Bewerbung bis 23. Juli 2021 an: <\/span><\/p><ul style=\"list-style-type: disc;\"><li><span style=\"font-size: 12pt;\">Stadt Schwabach, Umweltschutzamt, Albrecht-Achilles-Stra\u00dfe 6-8, 91126 Schwabach. <\/span><\/li><li><span style=\"font-size: 12pt;\">Weitere Informationen gibt es unter Telefon 09122 860-341.<\/span><\/li><\/ul>\t\t\t\t\t\t<\/div>\n\t\t\t\t<\/div>\n\t\t\t\t\t<\/div>\n\t\t<\/div>\n\t\t\t\t<div class=\"elementor-column elementor-col-33 elementor-top-column elementor-element elementor-element-f645137\" data-id=\"f645137\" data-element_type=\"column\">\n\t\t\t<div class=\"elementor-widget-wrap elementor-element-populated\">\n\t\t\t\t\t\t<div class=\"elementor-element elementor-element-25043c1 elementor-widget elementor-widget-image\" data-id=\"25043c1\" data-element_type=\"widget\" data-widget_type=\"image.default\">\n\t\t\t\t<div class=\"elementor-widget-container\">\n\t\t\t\t\t\t\t\t\t\t\t\t\t<img fetchpriority=\"high\" decoding=\"async\" width=\"300\" height=\"300\" src=\"https:\/\/www.region-schwabach.de\/wordpress\/wp-content\/uploads\/2018\/04\/werbung1-300x300.png\" class=\"attachment-medium size-medium wp-image-35382\" alt=\"\" srcset=\"https:\/\/www.region-schwabach.de\/wordpress\/wp-content\/uploads\/2018\/04\/werbung1-300x300.png 300w, https:\/\/www.region-schwabach.de\/wordpress\/wp-content\/uploads\/2018\/04\/werbung1-150x150.png 150w, https:\/\/www.region-schwabach.de\/wordpress\/wp-content\/uploads\/2018\/04\/werbung1-768x768.png 768w, https:\/\/www.region-schwabach.de\/wordpress\/wp-content\/uploads\/2018\/04\/werbung1-1024x1024.png 1024w, https:\/\/www.region-schwabach.de\/wordpress\/wp-content\/uploads\/2018\/04\/werbung1.png 1200w\" sizes=\"(max-width: 300px) 100vw, 300px\" \/>\t\t\t\t\t\t\t\t\t\t\t\t\t<\/div>\n\t\t\t\t<\/div>\n\t\t\t\t\t<\/div>\n\t\t<\/div>\n\t\t\t\t\t<\/div>\n\t\t<\/section>\n\t\t\t\t<\/div>\n\t\t","protected":false},"excerpt":{"rendered":"<div class=\"mh-excerpt\"><p>Ab Dezember 2021: Ehrenamtliche(r) Naturschutzw\u00e4chter(in) gesucht Schwabach &#8211; Vier Mitglieder der ehrenamtlichen Naturschutzwacht Schwabach gehen regelm\u00e4\u00dfig \u201eauf Streife\u201c in der Schwabacher Natur. Ihre wichtigste Aufgabe dabei ist es, die Landschaftsschutzgebiete und gesch\u00fctzte Landschaftsbestandteile zu betreuen. <a class=\"mh-excerpt-more\" href=\"https:\/\/www.region-schwabach.de\/wordpress\/naturschutzwacht-schwabach-sucht-ab-dezember-2021-ehrenamtliche-n-nuturschutzwachter-in\/\" title=\"Naturschutzwacht Schwabach sucht ab Dezember 2021 ehrenamtliche\/n Nuturschutzw\u00e4chter\/in\">[&#8230;]<\/a><\/p>\n<\/div>","protected":false},"author":1,"featured_media":142829,"comment_status":"open","ping_status":"open","sticky":false,"template":"","format":"standard","meta":{"_cbd_carousel_blocks":"[]","footnotes":""},"categories":[16,1,61,203],"tags":[16121,16122,16120,522,3951,3952,1480,19,3012,3151,207],"class_list":{"0":"post-142828","1":"post","2":"type-post","3":"status-publish","4":"format-standard","5":"has-post-thumbnail","7":"category-aktuell","8":"category-allgemein","9":"category-rathaus","10":"category-umwelt-nachrichten","11":"tag-23-juli-2021","12":"tag-23-07-2021","13":"tag-dezember-2021","14":"tag-koenigsplatz","15":"tag-naturschutzwaechter","16":"tag-naturschutzwaechterin","17":"tag-rathaus","18":"tag-schwabach","19":"tag-stadt","20":"tag-stadt-schwabach","21":"tag-umweltschutzamt"},"_links":{"self":[{"href":"https:\/\/www.region-schwabach.de\/wordpress\/wp-json\/wp\/v2\/posts\/142828","targetHints":{"allow":["GET"]}}],"collection":[{"href":"https:\/\/www.region-schwabach.de\/wordpress\/wp-json\/wp\/v2\/posts"}],"about":[{"href":"https:\/\/www.region-schwabach.de\/wordpress\/wp-json\/wp\/v2\/types\/post"}],"author":[{"embeddable":true,"href":"https:\/\/www.region-schwabach.de\/wordpress\/wp-json\/wp\/v2\/users\/1"}],"replies":[{"embeddable":true,"href":"https:\/\/www.region-schwabach.de\/wordpress\/wp-json\/wp\/v2\/comments?post=142828"}],"version-history":[{"count":0,"href":"https:\/\/www.region-schwabach.de\/wordpress\/wp-json\/wp\/v2\/posts\/142828\/revisions"}],"wp:featuredmedia":[{"embeddable":true,"href":"https:\/\/www.region-schwabach.de\/wordpress\/wp-json\/wp\/v2\/media\/142829"}],"wp:attachment":[{"href":"https:\/\/www.region-schwabach.de\/wordpress\/wp-json\/wp\/v2\/media?parent=142828"}],"wp:term":[{"taxonomy":"category","embeddable":true,"href":"https:\/\/www.region-schwabach.de\/wordpress\/wp-json\/wp\/v2\/categories?post=142828"},{"taxonomy":"post_tag","embeddable":true,"href":"https:\/\/www.region-schwabach.de\/wordpress\/wp-json\/wp\/v2\/tags?post=142828"}],"curies":[{"name":"wp","href":"https:\/\/api.w.org\/{rel}","templated":true}]}}