{"id":142988,"date":"2021-07-12T01:30:00","date_gmt":"2021-07-11T23:30:00","guid":{"rendered":"https:\/\/www.region-schwabach.de\/wordpress\/?p=142988"},"modified":"2021-07-12T00:34:30","modified_gmt":"2021-07-11T22:34:30","slug":"mobilitatsplan-wo-wollen-wir-hin-vorerst-letzte-burgerbeteiligung-am-montag-den-12-juli-2021-um-19-00-uhr","status":"publish","type":"post","link":"https:\/\/www.region-schwabach.de\/wordpress\/mobilitatsplan-wo-wollen-wir-hin-vorerst-letzte-burgerbeteiligung-am-montag-den-12-juli-2021-um-19-00-uhr\/","title":{"rendered":"Mobilit\u00e4tsplan: &#8222;Wo wollen wir hin?&#8220; &#8211;  Vorerst letzte B\u00fcrgerbeteiligung am Montag, den 12. Juli 2021, um 19.00 Uhr"},"content":{"rendered":"\t\t<div data-elementor-type=\"wp-post\" data-elementor-id=\"142988\" class=\"elementor elementor-142988\">\n\t\t\t\t\t\t<section class=\"elementor-section elementor-top-section elementor-element elementor-element-678181b elementor-section-boxed elementor-section-height-default elementor-section-height-default\" data-id=\"678181b\" data-element_type=\"section\">\n\t\t\t\t\t\t<div class=\"elementor-container elementor-column-gap-default\">\n\t\t\t\t\t<div class=\"elementor-column elementor-col-50 elementor-top-column elementor-element elementor-element-6b34026\" data-id=\"6b34026\" data-element_type=\"column\">\n\t\t\t<div class=\"elementor-widget-wrap elementor-element-populated\">\n\t\t\t\t\t\t<div class=\"elementor-element elementor-element-12bd100 elementor-widget elementor-widget-wp-widget-advads_ad_widget\" data-id=\"12bd100\" data-element_type=\"widget\" data-widget_type=\"wp-widget-advads_ad_widget.default\">\n\t\t\t\t<div class=\"elementor-widget-container\">\n\t\t\t<div id=\"regio-745035986\"><div class=\"regio-adlabel\">Werbung<\/div><center><a href=\"https:\/\/a.partner-versicherung.de\/click.php?partner_id=19992&ad_id=1578&deep=kreditkarten\"  target=\"_blank\"><img decoding=\"async\" src=\"https:\/\/a.partner-versicherung.de\/view.php?partner_id=19992&ad_id=1578\" ><\/a><\/center><\/div>\t\t<\/div>\n\t\t\t\t<\/div>\n\t\t\t\t<div class=\"elementor-element elementor-element-443ab98 elementor-widget elementor-widget-text-editor\" data-id=\"443ab98\" data-element_type=\"widget\" data-widget_type=\"text-editor.default\">\n\t\t\t\t<div class=\"elementor-widget-container\">\n\t\t\t\t\t\t\t<h3>Vorerst letzte B\u00fcrgerbeteiligung am Montag, den 12. Juli 2021, um 19.00 Uhr<br \/>Mobilit\u00e4tsplan: Wo wollen wir hin?<\/h3><p><span style=\"font-size: 12pt;\">Schwabach &#8211; Am Montag, 12. Juli, um 19 Uhr findet die vorerst letzte Veranstaltung im Rahmen der ersten Phase B\u00fcrgerbeteiligung zum Mobilit\u00e4tsplan statt. Thema ist die Zieldiskussion \u201eWo wollen wir hin?\u201c. Hier sollen Meinungsbilder zu verkehrspolitischen Zielvorstellungen gesammelt werden. Diese sollen Grundlage f\u00fcr ein zu entwickelndes verkehrspolitisches Leitbild werden. <\/span><\/p><h3>Oberb\u00fcrgermeister Peter Rei\u00df:<\/h3><p><span style=\"font-size: 12pt;\">\u201eDazu wollen wir Sie h\u00f6ren\u201c, ermuntert Oberb\u00fcrgermeister Peter Rei\u00df die B\u00fcrgerinnen und B\u00fcrger. \u201eNehmen Sie teil und sagen Sie uns, was Sie sich f\u00fcr die Zukunft der Mobilit\u00e4t in Schwabach w\u00fcnschen.\u201c <\/span><\/p><h3>Live im Internet<\/h3><p><span style=\"font-size: 12pt;\">Die Veranstaltung wird im Internet auf <a href=\"http:\/\/www.schwabach.de\/mobilitaetsplan\" target=\"_blank\" rel=\"noopener\">www.schwabach.de\/mobilitaetsplan<\/a> live gestreamt. Anregungen, W\u00fcnsche und Fragen k\u00f6nnen im Livechat eingebracht werden.<br \/><\/span><\/p><p><span style=\"font-size: 12pt;\">Diesmal geht es darum allgemeine Zielvorstellungen und W\u00fcnsche zu \u00e4u\u00dfern, also zum Beispiel: <\/span><\/p><ul style=\"list-style-type: disc;\"><li><span style=\"font-size: 12pt;\">Soll eine Verkehrsart im Konfliktfall Vorrang vor einer anderen haben?<\/span><\/li><li><span style=\"font-size: 12pt;\">a) Der Fahrradverkehr soll Vorrang vor dem ruhenden Verkehr haben.<\/span><\/li><li><span style=\"font-size: 12pt;\"> Oder b) Der ruhende Verkehr soll zulasten des Radverkehrs <br \/>Vorrang haben.<br \/><\/span><\/li><\/ul><p><span style=\"font-size: 12pt;\">Wichtig sind auch die W\u00fcnsche der B\u00fcrgerschaft nach konkreten Zielen, zum Beispiel: <\/span><\/p><ul style=\"list-style-type: disc;\"><li><span style=\"font-size: 12pt;\">Soll der Bus soll wieder durch die Altstadt fahren? <\/span><\/li><li><span style=\"font-size: 12pt;\">Sollen f\u00fcr Fu\u00dfg\u00e4nger an den Ampeln in der Ringstra\u00dfe\/am Bahnhof\/in der Rother Stra\u00dfe die Wartezeiten verk\u00fcrzt werden? <\/span><\/li><li><span style=\"font-size: 12pt;\">Soll es im Umfeld der Innenstadt noch mehr kosteng\u00fcnstige Parkpl\u00e4tze f\u00fcr Kunden, Besucher und Besch\u00e4ftigte geben?<\/span><\/li><li><span style=\"font-size: 12pt;\">Sollen Parkpl\u00e4tze in der Innenstadt am sp\u00e4ten Nachmittag und abends nur f\u00fcr Anwohner reserviert sein?<\/span><\/li><\/ul><h3>Meinungsbilder und Zielvorstellungen werden gesammelt und dokumentiert<\/h3><p><span style=\"font-size: 12pt;\">Alle Meinungsbilder und Zielvorstellungen aus dem Chat werden \u2013 wie die Beitr\u00e4ge aus dem Publikum im Saal &#8211; gesammelt und dokumentiert. Eine Aufzeichnung der Veranstaltung wird im Internet abrufbar sein. Um die Veranstaltung m\u00f6glichst reibungslos streamen zu k\u00f6nnen, ist es wichtig den Link nicht mit dem Internet Explorer zu \u00f6ffnen, sondern mit Firefox, Chrome, Edge oder sonstigen neueren Browsern.<\/span><\/p><p><span style=\"font-size: 12pt;\">Ihre Meinung zu zuk\u00fcnftigen verkehrspolitischen Zielen f\u00fcr Schwabach k\u00f6nnen Interessierte noch bis 18. Juli 2021 per Post an die Stadt Schwabach, Amt 41, Stichwort Mobilit\u00e4tsplan, Albrecht-Achilles-Stra\u00dfe 6\/8, 91126 Schwabach oder per Mail an <a href=\"mailto:verkehrsplanung-buergerbeteiligung@schwabach.de\" target=\"_blank\" rel=\"noopener\">verkehrsplanung-buergerbeteiligung@schwabach.de<\/a> senden oder \u00fcber das Formular auf <a href=\"http:\/\/www.schwabach.de\/mobilitaetskonzept\" target=\"_blank\" rel=\"noopener\">www.schwabach.de\/mobilitaetskonzept<\/a> einreichen.\u00a0<\/span><\/p>\t\t\t\t\t\t<\/div>\n\t\t\t\t<\/div>\n\t\t\t\t<div class=\"elementor-element elementor-element-5e40ba1 elementor-widget elementor-widget-shortcode\" data-id=\"5e40ba1\" data-element_type=\"widget\" data-widget_type=\"shortcode.default\">\n\t\t\t\t<div class=\"elementor-widget-container\">\n\t\t\t\t\t<div class=\"elementor-shortcode\"><!-- Beginn https:\/\/www.financeads.net\/-Code --><a href=\"https:\/\/www.financeads.net\/tc.php?t=36648C38513858B\" target=\"_blank\"><center><img decoding=\"async\" src=\"https:\/\/www.financeads.net\/tb.php?t=36648V38513858B&https=1\" alt=\"\" border=\"0\" width=\"468\" height=\"60\"><\/a><!-- Ende https:\/\/www.financeads.net\/-Code --><\/div>\n\t\t\t\t<\/div>\n\t\t\t\t<\/div>\n\t\t\t\t<div class=\"elementor-element elementor-element-21c3450 elementor-widget-divider--view-line elementor-widget elementor-widget-divider\" data-id=\"21c3450\" data-element_type=\"widget\" data-widget_type=\"divider.default\">\n\t\t\t\t<div class=\"elementor-widget-container\">\n\t\t\t\t\t<div class=\"elementor-divider\">\n\t\t\t<span class=\"elementor-divider-separator\">\n\t\t\t\t\t\t<\/span>\n\t\t<\/div>\n\t\t\t\t<\/div>\n\t\t\t\t<\/div>\n\t\t\t\t<div class=\"elementor-element elementor-element-f4c690c elementor-widget elementor-widget-google_maps\" data-id=\"f4c690c\" data-element_type=\"widget\" data-widget_type=\"google_maps.default\">\n\t\t\t\t<div class=\"elementor-widget-container\">\n\t\t\t\t\t<div class=\"elementor-custom-embed\">\n\t\t\t<iframe loading=\"lazy\"\n\t\t\t\t\tsrc=\"https:\/\/maps.google.com\/maps?q=Ludwigstra%C3%9Fe%206%2C%20Schwabach%2C%20Deutschland&#038;t=m&#038;z=17&#038;output=embed&#038;iwloc=near\"\n\t\t\t\t\ttitle=\"Ludwigstra\u00dfe 6, Schwabach, Deutschland\"\n\t\t\t\t\taria-label=\"Ludwigstra\u00dfe 6, Schwabach, Deutschland\"\n\t\t\t><\/iframe>\n\t\t<\/div>\n\t\t\t\t<\/div>\n\t\t\t\t<\/div>\n\t\t\t\t\t<\/div>\n\t\t<\/div>\n\t\t\t\t<div class=\"elementor-column elementor-col-50 elementor-top-column elementor-element elementor-element-4e52952\" data-id=\"4e52952\" data-element_type=\"column\">\n\t\t\t<div class=\"elementor-widget-wrap elementor-element-populated\">\n\t\t\t\t\t\t<div class=\"elementor-element elementor-element-a58da64 elementor-widget elementor-widget-heading\" data-id=\"a58da64\" data-element_type=\"widget\" data-widget_type=\"heading.default\">\n\t\t\t\t<div class=\"elementor-widget-container\">\n\t\t\t<h3 class=\"elementor-heading-title elementor-size-default\">Schnell vergleichen und sparen!<\/h3>\t\t<\/div>\n\t\t\t\t<\/div>\n\t\t\t\t<div class=\"elementor-element elementor-element-c140805 elementor-widget elementor-widget-wp-widget-advads_ad_widget\" data-id=\"c140805\" data-element_type=\"widget\" data-widget_type=\"wp-widget-advads_ad_widget.default\">\n\t\t\t\t<div class=\"elementor-widget-container\">\n\t\t\t<div id=\"regio-2037655181\"><div class=\"regio-adlabel\">Werbung<\/div><!-- Beginn https:\/\/www.financeads.net\/-Code --><a href=\"https:\/\/www.financeads.net\/tc.php?t=36648C236142529B\" target=\"_blank\"><img fetchpriority=\"high\" decoding=\"async\" src=\"https:\/\/www.financeads.net\/tb.php?t=36648V236142529B&https=1\" alt=\"\" border=\"0\" width=\"300\" height=\"250\"><\/a><!-- Ende https:\/\/www.financeads.net\/-Code --><\/div>\t\t<\/div>\n\t\t\t\t<\/div>\n\t\t\t\t<div class=\"elementor-element elementor-element-751c2e2 elementor-widget elementor-widget-wp-widget-advads_ad_widget\" data-id=\"751c2e2\" data-element_type=\"widget\" data-widget_type=\"wp-widget-advads_ad_widget.default\">\n\t\t\t\t<div class=\"elementor-widget-container\">\n\t\t\t<div id=\"regio-2516583834\"><div class=\"regio-adlabel\">Werbung<\/div><!-- Beginn https:\/\/www.financeads.net\/-Code --><a href=\"https:\/\/www.financeads.net\/tc.php?t=36648C42614510B\" target=\"_blank\"><img decoding=\"async\" src=\"https:\/\/www.financeads.net\/tb.php?t=36648V42614510B&https=1\" alt=\"\" border=\"0\" width=\"200\" height=\"300\"><\/a><!-- Ende https:\/\/www.financeads.net\/-Code --><\/div>\t\t<\/div>\n\t\t\t\t<\/div>\n\t\t\t\t<div class=\"elementor-element elementor-element-9ae0d5b elementor-widget elementor-widget-wp-widget-advads_ad_widget\" data-id=\"9ae0d5b\" data-element_type=\"widget\" data-widget_type=\"wp-widget-advads_ad_widget.default\">\n\t\t\t\t<div class=\"elementor-widget-container\">\n\t\t\t<div id=\"regio-244316375\"><div class=\"regio-adlabel\">Werbung<\/div><!-- Beginn https:\/\/www.financeads.net\/-Code --><a href=\"https:\/\/www.financeads.net\/tc.php?t=36648C205040072B\" target=\"_blank\"><img loading=\"lazy\" decoding=\"async\" src=\"https:\/\/www.financeads.net\/tb.php?t=36648V205040072B&https=1\" alt=\"\" border=\"0\" width=\"300\" height=\"250\"><\/a><!-- Ende https:\/\/www.financeads.net\/-Code --><\/div>\t\t<\/div>\n\t\t\t\t<\/div>\n\t\t\t\t<div class=\"elementor-element elementor-element-6283ea6 elementor-widget elementor-widget-wp-widget-advads_ad_widget\" data-id=\"6283ea6\" data-element_type=\"widget\" data-widget_type=\"wp-widget-advads_ad_widget.default\">\n\t\t\t\t<div class=\"elementor-widget-container\">\n\t\t\t<div id=\"regio-1881562852\"><div class=\"regio-adlabel\">Werbung<\/div><!-- Beginn https:\/\/www.financeads.net\/-Code --><a href=\"https:\/\/www.financeads.net\/tc.php?t=36648C271460142B\" target=\"_blank\"><img loading=\"lazy\" decoding=\"async\" src=\"https:\/\/www.financeads.net\/tb.php?t=36648V271460142B&https=1\" alt=\"PETPROTECT_Hund&Katze_Banner\" border=\"0\" width=\"250\" height=\"250\"><\/a><!-- Ende https:\/\/www.financeads.net\/-Code --><\/div>\t\t<\/div>\n\t\t\t\t<\/div>\n\t\t\t\t\t<\/div>\n\t\t<\/div>\n\t\t\t\t\t<\/div>\n\t\t<\/section>\n\t\t\t\t<\/div>\n\t\t","protected":false},"excerpt":{"rendered":"<div class=\"mh-excerpt\"><p>Vorerst letzte B\u00fcrgerbeteiligung am Montag, den 12. Juli 2021, um 19.00 Uhr Mobilit\u00e4tsplan: Wo wollen wir hin? Schwabach &#8211; Am Montag, 12. Juli, um 19 Uhr findet die vorerst letzte Veranstaltung im Rahmen der ersten <a class=\"mh-excerpt-more\" href=\"https:\/\/www.region-schwabach.de\/wordpress\/mobilitatsplan-wo-wollen-wir-hin-vorerst-letzte-burgerbeteiligung-am-montag-den-12-juli-2021-um-19-00-uhr\/\" title=\"Mobilit\u00e4tsplan: &#8222;Wo wollen wir hin?&#8220; &#8211;  Vorerst letzte B\u00fcrgerbeteiligung am Montag, den 12. Juli 2021, um 19.00 Uhr\">[&#8230;]<\/a><\/p>\n<\/div>","protected":false},"author":1,"featured_media":142989,"comment_status":"open","ping_status":"open","sticky":false,"template":"","format":"standard","meta":{"_cbd_carousel_blocks":"[]","footnotes":""},"categories":[16,79,61],"tags":[15849,15848,13296,15847,1624,14657,15780,15850,15694,1480,19,3012,3151,15851,15782,15781],"class_list":{"0":"post-142988","1":"post","2":"type-post","3":"status-publish","4":"format-standard","5":"has-post-thumbnail","7":"category-aktuell","8":"category-politik","9":"category-rathaus","10":"tag-17-juni-2021","11":"tag-17-06-2021","12":"tag-ideen","13":"tag-impulsvortrag","14":"tag-internet","15":"tag-livestream","16":"tag-oberbuergermeister-peter-reiss","17":"tag-oeffentliche-raeume-als-ressource-in-der-stadt-und-verkehrsplanung","18":"tag-oeffentlichkeitsbeteiligung","19":"tag-rathaus","20":"tag-schwabach","21":"tag-stadt","22":"tag-stadt-schwabach","23":"tag-umgang-mit-flaechenkonkurrenz","24":"tag-verkehr-der-zukunft","25":"tag-vorstellungen"},"_links":{"self":[{"href":"https:\/\/www.region-schwabach.de\/wordpress\/wp-json\/wp\/v2\/posts\/142988","targetHints":{"allow":["GET"]}}],"collection":[{"href":"https:\/\/www.region-schwabach.de\/wordpress\/wp-json\/wp\/v2\/posts"}],"about":[{"href":"https:\/\/www.region-schwabach.de\/wordpress\/wp-json\/wp\/v2\/types\/post"}],"author":[{"embeddable":true,"href":"https:\/\/www.region-schwabach.de\/wordpress\/wp-json\/wp\/v2\/users\/1"}],"replies":[{"embeddable":true,"href":"https:\/\/www.region-schwabach.de\/wordpress\/wp-json\/wp\/v2\/comments?post=142988"}],"version-history":[{"count":0,"href":"https:\/\/www.region-schwabach.de\/wordpress\/wp-json\/wp\/v2\/posts\/142988\/revisions"}],"wp:featuredmedia":[{"embeddable":true,"href":"https:\/\/www.region-schwabach.de\/wordpress\/wp-json\/wp\/v2\/media\/142989"}],"wp:attachment":[{"href":"https:\/\/www.region-schwabach.de\/wordpress\/wp-json\/wp\/v2\/media?parent=142988"}],"wp:term":[{"taxonomy":"category","embeddable":true,"href":"https:\/\/www.region-schwabach.de\/wordpress\/wp-json\/wp\/v2\/categories?post=142988"},{"taxonomy":"post_tag","embeddable":true,"href":"https:\/\/www.region-schwabach.de\/wordpress\/wp-json\/wp\/v2\/tags?post=142988"}],"curies":[{"name":"wp","href":"https:\/\/api.w.org\/{rel}","templated":true}]}}