{"id":143510,"date":"2021-07-18T02:15:00","date_gmt":"2021-07-18T00:15:00","guid":{"rendered":"https:\/\/www.region-schwabach.de\/wordpress\/?p=143510"},"modified":"2021-07-18T12:02:18","modified_gmt":"2021-07-18T10:02:18","slug":"stadt-schwabach-erhalt-826-000-euro-forderung-fur-die-innenstadt","status":"publish","type":"post","link":"https:\/\/www.region-schwabach.de\/wordpress\/stadt-schwabach-erhalt-826-000-euro-forderung-fur-die-innenstadt\/","title":{"rendered":"Stadt Schwabach erh\u00e4lt 826.000 Euro F\u00f6rderung f\u00fcr die Innenstadt"},"content":{"rendered":"\t\t<div data-elementor-type=\"wp-post\" data-elementor-id=\"143510\" class=\"elementor elementor-143510\">\n\t\t\t\t\t\t<section class=\"elementor-section elementor-top-section elementor-element elementor-element-678181b elementor-section-boxed elementor-section-height-default elementor-section-height-default\" data-id=\"678181b\" data-element_type=\"section\">\n\t\t\t\t\t\t<div class=\"elementor-container elementor-column-gap-default\">\n\t\t\t\t\t<div class=\"elementor-column elementor-col-50 elementor-top-column elementor-element elementor-element-6b34026\" data-id=\"6b34026\" data-element_type=\"column\">\n\t\t\t<div class=\"elementor-widget-wrap elementor-element-populated\">\n\t\t\t\t\t\t<div class=\"elementor-element elementor-element-2e31143 elementor-widget elementor-widget-wp-widget-advads_ad_widget\" data-id=\"2e31143\" data-element_type=\"widget\" data-widget_type=\"wp-widget-advads_ad_widget.default\">\n\t\t\t\t<div class=\"elementor-widget-container\">\n\t\t\t<div id=\"regio-3090925984\"><div class=\"regio-adlabel\">Werbung<\/div><center><a href=\"https:\/\/a.partner-versicherung.de\/click.php?partner_id=19992&ad_id=1578&deep=kreditkarten\"  target=\"_blank\"><img decoding=\"async\" src=\"https:\/\/a.partner-versicherung.de\/view.php?partner_id=19992&ad_id=1578\" ><\/a><\/center><\/div>\t\t<\/div>\n\t\t\t\t<\/div>\n\t\t\t\t<div class=\"elementor-element elementor-element-443ab98 elementor-widget elementor-widget-text-editor\" data-id=\"443ab98\" data-element_type=\"widget\" data-widget_type=\"text-editor.default\">\n\t\t\t\t<div class=\"elementor-widget-container\">\n\t\t\t\t\t\t\t<h3>Aus dem bayerischen \u201eSonderfonds Innenst\u00e4dte beleben\u201c<br \/>826.000 Euro F\u00f6rderung f\u00fcr die Innenstadt<\/h3><p><span style=\"font-size: 12pt;\">Schwabach &#8211; Die Stadt Schwabach erh\u00e4lt 826.000 Euro aus dem bayerischen \u201eSonderfonds Innenst\u00e4dte beleben\u201c. Das hat das Bayerische Staatsministerium f\u00fcr Wohnen, Bau und Verkehr am vor kurzem bekannt gegeben. <\/span><\/p><h3>Oberb\u00fcrgermeister, <span style=\"font-size: 12pt;\">Stadtbaurat, Wirtschaftsreferent:<\/span><\/h3><ul style=\"list-style-type: disc;\"><li><span style=\"font-size: 12pt;\">\u201eDas ist eine gro\u00dfartige Nachricht f\u00fcr unsere Innenstadt, die uns und f\u00fcr unsere Stadt sehr wichtig ist\u201c, sagt Oberb\u00fcrgermeister Peter Rei\u00df und dankte der Staatsregierung f\u00fcr die finanzielle Unterst\u00fctzung. \u201eDamit k\u00f6nnen wir nun durchstarten!\u201c.<\/span><\/li><li><span style=\"font-size: 12pt;\">Stadtbaurat Ricus Kerckhoff pflichtet bei: \u201eWir haben bereits eine F\u00fclle von Ideen, die wir in den kommenden Monaten vorstellen wollen.\u201c<\/span><\/li><li><span style=\"font-size: 12pt;\">Wirtschaftsreferent Sascha Spahic hebt die Bedeutung f\u00fcr die Innenstadt hervor: \u201eDas ist auch ein tolles Signal f\u00fcr unseren Einzelhandel und die Gastronomie.\u201c<\/span><\/li><\/ul><h3>Breites Spektrum <span style=\"font-size: 12pt;\">f\u00f6rderbarer Ma\u00dfnahmen<\/span><\/h3><p><span style=\"font-size: 12pt;\">Das Spektrum der f\u00f6rderbaren Ma\u00dfnahmen reicht dabei insbesondere von st\u00e4dtebaulichen Konzepten zur Weiterentwicklung der Innenst\u00e4dte, Innenstadtmanagementaufgaben mit dem Schwerpunkt auf St\u00e4dtebau und Projektfonds zur Innenstadtentwicklung \u00fcber vor\u00fcbergehende verg\u00fcnstigte Anmietung von leerstehenden R\u00e4umlichkeiten durch die Gemeinde, bis hin zum Zwischenerwerb leerstehender Einzelhandelsimmobilien.\u00a0<\/span><\/p>\t\t\t\t\t\t<\/div>\n\t\t\t\t<\/div>\n\t\t\t\t<div class=\"elementor-element elementor-element-6520198 elementor-widget elementor-widget-shortcode\" data-id=\"6520198\" data-element_type=\"widget\" data-widget_type=\"shortcode.default\">\n\t\t\t\t<div class=\"elementor-widget-container\">\n\t\t\t\t\t<div class=\"elementor-shortcode\"><!-- Beginn https:\/\/www.financeads.net\/-Code --><a href=\"https:\/\/www.financeads.net\/tc.php?t=36648C38513858B\" target=\"_blank\"><center><img decoding=\"async\" src=\"https:\/\/www.financeads.net\/tb.php?t=36648V38513858B&https=1\" alt=\"\" border=\"0\" width=\"468\" height=\"60\"><\/a><!-- Ende https:\/\/www.financeads.net\/-Code --><\/div>\n\t\t\t\t<\/div>\n\t\t\t\t<\/div>\n\t\t\t\t<div class=\"elementor-element elementor-element-21c3450 elementor-widget-divider--view-line elementor-widget elementor-widget-divider\" data-id=\"21c3450\" data-element_type=\"widget\" data-widget_type=\"divider.default\">\n\t\t\t\t<div class=\"elementor-widget-container\">\n\t\t\t\t\t<div class=\"elementor-divider\">\n\t\t\t<span class=\"elementor-divider-separator\">\n\t\t\t\t\t\t<\/span>\n\t\t<\/div>\n\t\t\t\t<\/div>\n\t\t\t\t<\/div>\n\t\t\t\t<div class=\"elementor-element elementor-element-f4c690c elementor-widget elementor-widget-google_maps\" data-id=\"f4c690c\" data-element_type=\"widget\" data-widget_type=\"google_maps.default\">\n\t\t\t\t<div class=\"elementor-widget-container\">\n\t\t\t\t\t<div class=\"elementor-custom-embed\">\n\t\t\t<iframe loading=\"lazy\"\n\t\t\t\t\tsrc=\"https:\/\/maps.google.com\/maps?q=K%C3%B6nigsplatz%201%2C%20Schwabach%2C%20Deutschland&#038;t=m&#038;z=16&#038;output=embed&#038;iwloc=near\"\n\t\t\t\t\ttitle=\"K\u00f6nigsplatz 1, Schwabach, Deutschland\"\n\t\t\t\t\taria-label=\"K\u00f6nigsplatz 1, Schwabach, Deutschland\"\n\t\t\t><\/iframe>\n\t\t<\/div>\n\t\t\t\t<\/div>\n\t\t\t\t<\/div>\n\t\t\t\t\t<\/div>\n\t\t<\/div>\n\t\t\t\t<div class=\"elementor-column elementor-col-50 elementor-top-column elementor-element elementor-element-dd4c02c\" data-id=\"dd4c02c\" data-element_type=\"column\">\n\t\t\t<div class=\"elementor-widget-wrap elementor-element-populated\">\n\t\t\t\t\t\t<div class=\"elementor-element elementor-element-afcda01 elementor-widget elementor-widget-heading\" data-id=\"afcda01\" data-element_type=\"widget\" data-widget_type=\"heading.default\">\n\t\t\t\t<div class=\"elementor-widget-container\">\n\t\t\t<h3 class=\"elementor-heading-title elementor-size-default\">Schnell vergleichen und sparen!<\/h3>\t\t<\/div>\n\t\t\t\t<\/div>\n\t\t\t\t<div class=\"elementor-element elementor-element-4a29827 elementor-widget elementor-widget-wp-widget-advads_ad_widget\" data-id=\"4a29827\" data-element_type=\"widget\" data-widget_type=\"wp-widget-advads_ad_widget.default\">\n\t\t\t\t<div class=\"elementor-widget-container\">\n\t\t\t<div id=\"regio-4204977184\"><div class=\"regio-adlabel\">Werbung<\/div><!-- Beginn https:\/\/www.financeads.net\/-Code --><a href=\"https:\/\/www.financeads.net\/tc.php?t=36648C236142529B\" target=\"_blank\"><img fetchpriority=\"high\" decoding=\"async\" src=\"https:\/\/www.financeads.net\/tb.php?t=36648V236142529B&https=1\" alt=\"\" border=\"0\" width=\"300\" height=\"250\"><\/a><!-- Ende https:\/\/www.financeads.net\/-Code --><\/div>\t\t<\/div>\n\t\t\t\t<\/div>\n\t\t\t\t<div class=\"elementor-element elementor-element-1017dfe elementor-widget elementor-widget-wp-widget-advads_ad_widget\" data-id=\"1017dfe\" data-element_type=\"widget\" data-widget_type=\"wp-widget-advads_ad_widget.default\">\n\t\t\t\t<div class=\"elementor-widget-container\">\n\t\t\t<div id=\"regio-2279467509\"><div class=\"regio-adlabel\">Werbung<\/div><!-- Beginn https:\/\/www.financeads.net\/-Code --><a href=\"https:\/\/www.financeads.net\/tc.php?t=36648C42614510B\" target=\"_blank\"><img decoding=\"async\" src=\"https:\/\/www.financeads.net\/tb.php?t=36648V42614510B&https=1\" alt=\"\" border=\"0\" width=\"200\" height=\"300\"><\/a><!-- Ende https:\/\/www.financeads.net\/-Code --><\/div>\t\t<\/div>\n\t\t\t\t<\/div>\n\t\t\t\t<div class=\"elementor-element elementor-element-fd0ad79 elementor-widget elementor-widget-wp-widget-advads_ad_widget\" data-id=\"fd0ad79\" data-element_type=\"widget\" data-widget_type=\"wp-widget-advads_ad_widget.default\">\n\t\t\t\t<div class=\"elementor-widget-container\">\n\t\t\t<div id=\"regio-2665363928\"><div class=\"regio-adlabel\">Werbung<\/div><!-- Beginn https:\/\/www.financeads.net\/-Code --><a href=\"https:\/\/www.financeads.net\/tc.php?t=36648C205040072B\" target=\"_blank\"><img loading=\"lazy\" decoding=\"async\" src=\"https:\/\/www.financeads.net\/tb.php?t=36648V205040072B&https=1\" alt=\"\" border=\"0\" width=\"300\" height=\"250\"><\/a><!-- Ende https:\/\/www.financeads.net\/-Code --><\/div>\t\t<\/div>\n\t\t\t\t<\/div>\n\t\t\t\t<div class=\"elementor-element elementor-element-4484a81 elementor-widget elementor-widget-wp-widget-advads_ad_widget\" data-id=\"4484a81\" data-element_type=\"widget\" data-widget_type=\"wp-widget-advads_ad_widget.default\">\n\t\t\t\t<div class=\"elementor-widget-container\">\n\t\t\t<div id=\"regio-3523538561\"><div class=\"regio-adlabel\">Werbung<\/div><!-- Beginn https:\/\/www.financeads.net\/-Code --><a href=\"https:\/\/www.financeads.net\/tc.php?t=36648C271460142B\" target=\"_blank\"><img loading=\"lazy\" decoding=\"async\" src=\"https:\/\/www.financeads.net\/tb.php?t=36648V271460142B&https=1\" alt=\"PETPROTECT_Hund&Katze_Banner\" border=\"0\" width=\"250\" height=\"250\"><\/a><!-- Ende https:\/\/www.financeads.net\/-Code --><\/div>\t\t<\/div>\n\t\t\t\t<\/div>\n\t\t\t\t\t<\/div>\n\t\t<\/div>\n\t\t\t\t\t<\/div>\n\t\t<\/section>\n\t\t\t\t<\/div>\n\t\t","protected":false},"excerpt":{"rendered":"<div class=\"mh-excerpt\"><p>Aus dem bayerischen \u201eSonderfonds Innenst\u00e4dte beleben\u201c826.000 Euro F\u00f6rderung f\u00fcr die Innenstadt Schwabach &#8211; Die Stadt Schwabach erh\u00e4lt 826.000 Euro aus dem bayerischen \u201eSonderfonds Innenst\u00e4dte beleben\u201c. Das hat das Bayerische Staatsministerium f\u00fcr Wohnen, Bau und Verkehr <a class=\"mh-excerpt-more\" href=\"https:\/\/www.region-schwabach.de\/wordpress\/stadt-schwabach-erhalt-826-000-euro-forderung-fur-die-innenstadt\/\" title=\"Stadt Schwabach erh\u00e4lt 826.000 Euro F\u00f6rderung f\u00fcr die Innenstadt\">[&#8230;]<\/a><\/p>\n<\/div>","protected":false},"author":1,"featured_media":143511,"comment_status":"open","ping_status":"open","sticky":false,"template":"","format":"standard","meta":{"_cbd_carousel_blocks":"[]","footnotes":""},"categories":[16,287,79,61],"tags":[16205,16208,8703,16206,16207,1480,19,16204,3151,207],"class_list":{"0":"post-143510","1":"post","2":"type-post","3":"status-publish","4":"format-standard","5":"has-post-thumbnail","7":"category-aktuell","8":"category-jugend-und-familie","9":"category-politik","10":"category-rathaus","11":"tag-abfallvermeidung","12":"tag-bio-und-gruenabfaelle","13":"tag-foerderprogramm","14":"tag-kompostierung","15":"tag-mehrwegwindeln","16":"tag-rathaus","17":"tag-schwabach","18":"tag-staat","19":"tag-stadt-schwabach","20":"tag-umweltschutzamt"},"_links":{"self":[{"href":"https:\/\/www.region-schwabach.de\/wordpress\/wp-json\/wp\/v2\/posts\/143510","targetHints":{"allow":["GET"]}}],"collection":[{"href":"https:\/\/www.region-schwabach.de\/wordpress\/wp-json\/wp\/v2\/posts"}],"about":[{"href":"https:\/\/www.region-schwabach.de\/wordpress\/wp-json\/wp\/v2\/types\/post"}],"author":[{"embeddable":true,"href":"https:\/\/www.region-schwabach.de\/wordpress\/wp-json\/wp\/v2\/users\/1"}],"replies":[{"embeddable":true,"href":"https:\/\/www.region-schwabach.de\/wordpress\/wp-json\/wp\/v2\/comments?post=143510"}],"version-history":[{"count":0,"href":"https:\/\/www.region-schwabach.de\/wordpress\/wp-json\/wp\/v2\/posts\/143510\/revisions"}],"wp:featuredmedia":[{"embeddable":true,"href":"https:\/\/www.region-schwabach.de\/wordpress\/wp-json\/wp\/v2\/media\/143511"}],"wp:attachment":[{"href":"https:\/\/www.region-schwabach.de\/wordpress\/wp-json\/wp\/v2\/media?parent=143510"}],"wp:term":[{"taxonomy":"category","embeddable":true,"href":"https:\/\/www.region-schwabach.de\/wordpress\/wp-json\/wp\/v2\/categories?post=143510"},{"taxonomy":"post_tag","embeddable":true,"href":"https:\/\/www.region-schwabach.de\/wordpress\/wp-json\/wp\/v2\/tags?post=143510"}],"curies":[{"name":"wp","href":"https:\/\/api.w.org\/{rel}","templated":true}]}}