{"id":14381,"date":"2017-10-11T00:11:26","date_gmt":"2017-10-10T22:11:26","guid":{"rendered":"http:\/\/www.region-schwabach.de\/wordpress\/?p=14381"},"modified":"2017-10-11T01:04:34","modified_gmt":"2017-10-10T23:04:34","slug":"problemen-mit-baeumen-hecken-und-straeuchern","status":"publish","type":"post","link":"https:\/\/www.region-schwabach.de\/wordpress\/problemen-mit-baeumen-hecken-und-straeuchern\/","title":{"rendered":"Problemen mit B\u00e4umen, Hecken und Str\u00e4uchern"},"content":{"rendered":"\t\t<div data-elementor-type=\"wp-post\" data-elementor-id=\"14381\" class=\"elementor elementor-14381 elementor-bc-flex-widget\">\n\t\t\t\t\t\t<section class=\"elementor-section elementor-top-section elementor-element elementor-element-74ajz0k elementor-section-boxed elementor-section-height-default elementor-section-height-default\" data-id=\"74ajz0k\" data-element_type=\"section\">\n\t\t\t\t\t\t<div class=\"elementor-container elementor-column-gap-default\">\n\t\t\t\t\t<div class=\"elementor-column elementor-col-50 elementor-top-column elementor-element elementor-element-holtw7r\" data-id=\"holtw7r\" data-element_type=\"column\">\n\t\t\t<div class=\"elementor-widget-wrap elementor-element-populated\">\n\t\t\t\t\t\t<div class=\"elementor-element elementor-element-638lvp2 elementor-widget elementor-widget-text-editor\" data-id=\"638lvp2\" data-element_type=\"widget\" data-widget_type=\"text-editor.default\">\n\t\t\t\t<div class=\"elementor-widget-container\">\n\t\t\t\t\t\t\t<h3>Immer wieder im Herbst<\/h3><p>Wie jedes Jahr im Herbst kommt es auch dieses Jahr wieder zu Problemen mit \u00fcberh\u00e4ngenden B\u00e4umen, Hecken und Str\u00e4uchern von Privatgrundst\u00fccken auf \u00f6ffentliche Stra\u00dfen und Wege, die von den Grundst\u00fcckseigent\u00fcmer nicht zur\u00fcck geschnitten werden.<\/p><h3>Verkehrsteilnehmer werden gef\u00e4hrdet<\/h3><p>Durch diese Vernachl\u00e4ssigung k\u00f6nnen Fu\u00dfg\u00e4nger, Radfahrer und Kraftfahrer behindert bzw. gef\u00e4hrdet werden, wenn sie wegen der \u00fcberstehender Zweige und \u00c4ste auf die Stra\u00dfe ausweichen m\u00fcssen, Stra\u00dfen- und Verkehrschilder nicht mehr erkennbar oder Stra\u00dfenlaternen zugewuchert sind.<\/p><h3>Deshalb weist die Stadt Schwabach nochmals auf folgende Regeln hin:<\/h3><p>Im Bereich der \u00f6ffentlichen Verkehrsfl\u00e4chen besteht folgende Verpflichtung:<\/p><ul style=\"list-style-type: disc;\"><li>Auf Geh- und Radwegen ist eine lichte Durchgangsh\u00f6he von mindestens 2,50m einzuhalten.<\/li><li>F\u00fcr Stra\u00dfen und Parkfl\u00e4chen muss die lichte H\u00f6he mind. 4,50m betragen\u00a0<a title=\"Heckenregelschnitt\" href=\"http:\/\/www.schwabach.de\/images\/referate\/referat_4\/aemterinformationen\/bauverwaltungsamt\/Regelquerschnitt.pdf\" target=\"_blank\" rel=\"noopener noreferrer\">(siehe Skizze)<\/a>.<\/li><li>Der R\u00fcckschnitt muss an der Grundst\u00fccksgrenze senkrecht nach oben erfolgen. <\/li><\/ul><p>In besonderen F\u00e4llen kann die Stadtverwaltung, die R\u00fcckschnitte durch das Baubetriebsamt &#8211; auf Kosten der Grundst\u00fcckseigent\u00fcmer &#8211; erledigen lassen.<\/p><h4>Weiter Informationen zu diesem Thema <a href=\"http:\/\/www.schwabach.de\/de\/stadtverwaltung\/referat-4-stadtplanung-und-bauwesen\/38-bauverwaltungsamt\/neues-aus-dem-bauverwaltungsamt\/5678-heckenrueckschnitt-noetig-aber-nicht-immer-erlaubt.html\" target=\"_blank\" rel=\"noopener\">finden Sie hier &#8230;<\/a><\/h4><p>\u00a0<\/p><h3>Bauverwaltungsamt f\u00fcr weitere Fragen zust\u00e4ndig<\/h3><p>F\u00fcr weitere Fragen steht Ihnen gerne das Bauverwaltungsamt in der\u00a0Albrecht-Achilles-Strasse 6\/8 in Schwabach,\u00a0Erdgeschoss Zimmer 22 (Tel. 09122 860-519, eMail: <a href=\"mailto:bauverwaltungsamt@schwabach.de\" target=\"_blank\" rel=\"noopener\">bauverwaltungsamt@schwabach.de<\/a>) zur Verf\u00fcgung.<\/p>\t\t\t\t\t\t<\/div>\n\t\t\t\t<\/div>\n\t\t\t\t<div class=\"elementor-element elementor-element-p2vmo3w elementor-widget elementor-widget-google_maps\" data-id=\"p2vmo3w\" data-element_type=\"widget\" data-widget_type=\"google_maps.default\">\n\t\t\t\t<div class=\"elementor-widget-container\">\n\t\t\t\t\t<div class=\"elementor-custom-embed\">\n\t\t\t<iframe loading=\"lazy\"\n\t\t\t\t\tsrc=\"https:\/\/maps.google.com\/maps?q=Albrecht-Achilles-Stra%C3%9Fe%206%2F8%2C%20Schwabach%2C%20Deutschland&#038;t=m&#038;z=16&#038;output=embed&#038;iwloc=near\"\n\t\t\t\t\ttitle=\"Albrecht-Achilles-Stra\u00dfe 6\/8, Schwabach, Deutschland\"\n\t\t\t\t\taria-label=\"Albrecht-Achilles-Stra\u00dfe 6\/8, Schwabach, Deutschland\"\n\t\t\t><\/iframe>\n\t\t<\/div>\n\t\t\t\t<\/div>\n\t\t\t\t<\/div>\n\t\t\t\t\t<\/div>\n\t\t<\/div>\n\t\t\t\t<div class=\"elementor-column elementor-col-50 elementor-top-column elementor-element elementor-element-grpaw28\" data-id=\"grpaw28\" data-element_type=\"column\">\n\t\t\t<div class=\"elementor-widget-wrap elementor-element-populated\">\n\t\t\t\t\t\t<div class=\"elementor-element elementor-element-cgrwuya elementor-widget elementor-widget-image\" data-id=\"cgrwuya\" data-element_type=\"widget\" data-widget_type=\"image.default\">\n\t\t\t\t<div class=\"elementor-widget-container\">\n\t\t\t\t\t\t\t\t\t\t\t\t\t\t<a href=\"http:\/\/www.region-schwabach.de\/wordpress\/werben-auf-region-schwabach\/\" target=\"_blank\">\n\t\t\t\t\t\t\t<img fetchpriority=\"high\" decoding=\"async\" width=\"1024\" height=\"1024\" src=\"https:\/\/www.region-schwabach.de\/wordpress\/wp-content\/uploads\/2017\/06\/werbung8-1024x1024.png\" class=\"attachment-large size-large wp-image-2484\" alt=\"\" srcset=\"https:\/\/www.region-schwabach.de\/wordpress\/wp-content\/uploads\/2017\/06\/werbung8-1024x1024.png 1024w, https:\/\/www.region-schwabach.de\/wordpress\/wp-content\/uploads\/2017\/06\/werbung8-150x150.png 150w, https:\/\/www.region-schwabach.de\/wordpress\/wp-content\/uploads\/2017\/06\/werbung8-300x300.png 300w, https:\/\/www.region-schwabach.de\/wordpress\/wp-content\/uploads\/2017\/06\/werbung8-768x768.png 768w, https:\/\/www.region-schwabach.de\/wordpress\/wp-content\/uploads\/2017\/06\/werbung8-600x600.png 600w, https:\/\/www.region-schwabach.de\/wordpress\/wp-content\/uploads\/2017\/06\/werbung8.png 1200w\" sizes=\"(max-width: 1024px) 100vw, 1024px\" \/>\t\t\t\t\t\t\t\t<\/a>\n\t\t\t\t\t\t\t\t\t\t\t\t\t<\/div>\n\t\t\t\t<\/div>\n\t\t\t\t\t<\/div>\n\t\t<\/div>\n\t\t\t\t\t<\/div>\n\t\t<\/section>\n\t\t\t\t<\/div>\n\t\t","protected":false},"excerpt":{"rendered":"<div class=\"mh-excerpt\"><p>Immer wieder im Herbst Wie jedes Jahr im Herbst kommt es auch dieses Jahr wieder zu Problemen mit \u00fcberh\u00e4ngenden B\u00e4umen, Hecken und Str\u00e4uchern von Privatgrundst\u00fccken auf \u00f6ffentliche Stra\u00dfen und Wege, die von den Grundst\u00fcckseigent\u00fcmer nicht <a class=\"mh-excerpt-more\" href=\"https:\/\/www.region-schwabach.de\/wordpress\/problemen-mit-baeumen-hecken-und-straeuchern\/\" title=\"Problemen mit B\u00e4umen, Hecken und Str\u00e4uchern\">[&#8230;]<\/a><\/p>\n<\/div>","protected":false},"author":1,"featured_media":14382,"comment_status":"open","ping_status":"open","sticky":false,"template":"","format":"standard","meta":{"_cbd_carousel_blocks":"[]","footnotes":""},"categories":[16,1,61,203],"tags":[996,999,868,1003,1000,1002,1004,994,993,769,19,1001],"class_list":{"0":"post-14381","1":"post","2":"type-post","3":"status-publish","4":"format-standard","5":"has-post-thumbnail","7":"category-aktuell","8":"category-allgemein","9":"category-rathaus","10":"category-umwelt-nachrichten","11":"tag-anlieger","12":"tag-baeume","13":"tag-fussgaenger","14":"tag-grundstueckseigentuemer","15":"tag-hecken","16":"tag-herbst","17":"tag-kraftfahrer","18":"tag-oeffentliche-gehwege","19":"tag-oeffentliche-strassen","20":"tag-radfahrer","21":"tag-schwabach","22":"tag-straeucher"},"_links":{"self":[{"href":"https:\/\/www.region-schwabach.de\/wordpress\/wp-json\/wp\/v2\/posts\/14381","targetHints":{"allow":["GET"]}}],"collection":[{"href":"https:\/\/www.region-schwabach.de\/wordpress\/wp-json\/wp\/v2\/posts"}],"about":[{"href":"https:\/\/www.region-schwabach.de\/wordpress\/wp-json\/wp\/v2\/types\/post"}],"author":[{"embeddable":true,"href":"https:\/\/www.region-schwabach.de\/wordpress\/wp-json\/wp\/v2\/users\/1"}],"replies":[{"embeddable":true,"href":"https:\/\/www.region-schwabach.de\/wordpress\/wp-json\/wp\/v2\/comments?post=14381"}],"version-history":[{"count":0,"href":"https:\/\/www.region-schwabach.de\/wordpress\/wp-json\/wp\/v2\/posts\/14381\/revisions"}],"wp:featuredmedia":[{"embeddable":true,"href":"https:\/\/www.region-schwabach.de\/wordpress\/wp-json\/wp\/v2\/media\/14382"}],"wp:attachment":[{"href":"https:\/\/www.region-schwabach.de\/wordpress\/wp-json\/wp\/v2\/media?parent=14381"}],"wp:term":[{"taxonomy":"category","embeddable":true,"href":"https:\/\/www.region-schwabach.de\/wordpress\/wp-json\/wp\/v2\/categories?post=14381"},{"taxonomy":"post_tag","embeddable":true,"href":"https:\/\/www.region-schwabach.de\/wordpress\/wp-json\/wp\/v2\/tags?post=14381"}],"curies":[{"name":"wp","href":"https:\/\/api.w.org\/{rel}","templated":true}]}}