{"id":144069,"date":"2021-07-24T01:30:00","date_gmt":"2021-07-23T23:30:00","guid":{"rendered":"https:\/\/www.region-schwabach.de\/wordpress\/?p=144069"},"modified":"2021-07-23T21:26:51","modified_gmt":"2021-07-23T19:26:51","slug":"online-veranstaltung-fur-pflegende-angehorige-am-samstag-den-24-juli-2021","status":"publish","type":"post","link":"https:\/\/www.region-schwabach.de\/wordpress\/online-veranstaltung-fur-pflegende-angehorige-am-samstag-den-24-juli-2021\/","title":{"rendered":"Online-Veranstaltung f\u00fcr pflegende Angeh\u00f6rige am Samstag, den 24. Juli 2021"},"content":{"rendered":"\t\t<div data-elementor-type=\"wp-post\" data-elementor-id=\"144069\" class=\"elementor elementor-144069\">\n\t\t\t\t\t\t<section class=\"elementor-section elementor-top-section elementor-element elementor-element-tlus4ia elementor-section-boxed elementor-section-height-default elementor-section-height-default\" data-id=\"tlus4ia\" data-element_type=\"section\">\n\t\t\t\t\t\t<div class=\"elementor-container elementor-column-gap-default\">\n\t\t\t\t\t<div class=\"elementor-column elementor-col-66 elementor-top-column elementor-element elementor-element-sphcucl\" data-id=\"sphcucl\" data-element_type=\"column\">\n\t\t\t<div class=\"elementor-widget-wrap elementor-element-populated\">\n\t\t\t\t\t\t<div class=\"elementor-element elementor-element-7c3cf4d elementor-widget elementor-widget-wp-widget-advads_ad_widget\" data-id=\"7c3cf4d\" data-element_type=\"widget\" data-widget_type=\"wp-widget-advads_ad_widget.default\">\n\t\t\t\t<div class=\"elementor-widget-container\">\n\t\t\t<div id=\"regio-1045539916\"><div class=\"regio-adlabel\">Werbung<\/div><center><a href=\"https:\/\/a.partner-versicherung.de\/click.php?partner_id=19992&ad_id=1578&deep=kreditkarten\"  target=\"_blank\"><img decoding=\"async\" src=\"https:\/\/a.partner-versicherung.de\/view.php?partner_id=19992&ad_id=1578\" ><\/a><\/center><\/div>\t\t<\/div>\n\t\t\t\t<\/div>\n\t\t\t\t<div class=\"elementor-element elementor-element-4f2h2af elementor-widget elementor-widget-text-editor\" data-id=\"4f2h2af\" data-element_type=\"widget\" data-widget_type=\"text-editor.default\">\n\t\t\t\t<div class=\"elementor-widget-container\">\n\t\t\t\t\t\t\t<h3>Samstag, den 24. Juli 2021:<br \/>Dialogforum f\u00fcr pflegende Angeh\u00f6rige<\/h3><p><span style=\"font-size: 12pt;\">Schwabach &#8211; Das Bayerische Staatsministerium der Gesundheit und Pflege veranstaltet am Samstag, den 24. Juli 2021, ein online-Dialogforum f\u00fcr pflegende Angeh\u00f6rige. <br \/><\/span><\/p><p><span style=\"font-size: 12pt;\">In Bayern betreuen und versorgen pflegende Angeh\u00f6rige zwei Drittel der rund 380.000 pflegebed\u00fcrftigen Menschen allein zuhause. H\u00e4ufig tritt die Pflegebed\u00fcrftigkeit nahestehender Menschen pl\u00f6tzlich und unvorbereitet ein. Pflegende Angeh\u00f6rige ben\u00f6tigen fr\u00fchzeitig Unterst\u00fctzungsm\u00f6glichkeiten, um eine k\u00f6rperlich und psychisch belastende, oft \u00fcber lange Dauer andauernde Pflegezeit leisten zu k\u00f6nnen.<br \/><\/span><\/p><p><span style=\"font-size: 12pt;\">Das Dialogforum Mittelfranken bietet Informationen \u00fcber bestehende Hilfs- und Unterst\u00fctzungsangebote. Dar\u00fcber hinaus bietet das Dialogforum Raum zum Austausch mit anderen pflegenden Angeh\u00f6rigen. Daf\u00fcr gibt es neben dem Vortrag am Vormittag Unterst\u00fctzungsm\u00f6glichkeiten f\u00fcr pflegende Angeh\u00f6rige mit Fallbeispielen aus der Praxis\u2018 (Gerlinde Heilingbrunner, Regionale Pflegeberatung der AOK Bayern) nachmittags drei parallel stattfindende Foren zu unterschiedlichen Themen:<br \/><\/span><\/p><ul style=\"list-style-type: disc;\"><li><span style=\"font-size: 12pt;\">Dialogforum 1: <br \/>\u201eWelche Strategien haben Ihnen im Umgang mit Herausforderungen im Pflegealltag geholfen?\u201c (Dominice Blome, Fachstelle f\u00fcr Demenz und Pflege Bayern)<\/span><\/li><li><span style=\"font-size: 12pt;\">Dialogforum 2: <br \/>\u201eWelche Unterst\u00fctzungs-, Beratungs- und Entlastungsangebote gibt es f\u00fcr mich? (Christel Krumwiede, Pflegest\u00fctzpunkt N\u00fcrnberg, Nina Gemme, Fachstelle f\u00fcr Demenz und Pflege Mittelfranken)<\/span><\/li><li><span style=\"font-size: 12pt;\">Dialogforum 3: <br \/>\u201eWie k\u00f6nnen wir gemeinsam unsere Belange als pflegende Angeh\u00f6rige in der \u00d6ffentlichkeit vertreten?\u201c (Wolfgang Joa, Fachstelle f\u00fcr Demenz und Pflege Bayern)<br \/><\/span><\/li><\/ul><p><span style=\"font-size: 12pt;\">Das Dialogforum findet am Samstag, den 24.07.2021, online von 11.00 Uhr bis 14.15 Uhr statt. Der virtuelle Raum ist ab 10.30 Uhr ge\u00f6ffnet. <br \/><\/span><\/p><p><span style=\"font-size: 12pt;\">Weitere Informationen zur Veranstaltung sowie zur Teilnahmem\u00f6glichkeit erhalten Sie unter <a href=\"http:\/\/www.dialogforen.bayern.de\" target=\"_blank\" rel=\"noopener\">www.dialogforen.bayern.de<\/a> per E-Mail bei <a href=\"mailto:dialogforen@lfp.bayern.de\" target=\"_blank\" rel=\"noopener\">dialogforen@lfp.bayern.de<\/a> oder telefonisch unter 09621 9669-1603 oder -1604.<\/span><\/p>\t\t\t\t\t\t<\/div>\n\t\t\t\t<\/div>\n\t\t\t\t<section class=\"elementor-section elementor-inner-section elementor-element elementor-element-633cd56 elementor-section-boxed elementor-section-height-default elementor-section-height-default\" data-id=\"633cd56\" data-element_type=\"section\">\n\t\t\t\t\t\t<div class=\"elementor-container elementor-column-gap-default\">\n\t\t\t\t\t<div class=\"elementor-column elementor-col-100 elementor-inner-column elementor-element elementor-element-0d0044f\" data-id=\"0d0044f\" data-element_type=\"column\">\n\t\t\t<div class=\"elementor-widget-wrap elementor-element-populated\">\n\t\t\t\t\t\t<div class=\"elementor-element elementor-element-a50cf30 elementor-widget elementor-widget-shortcode\" data-id=\"a50cf30\" data-element_type=\"widget\" data-widget_type=\"shortcode.default\">\n\t\t\t\t<div class=\"elementor-widget-container\">\n\t\t\t\t\t<div class=\"elementor-shortcode\"><!-- Beginn https:\/\/www.financeads.net\/-Code --><a href=\"https:\/\/www.financeads.net\/tc.php?t=36648C38513858B\" target=\"_blank\"><center><img decoding=\"async\" src=\"https:\/\/www.financeads.net\/tb.php?t=36648V38513858B&https=1\" alt=\"\" border=\"0\" width=\"468\" height=\"60\"><\/a><!-- Ende https:\/\/www.financeads.net\/-Code --><\/div>\n\t\t\t\t<\/div>\n\t\t\t\t<\/div>\n\t\t\t\t\t<\/div>\n\t\t<\/div>\n\t\t\t\t\t<\/div>\n\t\t<\/section>\n\t\t\t\t<div class=\"elementor-element elementor-element-772dde2 elementor-widget-divider--view-line elementor-widget elementor-widget-divider\" data-id=\"772dde2\" data-element_type=\"widget\" data-widget_type=\"divider.default\">\n\t\t\t\t<div class=\"elementor-widget-container\">\n\t\t\t\t\t<div class=\"elementor-divider\">\n\t\t\t<span class=\"elementor-divider-separator\">\n\t\t\t\t\t\t<\/span>\n\t\t<\/div>\n\t\t\t\t<\/div>\n\t\t\t\t<\/div>\n\t\t\t\t<div class=\"elementor-element elementor-element-39c5f74 elementor-widget elementor-widget-google_maps\" data-id=\"39c5f74\" data-element_type=\"widget\" data-widget_type=\"google_maps.default\">\n\t\t\t\t<div class=\"elementor-widget-container\">\n\t\t\t\t\t<div class=\"elementor-custom-embed\">\n\t\t\t<iframe loading=\"lazy\"\n\t\t\t\t\tsrc=\"https:\/\/maps.google.com\/maps?q=K%C3%B6nigsplatz%2C%20Schwabach%2C%20Deutschland&#038;t=m&#038;z=17&#038;output=embed&#038;iwloc=near\"\n\t\t\t\t\ttitle=\"K\u00f6nigsplatz, Schwabach, Deutschland\"\n\t\t\t\t\taria-label=\"K\u00f6nigsplatz, Schwabach, Deutschland\"\n\t\t\t><\/iframe>\n\t\t<\/div>\n\t\t\t\t<\/div>\n\t\t\t\t<\/div>\n\t\t\t\t\t<\/div>\n\t\t<\/div>\n\t\t\t\t<div class=\"elementor-column elementor-col-33 elementor-top-column elementor-element elementor-element-flkv3o5\" data-id=\"flkv3o5\" data-element_type=\"column\">\n\t\t\t<div class=\"elementor-widget-wrap elementor-element-populated\">\n\t\t\t\t\t\t<div class=\"elementor-element elementor-element-b35c574 elementor-widget elementor-widget-heading\" data-id=\"b35c574\" data-element_type=\"widget\" data-widget_type=\"heading.default\">\n\t\t\t\t<div class=\"elementor-widget-container\">\n\t\t\t<h3 class=\"elementor-heading-title elementor-size-default\">Schnell vergleichen und sparen!<\/h3>\t\t<\/div>\n\t\t\t\t<\/div>\n\t\t\t\t<div class=\"elementor-element elementor-element-4cac60f elementor-widget elementor-widget-wp-widget-advads_ad_widget\" data-id=\"4cac60f\" data-element_type=\"widget\" data-widget_type=\"wp-widget-advads_ad_widget.default\">\n\t\t\t\t<div class=\"elementor-widget-container\">\n\t\t\t<div id=\"regio-3719342729\"><div class=\"regio-adlabel\">Werbung<\/div><!-- Beginn https:\/\/www.financeads.net\/-Code --><a href=\"https:\/\/www.financeads.net\/tc.php?t=36648C236142529B\" target=\"_blank\"><img fetchpriority=\"high\" decoding=\"async\" src=\"https:\/\/www.financeads.net\/tb.php?t=36648V236142529B&https=1\" alt=\"\" border=\"0\" width=\"300\" height=\"250\"><\/a><!-- Ende https:\/\/www.financeads.net\/-Code --><\/div>\t\t<\/div>\n\t\t\t\t<\/div>\n\t\t\t\t<div class=\"elementor-element elementor-element-26ba867 elementor-widget elementor-widget-wp-widget-advads_ad_widget\" data-id=\"26ba867\" data-element_type=\"widget\" data-widget_type=\"wp-widget-advads_ad_widget.default\">\n\t\t\t\t<div class=\"elementor-widget-container\">\n\t\t\t<div id=\"regio-3458347838\"><div class=\"regio-adlabel\">Werbung<\/div><!-- Beginn https:\/\/www.financeads.net\/-Code --><a href=\"https:\/\/www.financeads.net\/tc.php?t=36648C42614510B\" target=\"_blank\"><img decoding=\"async\" src=\"https:\/\/www.financeads.net\/tb.php?t=36648V42614510B&https=1\" alt=\"\" border=\"0\" width=\"200\" height=\"300\"><\/a><!-- Ende https:\/\/www.financeads.net\/-Code --><\/div>\t\t<\/div>\n\t\t\t\t<\/div>\n\t\t\t\t<div class=\"elementor-element elementor-element-2be56d0 elementor-widget elementor-widget-wp-widget-advads_ad_widget\" data-id=\"2be56d0\" data-element_type=\"widget\" data-widget_type=\"wp-widget-advads_ad_widget.default\">\n\t\t\t\t<div class=\"elementor-widget-container\">\n\t\t\t<div id=\"regio-3938787682\"><div class=\"regio-adlabel\">Werbung<\/div><!-- Beginn https:\/\/www.financeads.net\/-Code --><a href=\"https:\/\/www.financeads.net\/tc.php?t=36648C205040072B\" target=\"_blank\"><img loading=\"lazy\" decoding=\"async\" src=\"https:\/\/www.financeads.net\/tb.php?t=36648V205040072B&https=1\" alt=\"\" border=\"0\" width=\"300\" height=\"250\"><\/a><!-- Ende https:\/\/www.financeads.net\/-Code --><\/div>\t\t<\/div>\n\t\t\t\t<\/div>\n\t\t\t\t<div class=\"elementor-element elementor-element-9201b77 elementor-widget elementor-widget-wp-widget-advads_ad_widget\" data-id=\"9201b77\" data-element_type=\"widget\" data-widget_type=\"wp-widget-advads_ad_widget.default\">\n\t\t\t\t<div class=\"elementor-widget-container\">\n\t\t\t<div id=\"regio-1890738955\"><div class=\"regio-adlabel\">Werbung<\/div><!-- Beginn https:\/\/www.financeads.net\/-Code --><a href=\"https:\/\/www.financeads.net\/tc.php?t=36648C271460142B\" target=\"_blank\"><img loading=\"lazy\" decoding=\"async\" src=\"https:\/\/www.financeads.net\/tb.php?t=36648V271460142B&https=1\" alt=\"PETPROTECT_Hund&Katze_Banner\" border=\"0\" width=\"250\" height=\"250\"><\/a><!-- Ende https:\/\/www.financeads.net\/-Code --><\/div>\t\t<\/div>\n\t\t\t\t<\/div>\n\t\t\t\t\t<\/div>\n\t\t<\/div>\n\t\t\t\t\t<\/div>\n\t\t<\/section>\n\t\t\t\t<\/div>\n\t\t","protected":false},"excerpt":{"rendered":"<div class=\"mh-excerpt\"><p>Samstag, den 24. Juli 2021:Dialogforum f\u00fcr pflegende Angeh\u00f6rige Schwabach &#8211; Das Bayerische Staatsministerium der Gesundheit und Pflege veranstaltet am Samstag, den 24. Juli 2021, ein online-Dialogforum f\u00fcr pflegende Angeh\u00f6rige. In Bayern betreuen und versorgen pflegende <a class=\"mh-excerpt-more\" href=\"https:\/\/www.region-schwabach.de\/wordpress\/online-veranstaltung-fur-pflegende-angehorige-am-samstag-den-24-juli-2021\/\" title=\"Online-Veranstaltung f\u00fcr pflegende Angeh\u00f6rige am Samstag, den 24. Juli 2021\">[&#8230;]<\/a><\/p>\n<\/div>","protected":false},"author":1,"featured_media":144070,"comment_status":"open","ping_status":"open","sticky":false,"template":"","format":"standard","meta":{"_cbd_carousel_blocks":"[]","footnotes":""},"categories":[16,287,4306,61,231],"tags":[16275,16274,16291,16292,4034,16290,19,14053,3012,3151,16294],"class_list":{"0":"post-144069","1":"post","2":"type-post","3":"status-publish","4":"format-standard","5":"has-post-thumbnail","7":"category-aktuell","8":"category-jugend-und-familie","9":"category-ratgeber","10":"category-rathaus","11":"category-veranstaltungsnews","12":"tag-24-juli-2021","13":"tag-24-07-2021","14":"tag-bayerisches-staatsministerium-der-gesundheit-und-pflege","15":"tag-dialogforum","16":"tag-online","17":"tag-online-veranstaltung-fuer-pflegende-angehoerige","18":"tag-schwabach","19":"tag-seminar","20":"tag-stadt","21":"tag-stadt-schwabach","22":"tag-virtueller-raum"},"_links":{"self":[{"href":"https:\/\/www.region-schwabach.de\/wordpress\/wp-json\/wp\/v2\/posts\/144069","targetHints":{"allow":["GET"]}}],"collection":[{"href":"https:\/\/www.region-schwabach.de\/wordpress\/wp-json\/wp\/v2\/posts"}],"about":[{"href":"https:\/\/www.region-schwabach.de\/wordpress\/wp-json\/wp\/v2\/types\/post"}],"author":[{"embeddable":true,"href":"https:\/\/www.region-schwabach.de\/wordpress\/wp-json\/wp\/v2\/users\/1"}],"replies":[{"embeddable":true,"href":"https:\/\/www.region-schwabach.de\/wordpress\/wp-json\/wp\/v2\/comments?post=144069"}],"version-history":[{"count":0,"href":"https:\/\/www.region-schwabach.de\/wordpress\/wp-json\/wp\/v2\/posts\/144069\/revisions"}],"wp:featuredmedia":[{"embeddable":true,"href":"https:\/\/www.region-schwabach.de\/wordpress\/wp-json\/wp\/v2\/media\/144070"}],"wp:attachment":[{"href":"https:\/\/www.region-schwabach.de\/wordpress\/wp-json\/wp\/v2\/media?parent=144069"}],"wp:term":[{"taxonomy":"category","embeddable":true,"href":"https:\/\/www.region-schwabach.de\/wordpress\/wp-json\/wp\/v2\/categories?post=144069"},{"taxonomy":"post_tag","embeddable":true,"href":"https:\/\/www.region-schwabach.de\/wordpress\/wp-json\/wp\/v2\/tags?post=144069"}],"curies":[{"name":"wp","href":"https:\/\/api.w.org\/{rel}","templated":true}]}}