{"id":14561,"date":"2017-10-13T23:00:19","date_gmt":"2017-10-13T21:00:19","guid":{"rendered":"http:\/\/www.region-schwabach.de\/wordpress\/?p=14561"},"modified":"2018-07-30T09:57:22","modified_gmt":"2018-07-30T07:57:22","slug":"muenzgasse-vom-12-bis-26-oktober-gesperrt","status":"publish","type":"post","link":"https:\/\/www.region-schwabach.de\/wordpress\/muenzgasse-vom-12-bis-26-oktober-gesperrt\/","title":{"rendered":"M\u00fcnzgasse vom 12. bis 26. Oktober gesperrt"},"content":{"rendered":"\t\t<div data-elementor-type=\"wp-post\" data-elementor-id=\"14561\" class=\"elementor elementor-14561 elementor-bc-flex-widget\">\n\t\t\t\t\t\t<section class=\"elementor-section elementor-top-section elementor-element elementor-element-1dzeyuh elementor-section-boxed elementor-section-height-default elementor-section-height-default\" data-id=\"1dzeyuh\" data-element_type=\"section\">\n\t\t\t\t\t\t<div class=\"elementor-container elementor-column-gap-default\">\n\t\t\t\t\t<div class=\"elementor-column elementor-col-66 elementor-top-column elementor-element elementor-element-aam59ft\" data-id=\"aam59ft\" data-element_type=\"column\">\n\t\t\t<div class=\"elementor-widget-wrap elementor-element-populated\">\n\t\t\t\t\t\t<div class=\"elementor-element elementor-element-k9p1oyc elementor-widget elementor-widget-text-editor\" data-id=\"k9p1oyc\" data-element_type=\"widget\" data-widget_type=\"text-editor.default\">\n\t\t\t\t<div class=\"elementor-widget-container\">\n\t\t\t\t\t\t\t<h3>Sperrung\u00a0zwischen 12. und 26. Oktober n\u00f6tig<\/h3><p>In der Zeit von Donnerstag, den 12.10.2017 bis Donnerstag, den 26.10.2017 kommt es zur Sperrung der M\u00fcnzgasse.<\/p><h3><strong>Reparatur an Hauptgasleitung f\u00fcr Sperrung verantwortlich<\/strong><\/h3><p>Grund der Sperrung ist die Reparatur eines Rohrschadens an der Gashauptleitung auf H\u00f6he des Anwesens Benkendorferstra\u00dfe 18.<\/p><h3>Zufahrt f\u00fcr Anlieger m\u00f6glich<\/h3><p>Die Einbahnstra\u00dfenregelung in der M\u00fcnzgasse wird f\u00fcr die Dauer der Sperrung aufgehoben, so dass Anlieger von der H\u00f6rdlertorstra\u00dfe her bis zur Baustelle gelangen.<\/p>\t\t\t\t\t\t<\/div>\n\t\t\t\t<\/div>\n\t\t\t\t<div class=\"elementor-element elementor-element-rf47wqh elementor-widget elementor-widget-google_maps\" data-id=\"rf47wqh\" data-element_type=\"widget\" data-widget_type=\"google_maps.default\">\n\t\t\t\t<div class=\"elementor-widget-container\">\n\t\t\t\t\t<div class=\"elementor-custom-embed\">\n\t\t\t<iframe loading=\"lazy\"\n\t\t\t\t\tsrc=\"https:\/\/maps.google.com\/maps?q=Benkendorferstra%C3%9Fe%2018%2C%20Schwabach%2C%20Deutschland&#038;t=m&#038;z=18&#038;output=embed&#038;iwloc=near\"\n\t\t\t\t\ttitle=\"Benkendorferstra\u00dfe 18, Schwabach, Deutschland\"\n\t\t\t\t\taria-label=\"Benkendorferstra\u00dfe 18, Schwabach, Deutschland\"\n\t\t\t><\/iframe>\n\t\t<\/div>\n\t\t\t\t<\/div>\n\t\t\t\t<\/div>\n\t\t\t\t\t<\/div>\n\t\t<\/div>\n\t\t\t\t<div class=\"elementor-column elementor-col-33 elementor-top-column elementor-element elementor-element-uferl75\" data-id=\"uferl75\" data-element_type=\"column\">\n\t\t\t<div class=\"elementor-widget-wrap elementor-element-populated\">\n\t\t\t\t\t\t<div class=\"elementor-element elementor-element-xuttsc2 elementor-widget elementor-widget-image\" data-id=\"xuttsc2\" data-element_type=\"widget\" data-widget_type=\"image.default\">\n\t\t\t\t<div class=\"elementor-widget-container\">\n\t\t\t\t\t\t\t\t\t\t\t\t\t<img fetchpriority=\"high\" decoding=\"async\" width=\"300\" height=\"300\" src=\"https:\/\/www.region-schwabach.de\/wordpress\/wp-content\/uploads\/2017\/06\/werbung8-300x300.png\" class=\"attachment-medium size-medium wp-image-2484\" alt=\"\" srcset=\"https:\/\/www.region-schwabach.de\/wordpress\/wp-content\/uploads\/2017\/06\/werbung8-300x300.png 300w, https:\/\/www.region-schwabach.de\/wordpress\/wp-content\/uploads\/2017\/06\/werbung8-150x150.png 150w, https:\/\/www.region-schwabach.de\/wordpress\/wp-content\/uploads\/2017\/06\/werbung8-768x768.png 768w, https:\/\/www.region-schwabach.de\/wordpress\/wp-content\/uploads\/2017\/06\/werbung8-1024x1024.png 1024w, https:\/\/www.region-schwabach.de\/wordpress\/wp-content\/uploads\/2017\/06\/werbung8-600x600.png 600w, https:\/\/www.region-schwabach.de\/wordpress\/wp-content\/uploads\/2017\/06\/werbung8.png 1200w\" sizes=\"(max-width: 300px) 100vw, 300px\" \/>\t\t\t\t\t\t\t\t\t\t\t\t\t<\/div>\n\t\t\t\t<\/div>\n\t\t\t\t\t<\/div>\n\t\t<\/div>\n\t\t\t\t\t<\/div>\n\t\t<\/section>\n\t\t\t\t<\/div>\n\t\t","protected":false},"excerpt":{"rendered":"<div class=\"mh-excerpt\"><p>Sperrung\u00a0zwischen 12. und 26. Oktober n\u00f6tig In der Zeit von Donnerstag, den 12.10.2017 bis Donnerstag, den 26.10.2017 kommt es zur Sperrung der M\u00fcnzgasse. Reparatur an Hauptgasleitung f\u00fcr Sperrung verantwortlich Grund der Sperrung ist die Reparatur <a class=\"mh-excerpt-more\" href=\"https:\/\/www.region-schwabach.de\/wordpress\/muenzgasse-vom-12-bis-26-oktober-gesperrt\/\" title=\"M\u00fcnzgasse vom 12. bis 26. Oktober gesperrt\">[&#8230;]<\/a><\/p>\n<\/div>","protected":false},"author":1,"featured_media":14962,"comment_status":"open","ping_status":"open","sticky":false,"template":"template-full.php","format":"standard","meta":{"_cbd_carousel_blocks":"[]","footnotes":""},"categories":[14],"tags":[1040,1038,1039,19,276],"class_list":{"0":"post-14561","1":"post","2":"type-post","3":"status-publish","4":"format-standard","5":"has-post-thumbnail","7":"category-verkehrsinfos","8":"tag-gashauptleitung","9":"tag-muenzgasse","10":"tag-reparatur-rohrschaden","11":"tag-schwabach","12":"tag-sperrung"},"_links":{"self":[{"href":"https:\/\/www.region-schwabach.de\/wordpress\/wp-json\/wp\/v2\/posts\/14561","targetHints":{"allow":["GET"]}}],"collection":[{"href":"https:\/\/www.region-schwabach.de\/wordpress\/wp-json\/wp\/v2\/posts"}],"about":[{"href":"https:\/\/www.region-schwabach.de\/wordpress\/wp-json\/wp\/v2\/types\/post"}],"author":[{"embeddable":true,"href":"https:\/\/www.region-schwabach.de\/wordpress\/wp-json\/wp\/v2\/users\/1"}],"replies":[{"embeddable":true,"href":"https:\/\/www.region-schwabach.de\/wordpress\/wp-json\/wp\/v2\/comments?post=14561"}],"version-history":[{"count":0,"href":"https:\/\/www.region-schwabach.de\/wordpress\/wp-json\/wp\/v2\/posts\/14561\/revisions"}],"wp:featuredmedia":[{"embeddable":true,"href":"https:\/\/www.region-schwabach.de\/wordpress\/wp-json\/wp\/v2\/media\/14962"}],"wp:attachment":[{"href":"https:\/\/www.region-schwabach.de\/wordpress\/wp-json\/wp\/v2\/media?parent=14561"}],"wp:term":[{"taxonomy":"category","embeddable":true,"href":"https:\/\/www.region-schwabach.de\/wordpress\/wp-json\/wp\/v2\/categories?post=14561"},{"taxonomy":"post_tag","embeddable":true,"href":"https:\/\/www.region-schwabach.de\/wordpress\/wp-json\/wp\/v2\/tags?post=14561"}],"curies":[{"name":"wp","href":"https:\/\/api.w.org\/{rel}","templated":true}]}}