{"id":145735,"date":"2021-08-10T01:00:00","date_gmt":"2021-08-09T23:00:00","guid":{"rendered":"https:\/\/www.region-schwabach.de\/wordpress\/?p=145735"},"modified":"2021-08-09T23:30:00","modified_gmt":"2021-08-09T21:30:00","slug":"teilzeit-parkberechtigungen-fur-das-parken-auf-den-kostenpflichtigen-grossparkplatzen-in-schwabach-erhaltlich","status":"publish","type":"post","link":"https:\/\/www.region-schwabach.de\/wordpress\/teilzeit-parkberechtigungen-fur-das-parken-auf-den-kostenpflichtigen-grossparkplatzen-in-schwabach-erhaltlich\/","title":{"rendered":"Teilzeit-Parkberechtigungen f\u00fcr das Parken auf den kostenpflichtigen Gro\u00dfparkpl\u00e4tzen in Schwabach erh\u00e4ltlich"},"content":{"rendered":"\t\t<div data-elementor-type=\"wp-post\" data-elementor-id=\"145735\" class=\"elementor elementor-145735\">\n\t\t\t\t\t\t<section class=\"elementor-section elementor-top-section elementor-element elementor-element-1dzeyuh elementor-section-boxed elementor-section-height-default elementor-section-height-default\" data-id=\"1dzeyuh\" data-element_type=\"section\">\n\t\t\t\t\t\t<div class=\"elementor-container elementor-column-gap-default\">\n\t\t\t\t\t<div class=\"elementor-column elementor-col-50 elementor-top-column elementor-element elementor-element-aam59ft\" data-id=\"aam59ft\" data-element_type=\"column\">\n\t\t\t<div class=\"elementor-widget-wrap elementor-element-populated\">\n\t\t\t\t\t\t<div class=\"elementor-element elementor-element-3db929b elementor-widget elementor-widget-wp-widget-advads_ad_widget\" data-id=\"3db929b\" data-element_type=\"widget\" data-widget_type=\"wp-widget-advads_ad_widget.default\">\n\t\t\t\t<div class=\"elementor-widget-container\">\n\t\t\t<div id=\"regio-2831447256\"><div class=\"regio-adlabel\">Werbung<\/div><center><a href=\"https:\/\/a.partner-versicherung.de\/click.php?partner_id=19992&ad_id=1578&deep=kreditkarten\"  target=\"_blank\"><img decoding=\"async\" src=\"https:\/\/a.partner-versicherung.de\/view.php?partner_id=19992&ad_id=1578\" ><\/a><\/center><\/div>\t\t<\/div>\n\t\t\t\t<\/div>\n\t\t\t\t<div class=\"elementor-element elementor-element-k9p1oyc elementor-widget elementor-widget-text-editor\" data-id=\"k9p1oyc\" data-element_type=\"widget\" data-widget_type=\"text-editor.default\">\n\t\t\t\t<div class=\"elementor-widget-container\">\n\t\t\t\t\t\t\t<h3>Im B\u00fcrgerb\u00fcro erh\u00e4ltlich:\u00a0<br \/>Jahresparkberechtigung nun als Teilzeitvariante<\/h3><p><span style=\"font-size: 12pt;\">Schwabach &#8211; Ab sofort sind Teilzeit-Jahresparkberechtigungen, die das Parken auf den kostenpflichtigen Gro\u00dfparkpl\u00e4tzen in Schwabach in bestimmten Zeiten erm\u00f6glichen, f\u00fcr 150 Euro im B\u00fcrgerb\u00fcro erh\u00e4ltlich. <\/span><\/p><h3>Unterschiedliche Geltungsdauer<\/h3><p><span style=\"font-size: 12pt;\">F\u00fcr die Geltungsdauer besteht eine Wahlm\u00f6glichkeit zwischen vormittags 8:00 Uhr bis 14:00 Uhr oder nachmittags 12:00 Uhr bis 18 Uhr. Die \u00dcberschneidung in der Mittagszeit ist eine Kulanzzeit, die aus Gr\u00fcnden der Zweckm\u00e4\u00dfigkeit gew\u00e4hlt wurde. Alternativ ist eine tageweise Festlegung m\u00f6glich. Hier k\u00f6nnen bis zu 3 frei w\u00e4hlbare Tage angegeben werden. <br \/><\/span><\/p><h3><span style=\"font-size: 14pt;\">Stadtbaurat Ricus Kerckhoff:<\/span><\/h3><p><span style=\"font-size: 12pt;\">\u201eMit dieser neuen Regelung wollen wir Teilzeitbesch\u00e4ftigten, die einen Parkplatz f\u00fcr eine k\u00fcrzere Zeitdauer ben\u00f6tigen, eine g\u00fcnstige M\u00f6glichkeit anbieten\u201c, so Stadtbaurat Ricus Kerckhoff. <\/span><\/p><h3><span style=\"font-size: 14pt;\">Die Teilzeit-Jahresparkberechtigungen sind auf foldenden Gro\u00dfparkpl\u00e4tzen g\u00fcltig:<\/span><\/h3><ul style=\"list-style-type: disc;\"><li><span style=\"font-size: 12pt;\">Altstadt-Ost<\/span><br \/><span style=\"font-size: 12pt;\">Markgrafensaal<\/span><\/li><li><span style=\"font-size: 12pt;\">Altstadt-West<\/span><br \/><span style=\"font-size: 12pt;\">Reichsweisenhausstra\u00dfe (N\u00e4he AWO)<\/span><\/li><li><span style=\"font-size: 12pt;\">Schulzentrum<\/span><br \/><span style=\"font-size: 12pt;\">Bismarckstra\u00dfe<\/span><\/li><\/ul><p><strong><span style=\"font-size: 12pt;\">Hier d\u00fcrfen nur die Langzeitparkpl\u00e4tze genutzt werden.\u00a0<\/span><\/strong><\/p><h3>Weiterf\u00fchrende Links:<\/h3><p><a href=\"https:\/\/www.region-schwabach.de\/wordpress\/service\/parkscheinautomaten\/\" target=\"_blank\" rel=\"noopener\"><span style=\"font-size: 12pt;\">Eine \u00dcbersicht der Parkpl\u00e4tze in Schwabach gibt es hier &#8230;<\/span><\/a><\/p>\t\t\t\t\t\t<\/div>\n\t\t\t\t<\/div>\n\t\t\t\t<div class=\"elementor-element elementor-element-978350b elementor-widget elementor-widget-shortcode\" data-id=\"978350b\" data-element_type=\"widget\" data-widget_type=\"shortcode.default\">\n\t\t\t\t<div class=\"elementor-widget-container\">\n\t\t\t\t\t<div class=\"elementor-shortcode\"><center><a href=\"https:\/\/a.partner-versicherung.de\/click.php?partner_id=19992&ad_id=441&deep=kfz-versicherung\"  target=\"_blank\"><img decoding=\"async\" src=\"https:\/\/a.partner-versicherung.de\/view.php?partner_id=19992&ad_id=441\" ><\/a><\/center><\/div>\n\t\t\t\t<\/div>\n\t\t\t\t<\/div>\n\t\t\t\t<div class=\"elementor-element elementor-element-rf47wqh elementor-widget elementor-widget-google_maps\" data-id=\"rf47wqh\" data-element_type=\"widget\" data-widget_type=\"google_maps.default\">\n\t\t\t\t<div class=\"elementor-widget-container\">\n\t\t\t\t\t<div class=\"elementor-custom-embed\">\n\t\t\t<iframe loading=\"lazy\"\n\t\t\t\t\tsrc=\"https:\/\/maps.google.com\/maps?q=49.328146%2C%2011.025863&#038;t=m&#038;z=17&#038;output=embed&#038;iwloc=near\"\n\t\t\t\t\ttitle=\"49.328146, 11.025863\"\n\t\t\t\t\taria-label=\"49.328146, 11.025863\"\n\t\t\t><\/iframe>\n\t\t<\/div>\n\t\t\t\t<\/div>\n\t\t\t\t<\/div>\n\t\t\t\t<div class=\"elementor-element elementor-element-413e730 elementor-widget elementor-widget-google_maps\" data-id=\"413e730\" data-element_type=\"widget\" data-widget_type=\"google_maps.default\">\n\t\t\t\t<div class=\"elementor-widget-container\">\n\t\t\t\t\t<div class=\"elementor-custom-embed\">\n\t\t\t<iframe loading=\"lazy\"\n\t\t\t\t\tsrc=\"https:\/\/maps.google.com\/maps?q=49.328683%2C%2011.016053&#038;t=m&#038;z=17&#038;output=embed&#038;iwloc=near\"\n\t\t\t\t\ttitle=\"49.328683, 11.016053\"\n\t\t\t\t\taria-label=\"49.328683, 11.016053\"\n\t\t\t><\/iframe>\n\t\t<\/div>\n\t\t\t\t<\/div>\n\t\t\t\t<\/div>\n\t\t\t\t<div class=\"elementor-element elementor-element-c25f7b4 elementor-widget elementor-widget-google_maps\" data-id=\"c25f7b4\" data-element_type=\"widget\" data-widget_type=\"google_maps.default\">\n\t\t\t\t<div class=\"elementor-widget-container\">\n\t\t\t\t\t<div class=\"elementor-custom-embed\">\n\t\t\t<iframe loading=\"lazy\"\n\t\t\t\t\tsrc=\"https:\/\/maps.google.com\/maps?q=49.330935%2C%2011.024340&#038;t=m&#038;z=17&#038;output=embed&#038;iwloc=near\"\n\t\t\t\t\ttitle=\"49.330935, 11.024340\"\n\t\t\t\t\taria-label=\"49.330935, 11.024340\"\n\t\t\t><\/iframe>\n\t\t<\/div>\n\t\t\t\t<\/div>\n\t\t\t\t<\/div>\n\t\t\t\t<div class=\"elementor-element elementor-element-3a8beaa elementor-widget elementor-widget-google_maps\" data-id=\"3a8beaa\" data-element_type=\"widget\" data-widget_type=\"google_maps.default\">\n\t\t\t\t<div class=\"elementor-widget-container\">\n\t\t\t\t\t<div class=\"elementor-custom-embed\">\n\t\t\t<iframe loading=\"lazy\"\n\t\t\t\t\tsrc=\"https:\/\/maps.google.com\/maps?q=49.326223%2C%2011.018205&#038;t=m&#038;z=17&#038;output=embed&#038;iwloc=near\"\n\t\t\t\t\ttitle=\"49.326223, 11.018205\"\n\t\t\t\t\taria-label=\"49.326223, 11.018205\"\n\t\t\t><\/iframe>\n\t\t<\/div>\n\t\t\t\t<\/div>\n\t\t\t\t<\/div>\n\t\t\t\t\t<\/div>\n\t\t<\/div>\n\t\t\t\t<div class=\"elementor-column elementor-col-50 elementor-top-column elementor-element elementor-element-27c4fd9\" data-id=\"27c4fd9\" data-element_type=\"column\">\n\t\t\t<div class=\"elementor-widget-wrap elementor-element-populated\">\n\t\t\t\t\t\t<div class=\"elementor-element elementor-element-b113b2c elementor-widget elementor-widget-heading\" data-id=\"b113b2c\" data-element_type=\"widget\" data-widget_type=\"heading.default\">\n\t\t\t\t<div class=\"elementor-widget-container\">\n\t\t\t<h3 class=\"elementor-heading-title elementor-size-default\">Schnell vergleichen und sparen!<\/h3>\t\t<\/div>\n\t\t\t\t<\/div>\n\t\t\t\t<div class=\"elementor-element elementor-element-6141e3e elementor-widget elementor-widget-wp-widget-advads_ad_widget\" data-id=\"6141e3e\" data-element_type=\"widget\" data-widget_type=\"wp-widget-advads_ad_widget.default\">\n\t\t\t\t<div class=\"elementor-widget-container\">\n\t\t\t<div id=\"regio-1077476219\"><div class=\"regio-adlabel\">Werbung<\/div><!-- Beginn https:\/\/www.financeads.net\/-Code --><a href=\"https:\/\/www.financeads.net\/tc.php?t=36648C236142529B\" target=\"_blank\"><img fetchpriority=\"high\" decoding=\"async\" src=\"https:\/\/www.financeads.net\/tb.php?t=36648V236142529B&https=1\" alt=\"\" border=\"0\" width=\"300\" height=\"250\"><\/a><!-- Ende https:\/\/www.financeads.net\/-Code --><\/div>\t\t<\/div>\n\t\t\t\t<\/div>\n\t\t\t\t<div class=\"elementor-element elementor-element-280ddbf elementor-widget elementor-widget-wp-widget-advads_ad_widget\" data-id=\"280ddbf\" data-element_type=\"widget\" data-widget_type=\"wp-widget-advads_ad_widget.default\">\n\t\t\t\t<div class=\"elementor-widget-container\">\n\t\t\t<div id=\"regio-3211956886\"><div class=\"regio-adlabel\">Werbung<\/div><!-- Beginn https:\/\/www.financeads.net\/-Code --><a href=\"https:\/\/www.financeads.net\/tc.php?t=36648C42614510B\" target=\"_blank\"><img decoding=\"async\" src=\"https:\/\/www.financeads.net\/tb.php?t=36648V42614510B&https=1\" alt=\"\" border=\"0\" width=\"200\" height=\"300\"><\/a><!-- Ende https:\/\/www.financeads.net\/-Code --><\/div>\t\t<\/div>\n\t\t\t\t<\/div>\n\t\t\t\t<div class=\"elementor-element elementor-element-ef70135 elementor-widget elementor-widget-wp-widget-advads_ad_widget\" data-id=\"ef70135\" data-element_type=\"widget\" data-widget_type=\"wp-widget-advads_ad_widget.default\">\n\t\t\t\t<div class=\"elementor-widget-container\">\n\t\t\t<div id=\"regio-1085741041\"><div class=\"regio-adlabel\">Werbung<\/div><!-- Beginn https:\/\/www.financeads.net\/-Code --><a href=\"https:\/\/www.financeads.net\/tc.php?t=36648C205040072B\" target=\"_blank\"><img decoding=\"async\" src=\"https:\/\/www.financeads.net\/tb.php?t=36648V205040072B&https=1\" alt=\"\" border=\"0\" width=\"300\" height=\"250\"><\/a><!-- Ende https:\/\/www.financeads.net\/-Code --><\/div>\t\t<\/div>\n\t\t\t\t<\/div>\n\t\t\t\t<div class=\"elementor-element elementor-element-081ccfe elementor-widget elementor-widget-wp-widget-advads_ad_widget\" data-id=\"081ccfe\" data-element_type=\"widget\" data-widget_type=\"wp-widget-advads_ad_widget.default\">\n\t\t\t\t<div class=\"elementor-widget-container\">\n\t\t\t<div id=\"regio-220496019\"><div class=\"regio-adlabel\">Werbung<\/div><!-- Beginn https:\/\/www.financeads.net\/-Code --><a href=\"https:\/\/www.financeads.net\/tc.php?t=36648C271460142B\" target=\"_blank\"><img loading=\"lazy\" decoding=\"async\" src=\"https:\/\/www.financeads.net\/tb.php?t=36648V271460142B&https=1\" alt=\"PETPROTECT_Hund&Katze_Banner\" border=\"0\" width=\"250\" height=\"250\"><\/a><!-- Ende https:\/\/www.financeads.net\/-Code --><\/div>\t\t<\/div>\n\t\t\t\t<\/div>\n\t\t\t\t\t<\/div>\n\t\t<\/div>\n\t\t\t\t\t<\/div>\n\t\t<\/section>\n\t\t\t\t<\/div>\n\t\t","protected":false},"excerpt":{"rendered":"<div class=\"mh-excerpt\"><p>Im B\u00fcrgerb\u00fcro erh\u00e4ltlich:\u00a0Jahresparkberechtigung nun als Teilzeitvariante Schwabach &#8211; Ab sofort sind Teilzeit-Jahresparkberechtigungen, die das Parken auf den kostenpflichtigen Gro\u00dfparkpl\u00e4tzen in Schwabach in bestimmten Zeiten erm\u00f6glichen, f\u00fcr 150 Euro im B\u00fcrgerb\u00fcro erh\u00e4ltlich. Unterschiedliche Geltungsdauer F\u00fcr die <a class=\"mh-excerpt-more\" href=\"https:\/\/www.region-schwabach.de\/wordpress\/teilzeit-parkberechtigungen-fur-das-parken-auf-den-kostenpflichtigen-grossparkplatzen-in-schwabach-erhaltlich\/\" title=\"Teilzeit-Parkberechtigungen f\u00fcr das Parken auf den kostenpflichtigen Gro\u00dfparkpl\u00e4tzen in Schwabach erh\u00e4ltlich\">[&#8230;]<\/a><\/p>\n<\/div>","protected":false},"author":1,"featured_media":145736,"comment_status":"open","ping_status":"open","sticky":false,"template":"template-full.php","format":"standard","meta":{"_cbd_carousel_blocks":"[]","footnotes":""},"categories":[16,78,4306,61,203,14],"tags":[6283,6285,16482,74,522,16525,1505,7495,1480,6284,19,3151,16524],"class_list":{"0":"post-145735","1":"post","2":"type-post","3":"status-publish","4":"format-standard","5":"has-post-thumbnail","7":"category-aktuell","8":"category-handel-und-wirtschaft","9":"category-ratgeber","10":"category-rathaus","11":"category-umwelt-nachrichten","12":"category-verkehrsinfos","13":"tag-altstadt-ost-markgrafensaal","14":"tag-altstadt-west-reichswaisenhausstrasse","15":"tag-august-2021","16":"tag-buergerbuero","17":"tag-koenigsplatz","18":"tag-kostenpflichtige-grossparkplaetze","19":"tag-noerdliche-mauerstrasse","20":"tag-parkscheibe","21":"tag-rathaus","22":"tag-schulzentrum-mitte-bismarckstrasse","23":"tag-schwabach","24":"tag-stadt-schwabach","25":"tag-teilzeit-parkberechtigungen"},"_links":{"self":[{"href":"https:\/\/www.region-schwabach.de\/wordpress\/wp-json\/wp\/v2\/posts\/145735","targetHints":{"allow":["GET"]}}],"collection":[{"href":"https:\/\/www.region-schwabach.de\/wordpress\/wp-json\/wp\/v2\/posts"}],"about":[{"href":"https:\/\/www.region-schwabach.de\/wordpress\/wp-json\/wp\/v2\/types\/post"}],"author":[{"embeddable":true,"href":"https:\/\/www.region-schwabach.de\/wordpress\/wp-json\/wp\/v2\/users\/1"}],"replies":[{"embeddable":true,"href":"https:\/\/www.region-schwabach.de\/wordpress\/wp-json\/wp\/v2\/comments?post=145735"}],"version-history":[{"count":0,"href":"https:\/\/www.region-schwabach.de\/wordpress\/wp-json\/wp\/v2\/posts\/145735\/revisions"}],"wp:featuredmedia":[{"embeddable":true,"href":"https:\/\/www.region-schwabach.de\/wordpress\/wp-json\/wp\/v2\/media\/145736"}],"wp:attachment":[{"href":"https:\/\/www.region-schwabach.de\/wordpress\/wp-json\/wp\/v2\/media?parent=145735"}],"wp:term":[{"taxonomy":"category","embeddable":true,"href":"https:\/\/www.region-schwabach.de\/wordpress\/wp-json\/wp\/v2\/categories?post=145735"},{"taxonomy":"post_tag","embeddable":true,"href":"https:\/\/www.region-schwabach.de\/wordpress\/wp-json\/wp\/v2\/tags?post=145735"}],"curies":[{"name":"wp","href":"https:\/\/api.w.org\/{rel}","templated":true}]}}