{"id":145852,"date":"2021-08-11T01:00:00","date_gmt":"2021-08-10T23:00:00","guid":{"rendered":"https:\/\/www.region-schwabach.de\/wordpress\/?p=145852"},"modified":"2021-08-11T05:56:20","modified_gmt":"2021-08-11T03:56:20","slug":"zukunft-des-goldenen-stern-in-schwabach-durch-wechsel-gesichert-eigler-kommt-fur-trutschel","status":"publish","type":"post","link":"https:\/\/www.region-schwabach.de\/wordpress\/zukunft-des-goldenen-stern-in-schwabach-durch-wechsel-gesichert-eigler-kommt-fur-trutschel\/","title":{"rendered":"Zukunft des Goldenen Stern in Schwabach durch Wechsel gesichert: Eigler kommt f\u00fcr Trutschel"},"content":{"rendered":"\t\t<div data-elementor-type=\"wp-post\" data-elementor-id=\"145852\" class=\"elementor elementor-145852\">\n\t\t\t\t\t\t<section class=\"elementor-section elementor-top-section elementor-element elementor-element-1dzeyuh elementor-section-boxed elementor-section-height-default elementor-section-height-default\" data-id=\"1dzeyuh\" data-element_type=\"section\">\n\t\t\t\t\t\t<div class=\"elementor-container elementor-column-gap-default\">\n\t\t\t\t\t<div class=\"elementor-column elementor-col-50 elementor-top-column elementor-element elementor-element-aam59ft\" data-id=\"aam59ft\" data-element_type=\"column\">\n\t\t\t<div class=\"elementor-widget-wrap elementor-element-populated\">\n\t\t\t\t\t\t<div class=\"elementor-element elementor-element-3db929b elementor-widget elementor-widget-wp-widget-advads_ad_widget\" data-id=\"3db929b\" data-element_type=\"widget\" data-widget_type=\"wp-widget-advads_ad_widget.default\">\n\t\t\t\t<div class=\"elementor-widget-container\">\n\t\t\t<div id=\"regio-973439298\"><div class=\"regio-adlabel\">Werbung<\/div><center><a href=\"https:\/\/a.partner-versicherung.de\/click.php?partner_id=19992&ad_id=1578&deep=kreditkarten\"  target=\"_blank\"><img decoding=\"async\" src=\"https:\/\/a.partner-versicherung.de\/view.php?partner_id=19992&ad_id=1578\" ><\/a><\/center><\/div>\t\t<\/div>\n\t\t\t\t<\/div>\n\t\t\t\t<div class=\"elementor-element elementor-element-k9p1oyc elementor-widget elementor-widget-text-editor\" data-id=\"k9p1oyc\" data-element_type=\"widget\" data-widget_type=\"text-editor.default\">\n\t\t\t\t<div class=\"elementor-widget-container\">\n\t\t\t\t\t\t\t<h3>Zukunft des Goldenen Stern in Schwabach gesichert<br \/>Wechsel: Eigler kommt f\u00fcr Trutschel<\/h3><p><span style=\"font-size: 12pt;\">Schwabach &#8211; Ein behutsam modernisiertes Konzept mit dem Schwerpunkt deutsche und speziell fr\u00e4nkische K\u00fcche, k\u00fcndigt der neue P\u00e4chter Christian Eigler f\u00fcr die Zukunft des \u201eGoldenen Stern\u201c am K\u00f6nigsplatz an. <\/span><\/p><h3><span style=\"font-size: 14pt;\">Oberb\u00fcrgermeister Peter Rei\u00df:<\/span><\/h3><p><span style=\"font-size: 12pt;\">Oberb\u00fcrgermeister Peter Rei\u00df freute sich bei der Vorstellung im Goldenen Saal \u00fcber die Pl\u00e4ne: \u201eIch finde es gro\u00dfartig, dass Sie ein Konzept mit fr\u00e4nkischem Angebot f\u00fcr dieses gastronomische Schmuckst\u00fcck im Herzen Schwabachs gew\u00e4hlt haben.\u201c <\/span><\/p><h3>Er\u00f6ffnung im Mitte 2022<\/h3><p><span style=\"font-size: 12pt;\">Ab April 2022 will der neue P\u00e4chter zun\u00e4chst f\u00fcr zehn bis zw\u00f6lf Wochen umbauen, um dann Mitte 2022 an den Start gehen zu k\u00f6nnen. Der Unterreichenbacher Eigler bedankte sich zudem beim Ehepaar Petra und Dieter Trutschel, die den Goldenen Stern seit fast 30 Jahren f\u00fchrten und sich Ende M\u00e4rz n\u00e4chsten Jahres in den Ruhestand verabschieden und ihm schon heute das Kennenlernen des Betriebs erm\u00f6glichen. <\/span><\/p><h3><span style=\"font-size: 14pt;\">Eigent\u00fcmer Ismail \u0218ahin:<\/span><\/h3><p><span style=\"font-size: 12pt;\">Auch der Eigent\u00fcmer Ismail \u0218ahin w\u00fcrdigt die Leistung der bisherigen P\u00e4chter: \u201eDie Familie Trutschel hat den Goldenen Stern zu einer Institution mit hervorragendem Ruf in menschlicher wie kulinarischer Hinsicht weit \u00fcber die Stadtgrenzen hinaus etabliert.\u201c Christian Eigler habe am Ende das beste Konzept vorgelegt, um diesen Ruf behutsam zu modernisieren und fortzuf\u00fchren. <\/span><\/p><h3>R\u00fcckblick auf gr0\u00dfartige Zeit<\/h3><p><span style=\"font-size: 12pt;\">Die Trutschels blicken auf eine \u201egro\u00dfartige Zeit\u201c zur\u00fcck. \u201eEs war wunderbar zu sehen, wie bei unseren Stammg\u00e4sten zun\u00e4chst die Gro\u00dfeltern bei uns Hochzeit gefeiert haben, ein paar Jahre sp\u00e4ter deren Kinder und heute feiern auch schon die Enkel\u201c, erz\u00e4hlt Petra Trutschel.\u00a0<br \/><\/span><\/p><h3><span style=\"font-size: 14pt;\">Wirtschaftsreferent Sascha Spahic:<\/span><\/h3><p><span style=\"font-size: 12pt;\">Wirtschaftsreferent Sascha Spahic hob die Bedeutung des Goldenen Stern f\u00fcr Stadt und Tourismus hervor. \u201eAuch f\u00fcr unsere G\u00e4ste und Besuchergruppen ist ein Besuch im Stern etwas ganz Besonderes; insbesondere das leckere fr\u00e4nkische Essen sowie das besondere Flair haben schon viele Besucher begeistert.\u201c, so Spahic. Daher biete man auch schon seit einigen Jahren einen Stadtrundgang mit einem abschlie\u00dfenden Drei-G\u00e4nge-Men\u00fc im Stern an.<br \/><\/span><\/p><h3>Jahrhundertealte Tradition<\/h3><p><span style=\"font-size: 12pt;\">Der &#8222;Goldene Stern&#8220; wurde wohl schon im Mittelalter als Gasthof gef\u00fchrt. Neben dem goldenen Gasthausschild hat das Haus in seiner Goldschl\u00e4gerstube einen weiteren Bezug zum Edelmetall: Historische Bedeutung erlangte der &#8222;Goldene Stern&#8220; durch den &#8222;Tag von Schwabach&#8220;, der dort vom 16. bis 19. Oktober 1529 stattfand. Dabei berieten die St\u00e4dte N\u00fcrnberg, Stra\u00dfburg, Ulm, Augsburg und N\u00f6rdlingen sowie das Kurf\u00fcrstentum Sachsen, das Landgraftum Hessen und das Markgraftum Brandenburg-Ansbach die &#8222;Schwabacher Artikel&#8220;. Diese bilden eine wichtige Grundlage der Confessio Augustana, auf der das evangelisch-lutherische Bekenntnis fu\u00dft.<br \/><\/span><\/p><p><span style=\"font-size: 12pt;\"><strong>Foto (von links):<\/strong> Oberb\u00fcrgermeister Peter Rei\u00df, Petra und Dieter Trutschel, Christian Eigler, Sascha Spahic, Ismail und Hayri \u0218ahin\u00a0<\/span><\/p><h3>Weiterf\u00fchrende Links:<\/h3><p><a href=\"http:\/\/www.trutschel-goldstern.de\/\" target=\"_blank\" rel=\"noopener\"><span style=\"font-size: 12pt;\">Zur Homepage vom Goldenen Stern geht es hier &#8230;<\/span><\/a><\/p>\t\t\t\t\t\t<\/div>\n\t\t\t\t<\/div>\n\t\t\t\t<div class=\"elementor-element elementor-element-978350b elementor-widget elementor-widget-shortcode\" data-id=\"978350b\" data-element_type=\"widget\" data-widget_type=\"shortcode.default\">\n\t\t\t\t<div class=\"elementor-widget-container\">\n\t\t\t\t\t<div class=\"elementor-shortcode\"><center><a href=\"https:\/\/a.partner-versicherung.de\/click.php?partner_id=19992&ad_id=441&deep=kfz-versicherung\"  target=\"_blank\"><img decoding=\"async\" src=\"https:\/\/a.partner-versicherung.de\/view.php?partner_id=19992&ad_id=441\" ><\/a><\/center><\/div>\n\t\t\t\t<\/div>\n\t\t\t\t<\/div>\n\t\t\t\t<div class=\"elementor-element elementor-element-rf47wqh elementor-widget elementor-widget-google_maps\" data-id=\"rf47wqh\" data-element_type=\"widget\" data-widget_type=\"google_maps.default\">\n\t\t\t\t<div class=\"elementor-widget-container\">\n\t\t\t\t\t<div class=\"elementor-custom-embed\">\n\t\t\t<iframe loading=\"lazy\"\n\t\t\t\t\tsrc=\"https:\/\/maps.google.com\/maps?q=K%C3%B6nigsplatz%2012%2C%20Schwabach%2C%20Deutschland&#038;t=m&#038;z=17&#038;output=embed&#038;iwloc=near\"\n\t\t\t\t\ttitle=\"K\u00f6nigsplatz 12, Schwabach, Deutschland\"\n\t\t\t\t\taria-label=\"K\u00f6nigsplatz 12, Schwabach, Deutschland\"\n\t\t\t><\/iframe>\n\t\t<\/div>\n\t\t\t\t<\/div>\n\t\t\t\t<\/div>\n\t\t\t\t\t<\/div>\n\t\t<\/div>\n\t\t\t\t<div class=\"elementor-column elementor-col-50 elementor-top-column elementor-element elementor-element-27c4fd9\" data-id=\"27c4fd9\" data-element_type=\"column\">\n\t\t\t<div class=\"elementor-widget-wrap elementor-element-populated\">\n\t\t\t\t\t\t<div class=\"elementor-element elementor-element-b113b2c elementor-widget elementor-widget-heading\" data-id=\"b113b2c\" data-element_type=\"widget\" data-widget_type=\"heading.default\">\n\t\t\t\t<div class=\"elementor-widget-container\">\n\t\t\t<h3 class=\"elementor-heading-title elementor-size-default\">Schnell vergleichen und sparen!<\/h3>\t\t<\/div>\n\t\t\t\t<\/div>\n\t\t\t\t<div class=\"elementor-element elementor-element-6141e3e elementor-widget elementor-widget-wp-widget-advads_ad_widget\" data-id=\"6141e3e\" data-element_type=\"widget\" data-widget_type=\"wp-widget-advads_ad_widget.default\">\n\t\t\t\t<div class=\"elementor-widget-container\">\n\t\t\t<div id=\"regio-1359705333\"><div class=\"regio-adlabel\">Werbung<\/div><!-- Beginn https:\/\/www.financeads.net\/-Code --><a href=\"https:\/\/www.financeads.net\/tc.php?t=36648C236142529B\" target=\"_blank\"><img fetchpriority=\"high\" decoding=\"async\" src=\"https:\/\/www.financeads.net\/tb.php?t=36648V236142529B&https=1\" alt=\"\" border=\"0\" width=\"300\" height=\"250\"><\/a><!-- Ende https:\/\/www.financeads.net\/-Code --><\/div>\t\t<\/div>\n\t\t\t\t<\/div>\n\t\t\t\t<div class=\"elementor-element elementor-element-280ddbf elementor-widget elementor-widget-wp-widget-advads_ad_widget\" data-id=\"280ddbf\" data-element_type=\"widget\" data-widget_type=\"wp-widget-advads_ad_widget.default\">\n\t\t\t\t<div class=\"elementor-widget-container\">\n\t\t\t<div id=\"regio-1992604892\"><div class=\"regio-adlabel\">Werbung<\/div><!-- Beginn https:\/\/www.financeads.net\/-Code --><a href=\"https:\/\/www.financeads.net\/tc.php?t=36648C42614510B\" target=\"_blank\"><img decoding=\"async\" src=\"https:\/\/www.financeads.net\/tb.php?t=36648V42614510B&https=1\" alt=\"\" border=\"0\" width=\"200\" height=\"300\"><\/a><!-- Ende https:\/\/www.financeads.net\/-Code --><\/div>\t\t<\/div>\n\t\t\t\t<\/div>\n\t\t\t\t<div class=\"elementor-element elementor-element-ef70135 elementor-widget elementor-widget-wp-widget-advads_ad_widget\" data-id=\"ef70135\" data-element_type=\"widget\" data-widget_type=\"wp-widget-advads_ad_widget.default\">\n\t\t\t\t<div class=\"elementor-widget-container\">\n\t\t\t<div id=\"regio-1884307423\"><div class=\"regio-adlabel\">Werbung<\/div><!-- Beginn https:\/\/www.financeads.net\/-Code --><a href=\"https:\/\/www.financeads.net\/tc.php?t=36648C205040072B\" target=\"_blank\"><img decoding=\"async\" src=\"https:\/\/www.financeads.net\/tb.php?t=36648V205040072B&https=1\" alt=\"\" border=\"0\" width=\"300\" height=\"250\"><\/a><!-- Ende https:\/\/www.financeads.net\/-Code --><\/div>\t\t<\/div>\n\t\t\t\t<\/div>\n\t\t\t\t<div class=\"elementor-element elementor-element-081ccfe elementor-widget elementor-widget-wp-widget-advads_ad_widget\" data-id=\"081ccfe\" data-element_type=\"widget\" data-widget_type=\"wp-widget-advads_ad_widget.default\">\n\t\t\t\t<div class=\"elementor-widget-container\">\n\t\t\t<div id=\"regio-3689751995\"><div class=\"regio-adlabel\">Werbung<\/div><!-- Beginn https:\/\/www.financeads.net\/-Code --><a href=\"https:\/\/www.financeads.net\/tc.php?t=36648C271460142B\" target=\"_blank\"><img loading=\"lazy\" decoding=\"async\" src=\"https:\/\/www.financeads.net\/tb.php?t=36648V271460142B&https=1\" alt=\"PETPROTECT_Hund&Katze_Banner\" border=\"0\" width=\"250\" height=\"250\"><\/a><!-- Ende https:\/\/www.financeads.net\/-Code --><\/div>\t\t<\/div>\n\t\t\t\t<\/div>\n\t\t\t\t\t<\/div>\n\t\t<\/div>\n\t\t\t\t\t<\/div>\n\t\t<\/section>\n\t\t\t\t<\/div>\n\t\t","protected":false},"excerpt":{"rendered":"<div class=\"mh-excerpt\"><p>Zukunft des Goldenen Stern in Schwabach gesichertWechsel: Eigler kommt f\u00fcr Trutschel Schwabach &#8211; Ein behutsam modernisiertes Konzept mit dem Schwerpunkt deutsche und speziell fr\u00e4nkische K\u00fcche, k\u00fcndigt der neue P\u00e4chter Christian Eigler f\u00fcr die Zukunft des <a class=\"mh-excerpt-more\" href=\"https:\/\/www.region-schwabach.de\/wordpress\/zukunft-des-goldenen-stern-in-schwabach-durch-wechsel-gesichert-eigler-kommt-fur-trutschel\/\" title=\"Zukunft des Goldenen Stern in Schwabach durch Wechsel gesichert: Eigler kommt f\u00fcr Trutschel\">[&#8230;]<\/a><\/p>\n<\/div>","protected":false},"author":1,"featured_media":145854,"comment_status":"open","ping_status":"open","sticky":false,"template":"template-full.php","format":"standard","meta":{"_cbd_carousel_blocks":"[]","footnotes":""},"categories":[16,78,61,3967],"tags":[16542,16544,16545,5216,388,522,1480,19,3151,15359,16541],"class_list":{"0":"post-145852","1":"post","2":"type-post","3":"status-publish","4":"format-standard","5":"has-post-thumbnail","7":"category-aktuell","8":"category-handel-und-wirtschaft","9":"category-rathaus","10":"category-unternehmen","11":"tag-christian-eigler","12":"tag-deutsche-und-fraenkische-kueche","13":"tag-gastronomisches-schmuckstueck","14":"tag-goldener-stern","15":"tag-innenstadt","16":"tag-koenigsplatz","17":"tag-rathaus","18":"tag-schwabach","19":"tag-stadt-schwabach","20":"tag-wechsel","21":"tag-zukunft-gesichert"},"_links":{"self":[{"href":"https:\/\/www.region-schwabach.de\/wordpress\/wp-json\/wp\/v2\/posts\/145852","targetHints":{"allow":["GET"]}}],"collection":[{"href":"https:\/\/www.region-schwabach.de\/wordpress\/wp-json\/wp\/v2\/posts"}],"about":[{"href":"https:\/\/www.region-schwabach.de\/wordpress\/wp-json\/wp\/v2\/types\/post"}],"author":[{"embeddable":true,"href":"https:\/\/www.region-schwabach.de\/wordpress\/wp-json\/wp\/v2\/users\/1"}],"replies":[{"embeddable":true,"href":"https:\/\/www.region-schwabach.de\/wordpress\/wp-json\/wp\/v2\/comments?post=145852"}],"version-history":[{"count":0,"href":"https:\/\/www.region-schwabach.de\/wordpress\/wp-json\/wp\/v2\/posts\/145852\/revisions"}],"wp:featuredmedia":[{"embeddable":true,"href":"https:\/\/www.region-schwabach.de\/wordpress\/wp-json\/wp\/v2\/media\/145854"}],"wp:attachment":[{"href":"https:\/\/www.region-schwabach.de\/wordpress\/wp-json\/wp\/v2\/media?parent=145852"}],"wp:term":[{"taxonomy":"category","embeddable":true,"href":"https:\/\/www.region-schwabach.de\/wordpress\/wp-json\/wp\/v2\/categories?post=145852"},{"taxonomy":"post_tag","embeddable":true,"href":"https:\/\/www.region-schwabach.de\/wordpress\/wp-json\/wp\/v2\/tags?post=145852"}],"curies":[{"name":"wp","href":"https:\/\/api.w.org\/{rel}","templated":true}]}}