{"id":146070,"date":"2021-08-15T01:30:00","date_gmt":"2021-08-14T23:30:00","guid":{"rendered":"https:\/\/www.region-schwabach.de\/wordpress\/?p=146070"},"modified":"2021-08-15T13:21:06","modified_gmt":"2021-08-15T11:21:06","slug":"das-bundessportfest-des-djk-bundesverbands-an-pfingsten-2022-kommt-nach-schwabach","status":"publish","type":"post","link":"https:\/\/www.region-schwabach.de\/wordpress\/das-bundessportfest-des-djk-bundesverbands-an-pfingsten-2022-kommt-nach-schwabach\/","title":{"rendered":"Das Bundessportfest des DJK-Bundesverbands an Pfingsten 2022 kommt nach Schwabach"},"content":{"rendered":"\t\t<div data-elementor-type=\"wp-post\" data-elementor-id=\"146070\" class=\"elementor elementor-146070\">\n\t\t\t\t\t\t<section class=\"elementor-section elementor-top-section elementor-element elementor-element-678181b elementor-section-boxed elementor-section-height-default elementor-section-height-default\" data-id=\"678181b\" data-element_type=\"section\">\n\t\t\t\t\t\t<div class=\"elementor-container elementor-column-gap-default\">\n\t\t\t\t\t<div class=\"elementor-column elementor-col-50 elementor-top-column elementor-element elementor-element-6b34026\" data-id=\"6b34026\" data-element_type=\"column\">\n\t\t\t<div class=\"elementor-widget-wrap elementor-element-populated\">\n\t\t\t\t\t\t<div class=\"elementor-element elementor-element-5fea1cd elementor-widget elementor-widget-wp-widget-advads_ad_widget\" data-id=\"5fea1cd\" data-element_type=\"widget\" data-widget_type=\"wp-widget-advads_ad_widget.default\">\n\t\t\t\t<div class=\"elementor-widget-container\">\n\t\t\t<div id=\"regio-322718507\"><div class=\"regio-adlabel\">Werbung<\/div><center><a href=\"https:\/\/a.partner-versicherung.de\/click.php?partner_id=19992&ad_id=1578&deep=kreditkarten\"  target=\"_blank\"><img decoding=\"async\" src=\"https:\/\/a.partner-versicherung.de\/view.php?partner_id=19992&ad_id=1578\" ><\/a><\/center><\/div>\t\t<\/div>\n\t\t\t\t<\/div>\n\t\t\t\t<div class=\"elementor-element elementor-element-443ab98 elementor-widget elementor-widget-text-editor\" data-id=\"443ab98\" data-element_type=\"widget\" data-widget_type=\"text-editor.default\">\n\t\t\t\t<div class=\"elementor-widget-container\">\n\t\t\t\t\t\t\t<h3 class=\"entry-title\">Schwabach wird Austragungsort einer Sport-Gro\u00dfveranstaltung<br \/>Das Bundessportfest des DJK-Bundesverbands an Pfingsten 2022 kommt nach Schwabach<\/h3><p><span style=\"font-size: 12pt;\">Schwabach &#8211; Das deutschlandweite 19. Bundessportfest aller DJK-Sportvereine findet 2022 in Schwabach statt. Rund 4000 Sportlerinnen und Sportler aus ganz Deutschland werden am Pfingstwochenende zu Gast sein. Die Verantwortlichen der sportlichen Gro\u00dfveranstaltung, das Pr\u00e4sidium des Di\u00f6zesanverbands Eichst\u00e4tt, stellten Oberb\u00fcrgermeister Peter Rei\u00df die ersten Planungen vor.\u00a0<\/span><span style=\"font-size: 12pt;\">Zahlreiche lokale Sport- und \u00dcbernachtungsst\u00e4tten sowie freiwillige Helfer werden f\u00fcr dieses Ereignis gebraucht.<br \/><\/span><\/p><h3>Bundesmeister in 23 Sportarten gesucht<\/h3><p><span style=\"font-size: 12pt;\">In 23 Sportarten werden vom 3. Juni bis zum 6. Juni 2022 die Bundesmeister der \u00fcber 1.100 DJK-Sportvereine aus dem katholisch organisierten Sportdachverband gesucht. Neben klassischen Sportarten wie Leichtathletik, Schwimmen, Turnen, Fu\u00dfball, Handball oder Volleyball sind auch ein paar interessante Wettk\u00e4mpfe in Sportarten wie Cricket, Boule oder Dart zu bestaunen.\u00a0<\/span><span style=\"font-size: 12pt;\">Bayerns Ministerpr\u00e4sident Dr. Markus S\u00f6der wird Schirmherr sein.\u00a0<\/span><span style=\"font-size: 12pt;\">Zuletzt hatte das DJK-Bundessportfest 2018 in Meppen stattgefunden.<br \/><\/span><\/p><h3><span style=\"font-size: 14pt;\">Logistische Herausforderung<\/span><\/h3><p><span style=\"font-size: 12pt;\">Ein solches Sportevent zu organisieren, das sei nat\u00fcrlich eine logistische Herausforderung, wie Pr\u00e4sident Bernhard Martini OB Rei\u00df erkl\u00e4rt. \u201eWir brauchen viele Sporthallen und Sportst\u00e4tten. Wir brauchen Schlafpl\u00e4tze f\u00fcr die vielen Sportlerinnen und Sportler. Und wir wollen auch ein attraktives Rahmenprogramm auf die Beine stellen\u201c, so Martini, der gemeinsam mit seinen beiden Pr\u00e4sidiumsmitgliedern Silvia Heuberger und Gerhard Bayerlein ins Rathaus gekommen war.\u00a0<\/span><\/p><h3><span style=\"font-size: 14pt;\">Werbung f\u00fcr Stadt Schwabach<\/span><\/h3><p><span style=\"font-size: 12pt;\">\u201eAls Stadt unterst\u00fctzen wir nat\u00fcrlich gerne ein solches Sportfest, das sicher neben den vielen Sportlerinnen und Sportlern auch zahlreiche weitere G\u00e4ste nach Schwabach bringt. Als guter Gastgeber ist dies nat\u00fcrlich auch beste Werbung f\u00fcr unsere Stadt. Und f\u00fcr die Zuschauer aus Nah und Fern sind sicherlich spannende Wettk\u00e4mpfe in vielen Sportarten garantiert\u201c, bekundet OB Rei\u00df die Unterst\u00fctzung der Stadt.<br \/><\/span><\/p><h3><span style=\"font-size: 14pt;\">Kontakt mit zahlreichen Vereinen und Sportst\u00e4tten aufgenommen<\/span><\/h3><p><span style=\"font-size: 12pt;\">\u00dcber den Stadtverbandsvorsitzenden Helmut Gruhn wurde bereits mit zahlreichen Vereinen und Sportst\u00e4tten Kontakt aufgenommen. \u201eWir sind guter Dinge, dass wir die Wettk\u00e4mpfe alle Sportarten in Schwabach und der Region unterbringen\u201c, so Gruhn. Die Mehrzahl der Wettbewerbe werde in Schwabach stattfinden, jedoch soll in einigen F\u00e4llen auch nahegelegene Orte wie Roth oder Wendelstein einbezogen werden. Als \u00dcbernachtungsst\u00e4tten f\u00fcr die Sporttreibenden sind unter anderem Schwabacher Schulen vorgesehen.<br \/><\/span><\/p><h3><span style=\"font-size: 14pt;\">Finale Kick-Off f\u00fcr das Event im September<\/span><\/h3><p><span style=\"font-size: 12pt;\">Im September soll der finale Kick-Off f\u00fcr das Event starten. Dann beginnt die hei\u00dfe Phase der Vorbereitungen. Bis dahin m\u00f6chte der Di\u00f6zesanverband noch auf alle Unterst\u00fctzer und Beteiligte zukommen, mit denen sie bislang in Kontakt standen. Gesucht werden zudem nach wie vor Volunteers und Helfer, die am Bundeswettbewerb vor Ort mithelfen w\u00fcrden. <br \/><\/span><\/p><p><span style=\"font-size: 12pt;\"><strong>Foto (von links):<\/strong> OB Peter Rei\u00df mit den verantwortlichen Sportfest-Organisatoren des Di\u00f6zesanverbands Eichst\u00e4tt Silvia Heuberger, Gerhard Bayerlein und Pr\u00e4sident Bernhard Martini sowie dem Stadtverbandsvorsitzenden Helmut Gruhn<\/span><\/p>\t\t\t\t\t\t<\/div>\n\t\t\t\t<\/div>\n\t\t\t\t<div class=\"elementor-element elementor-element-7cc9469 elementor-widget elementor-widget-shortcode\" data-id=\"7cc9469\" data-element_type=\"widget\" data-widget_type=\"shortcode.default\">\n\t\t\t\t<div class=\"elementor-widget-container\">\n\t\t\t\t\t<div class=\"elementor-shortcode\"><center><a href=\"https:\/\/a.partner-versicherung.de\/click.php?partner_id=19992&ad_id=441&deep=kfz-versicherung\"  target=\"_blank\"><img decoding=\"async\" src=\"https:\/\/a.partner-versicherung.de\/view.php?partner_id=19992&ad_id=441\" ><\/a><\/center><\/div>\n\t\t\t\t<\/div>\n\t\t\t\t<\/div>\n\t\t\t\t<div class=\"elementor-element elementor-element-0c834d7 elementor-widget-divider--view-line elementor-widget elementor-widget-divider\" data-id=\"0c834d7\" data-element_type=\"widget\" data-widget_type=\"divider.default\">\n\t\t\t\t<div class=\"elementor-widget-container\">\n\t\t\t\t\t<div class=\"elementor-divider\">\n\t\t\t<span class=\"elementor-divider-separator\">\n\t\t\t\t\t\t<\/span>\n\t\t<\/div>\n\t\t\t\t<\/div>\n\t\t\t\t<\/div>\n\t\t\t\t<div class=\"elementor-element elementor-element-325f51f elementor-widget elementor-widget-google_maps\" data-id=\"325f51f\" data-element_type=\"widget\" data-widget_type=\"google_maps.default\">\n\t\t\t\t<div class=\"elementor-widget-container\">\n\t\t\t\t\t<div class=\"elementor-custom-embed\">\n\t\t\t<iframe loading=\"lazy\"\n\t\t\t\t\tsrc=\"https:\/\/maps.google.com\/maps?q=Schwabach%2C%20Deutschland&#038;t=m&#038;z=14&#038;output=embed&#038;iwloc=near\"\n\t\t\t\t\ttitle=\"Schwabach, Deutschland\"\n\t\t\t\t\taria-label=\"Schwabach, Deutschland\"\n\t\t\t><\/iframe>\n\t\t<\/div>\n\t\t\t\t<\/div>\n\t\t\t\t<\/div>\n\t\t\t\t\t<\/div>\n\t\t<\/div>\n\t\t\t\t<div class=\"elementor-column elementor-col-50 elementor-top-column elementor-element elementor-element-f141625\" data-id=\"f141625\" data-element_type=\"column\">\n\t\t\t<div class=\"elementor-widget-wrap elementor-element-populated\">\n\t\t\t\t\t\t<div class=\"elementor-element elementor-element-aa635e8 elementor-widget elementor-widget-heading\" data-id=\"aa635e8\" data-element_type=\"widget\" data-widget_type=\"heading.default\">\n\t\t\t\t<div class=\"elementor-widget-container\">\n\t\t\t<h3 class=\"elementor-heading-title elementor-size-default\">Schnell vergleichen und sparen!<\/h3>\t\t<\/div>\n\t\t\t\t<\/div>\n\t\t\t\t<div class=\"elementor-element elementor-element-380778c elementor-widget elementor-widget-wp-widget-advads_ad_widget\" data-id=\"380778c\" data-element_type=\"widget\" data-widget_type=\"wp-widget-advads_ad_widget.default\">\n\t\t\t\t<div class=\"elementor-widget-container\">\n\t\t\t<div id=\"regio-1618543569\"><div class=\"regio-adlabel\">Werbung<\/div><!-- Beginn https:\/\/www.financeads.net\/-Code --><a href=\"https:\/\/www.financeads.net\/tc.php?t=36648C236142529B\" target=\"_blank\"><img fetchpriority=\"high\" decoding=\"async\" src=\"https:\/\/www.financeads.net\/tb.php?t=36648V236142529B&https=1\" alt=\"\" border=\"0\" width=\"300\" height=\"250\"><\/a><!-- Ende https:\/\/www.financeads.net\/-Code --><\/div>\t\t<\/div>\n\t\t\t\t<\/div>\n\t\t\t\t<div class=\"elementor-element elementor-element-bd26aa5 elementor-widget elementor-widget-wp-widget-advads_ad_widget\" data-id=\"bd26aa5\" data-element_type=\"widget\" data-widget_type=\"wp-widget-advads_ad_widget.default\">\n\t\t\t\t<div class=\"elementor-widget-container\">\n\t\t\t<div id=\"regio-1908772697\"><div class=\"regio-adlabel\">Werbung<\/div><!-- Beginn https:\/\/www.financeads.net\/-Code --><a href=\"https:\/\/www.financeads.net\/tc.php?t=36648C42614510B\" target=\"_blank\"><img decoding=\"async\" src=\"https:\/\/www.financeads.net\/tb.php?t=36648V42614510B&https=1\" alt=\"\" border=\"0\" width=\"200\" height=\"300\"><\/a><!-- Ende https:\/\/www.financeads.net\/-Code --><\/div>\t\t<\/div>\n\t\t\t\t<\/div>\n\t\t\t\t<div class=\"elementor-element elementor-element-abfc6b5 elementor-widget elementor-widget-wp-widget-advads_ad_widget\" data-id=\"abfc6b5\" data-element_type=\"widget\" data-widget_type=\"wp-widget-advads_ad_widget.default\">\n\t\t\t\t<div class=\"elementor-widget-container\">\n\t\t\t<div id=\"regio-1098811170\"><div class=\"regio-adlabel\">Werbung<\/div><!-- Beginn https:\/\/www.financeads.net\/-Code --><a href=\"https:\/\/www.financeads.net\/tc.php?t=36648C205040072B\" target=\"_blank\"><img decoding=\"async\" src=\"https:\/\/www.financeads.net\/tb.php?t=36648V205040072B&https=1\" alt=\"\" border=\"0\" width=\"300\" height=\"250\"><\/a><!-- Ende https:\/\/www.financeads.net\/-Code --><\/div>\t\t<\/div>\n\t\t\t\t<\/div>\n\t\t\t\t<div class=\"elementor-element elementor-element-9b68655 elementor-widget elementor-widget-wp-widget-advads_ad_widget\" data-id=\"9b68655\" data-element_type=\"widget\" data-widget_type=\"wp-widget-advads_ad_widget.default\">\n\t\t\t\t<div class=\"elementor-widget-container\">\n\t\t\t<div id=\"regio-2817058781\"><div class=\"regio-adlabel\">Werbung<\/div><!-- Beginn https:\/\/www.financeads.net\/-Code --><a href=\"https:\/\/www.financeads.net\/tc.php?t=36648C271460142B\" target=\"_blank\"><img loading=\"lazy\" decoding=\"async\" src=\"https:\/\/www.financeads.net\/tb.php?t=36648V271460142B&https=1\" alt=\"PETPROTECT_Hund&Katze_Banner\" border=\"0\" width=\"250\" height=\"250\"><\/a><!-- Ende https:\/\/www.financeads.net\/-Code --><\/div>\t\t<\/div>\n\t\t\t\t<\/div>\n\t\t\t\t\t<\/div>\n\t\t<\/div>\n\t\t\t\t\t<\/div>\n\t\t<\/section>\n\t\t\t\t<\/div>\n\t\t","protected":false},"excerpt":{"rendered":"<div class=\"mh-excerpt\"><p>Schwabach wird Austragungsort einer Sport-Gro\u00dfveranstaltungDas Bundessportfest des DJK-Bundesverbands an Pfingsten 2022 kommt nach Schwabach Schwabach &#8211; Das deutschlandweite 19. Bundessportfest aller DJK-Sportvereine findet 2022 in Schwabach statt. Rund 4000 Sportlerinnen und Sportler aus ganz Deutschland <a class=\"mh-excerpt-more\" href=\"https:\/\/www.region-schwabach.de\/wordpress\/das-bundessportfest-des-djk-bundesverbands-an-pfingsten-2022-kommt-nach-schwabach\/\" title=\"Das Bundessportfest des DJK-Bundesverbands an Pfingsten 2022 kommt nach Schwabach\">[&#8230;]<\/a><\/p>\n<\/div>","protected":false},"author":1,"featured_media":146071,"comment_status":"open","ping_status":"open","sticky":false,"template":"","format":"standard","meta":{"_cbd_carousel_blocks":"[]","footnotes":""},"categories":[16,287,61,231,46,140],"tags":[16595,16602,16592,16601,16603,16593,5408,16599,522,16561,16594,1480,2417,19,16597,16596,16604,16346,3012,3151,16598,16600],"class_list":{"0":"post-146070","1":"post","2":"type-post","3":"status-publish","4":"format-standard","5":"has-post-thumbnail","7":"category-aktuell","8":"category-jugend-und-familie","9":"category-rathaus","10":"category-veranstaltungsnews","11":"category-verbaende","12":"category-vereine","13":"tag-austragungsort","14":"tag-boule","15":"tag-bundessportfest","16":"tag-cricket","17":"tag-dart","18":"tag-djk-bundesverband","19":"tag-fussball","20":"tag-handball","21":"tag-koenigsplatz","22":"tag-leichtathletik","23":"tag-pfingsten-2022","24":"tag-rathaus","25":"tag-schlafplatz","26":"tag-schwabach","27":"tag-schwimmen","28":"tag-sport-grossveranstaltung","29":"tag-sporthallen","30":"tag-sportstaette","31":"tag-stadt","32":"tag-stadt-schwabach","33":"tag-turnen","34":"tag-volleyball"},"_links":{"self":[{"href":"https:\/\/www.region-schwabach.de\/wordpress\/wp-json\/wp\/v2\/posts\/146070","targetHints":{"allow":["GET"]}}],"collection":[{"href":"https:\/\/www.region-schwabach.de\/wordpress\/wp-json\/wp\/v2\/posts"}],"about":[{"href":"https:\/\/www.region-schwabach.de\/wordpress\/wp-json\/wp\/v2\/types\/post"}],"author":[{"embeddable":true,"href":"https:\/\/www.region-schwabach.de\/wordpress\/wp-json\/wp\/v2\/users\/1"}],"replies":[{"embeddable":true,"href":"https:\/\/www.region-schwabach.de\/wordpress\/wp-json\/wp\/v2\/comments?post=146070"}],"version-history":[{"count":0,"href":"https:\/\/www.region-schwabach.de\/wordpress\/wp-json\/wp\/v2\/posts\/146070\/revisions"}],"wp:featuredmedia":[{"embeddable":true,"href":"https:\/\/www.region-schwabach.de\/wordpress\/wp-json\/wp\/v2\/media\/146071"}],"wp:attachment":[{"href":"https:\/\/www.region-schwabach.de\/wordpress\/wp-json\/wp\/v2\/media?parent=146070"}],"wp:term":[{"taxonomy":"category","embeddable":true,"href":"https:\/\/www.region-schwabach.de\/wordpress\/wp-json\/wp\/v2\/categories?post=146070"},{"taxonomy":"post_tag","embeddable":true,"href":"https:\/\/www.region-schwabach.de\/wordpress\/wp-json\/wp\/v2\/tags?post=146070"}],"curies":[{"name":"wp","href":"https:\/\/api.w.org\/{rel}","templated":true}]}}