{"id":146619,"date":"2021-08-28T00:45:00","date_gmt":"2021-08-27T22:45:00","guid":{"rendered":"https:\/\/www.region-schwabach.de\/wordpress\/?p=146619"},"modified":"2021-08-27T20:32:54","modified_gmt":"2021-08-27T18:32:54","slug":"weitere-impfen-to-go-termine-in-schwabach-ab-montag-den-23-august-2021","status":"publish","type":"post","link":"https:\/\/www.region-schwabach.de\/wordpress\/weitere-impfen-to-go-termine-in-schwabach-ab-montag-den-23-august-2021\/","title":{"rendered":"Weitere &#8222;Impfen to go&#8220;-Termine in Schwabach ab Montag, den 23. August 2021"},"content":{"rendered":"\t\t<div data-elementor-type=\"wp-post\" data-elementor-id=\"146619\" class=\"elementor elementor-146619\">\n\t\t\t\t\t\t<section class=\"elementor-section elementor-top-section elementor-element elementor-element-678181b elementor-section-boxed elementor-section-height-default elementor-section-height-default\" data-id=\"678181b\" data-element_type=\"section\">\n\t\t\t\t\t\t<div class=\"elementor-container elementor-column-gap-default\">\n\t\t\t\t\t<div class=\"elementor-column elementor-col-50 elementor-top-column elementor-element elementor-element-6b34026\" data-id=\"6b34026\" data-element_type=\"column\">\n\t\t\t<div class=\"elementor-widget-wrap elementor-element-populated\">\n\t\t\t\t\t\t<div class=\"elementor-element elementor-element-5fea1cd elementor-widget elementor-widget-wp-widget-advads_ad_widget\" data-id=\"5fea1cd\" data-element_type=\"widget\" data-widget_type=\"wp-widget-advads_ad_widget.default\">\n\t\t\t\t<div class=\"elementor-widget-container\">\n\t\t\t<div id=\"regio-2056936779\"><div class=\"regio-adlabel\">Werbung<\/div><center><a href=\"https:\/\/a.partner-versicherung.de\/click.php?partner_id=19992&ad_id=1578&deep=kreditkarten\"  target=\"_blank\"><img decoding=\"async\" src=\"https:\/\/a.partner-versicherung.de\/view.php?partner_id=19992&ad_id=1578\" ><\/a><\/center><\/div>\t\t<\/div>\n\t\t\t\t<\/div>\n\t\t\t\t<div class=\"elementor-element elementor-element-443ab98 elementor-widget elementor-widget-text-editor\" data-id=\"443ab98\" data-element_type=\"widget\" data-widget_type=\"text-editor.default\">\n\t\t\t\t<div class=\"elementor-widget-container\">\n\t\t\t\t\t\t\t<h3>Ab Montag, den 16. August 2021:<br \/>Weitere &#8222;Impfen to go&#8220;-Termine in Schwabach<\/h3><p><span style=\"font-size: 12pt;\">Schwabach &#8211; Das Schwabacher Impfzentrum bietet in dieser Woche weitere Sonderimpftermine in Schwabach an.\u00a0<\/span><\/p><h3>Die Sondertermine:<\/h3><ul style=\"list-style-type: disc;\"><li><span style=\"font-size: 12pt;\">Edeka Krawczyk, Am Pointgraben 3, am Montag, den 23. August 2021, von 09.00 bis 14.00 Uhr\u00a0<\/span><\/li><li><span style=\"font-size: 12pt;\">TV 1848 Schwabach, Jahnstra\u00dfe 6, am Dienstag, den 24. August 2021, von 16.00 Uhr bis 19.00 Uhr<\/span><\/li><li><span style=\"font-size: 12pt;\">Parkbad, Angerstra\u00dfe 10, am Mittwoch, den 25. August 2021, von 11.30 bis 15.30 Uhr\u00a0<\/span><\/li><li><span style=\"font-size: 12pt;\">TeVi-Elektronikmarkt, Alte Rother Stra\u00dfe 1, am Donnerstag, den 26. August 2021, von 16.00 bis 19.00 Uhr\u00a0<\/span><\/li><li><span style=\"font-size: 12pt;\">TSV Wolkersdorf, Am Ende der Kellerstra\u00dfe, am Freitag, den 27. August 2021, von 15.00 bis 19.00 Uhr\u00a0<\/span><\/li><li><span style=\"font-size: 12pt;\">ORO-Einkaufszentrum, Am Falbenholzweg 15, am Samstag, den 28. August 2021, von 10.00 bis 13.00 Uhr\u00a0<\/span><\/li><\/ul><p><strong><span style=\"font-size: 12pt;\">Bei allen Sonderimpfterminen wird sowohl der Impfstoff von Biontech, als auch der Impfstoff von Johnson &amp; Johnson geimpft,.\u00a0<\/span><\/strong><\/p><h3>Schwabacher Impfzentrum<\/h3><p><span style=\"font-size: 12pt;\">Ohne Anmeldung und Termin k\u00f6nnen sich Impfwillige auch im Schwabacher Impfzentrum weiterhin impfen lassen. Seit Montag, den 16. August 2021, stehen in folgenden Zeitr\u00e4umen die T\u00fcren f\u00fcr jede und jeden offen: <\/span><\/p><ul style=\"list-style-type: disc;\"><li><span style=\"font-size: 12pt;\">montags und freitags von 13.30 Uhr bis 17.30 Uhr\u00a0<\/span><\/li><\/ul><p><span style=\"font-size: 12pt;\">Auch Nicht-Schwabacher und B\u00fcrgerinnen und B\u00fcrger, die ihre 1. Impfung bei einem Arzt erhalten haben, k\u00f6nnen sich hier impfen lassen. W\u00e4hrend dieser \u00d6ffnungszeiten wird nur mit dem Impfstoff von BionTech geimpft. <br \/><\/span><\/p><p><span style=\"font-size: 12pt;\">Von den oben genannten Zeiten bleiben die Termine f\u00fcr eine bereits vereinbarte Zweitimpfung unber\u00fchrt. Termine f\u00fcr eine Dritt-Impfung werden im Impfzentrum nicht vergeben.\u00a0<\/span><\/p>\t\t\t\t\t\t<\/div>\n\t\t\t\t<\/div>\n\t\t\t\t<div class=\"elementor-element elementor-element-7cc9469 elementor-widget elementor-widget-shortcode\" data-id=\"7cc9469\" data-element_type=\"widget\" data-widget_type=\"shortcode.default\">\n\t\t\t\t<div class=\"elementor-widget-container\">\n\t\t\t\t\t<div class=\"elementor-shortcode\"><center><a href=\"https:\/\/a.partner-versicherung.de\/click.php?partner_id=19992&ad_id=441&deep=kfz-versicherung\"  target=\"_blank\"><img decoding=\"async\" src=\"https:\/\/a.partner-versicherung.de\/view.php?partner_id=19992&ad_id=441\" ><\/a><\/center><\/div>\n\t\t\t\t<\/div>\n\t\t\t\t<\/div>\n\t\t\t\t<div class=\"elementor-element elementor-element-0c834d7 elementor-widget-divider--view-line elementor-widget elementor-widget-divider\" data-id=\"0c834d7\" data-element_type=\"widget\" data-widget_type=\"divider.default\">\n\t\t\t\t<div class=\"elementor-widget-container\">\n\t\t\t\t\t<div class=\"elementor-divider\">\n\t\t\t<span class=\"elementor-divider-separator\">\n\t\t\t\t\t\t<\/span>\n\t\t<\/div>\n\t\t\t\t<\/div>\n\t\t\t\t<\/div>\n\t\t\t\t<div class=\"elementor-element elementor-element-325f51f elementor-widget elementor-widget-google_maps\" data-id=\"325f51f\" data-element_type=\"widget\" data-widget_type=\"google_maps.default\">\n\t\t\t\t<div class=\"elementor-widget-container\">\n\t\t\t\t\t<div class=\"elementor-custom-embed\">\n\t\t\t<iframe loading=\"lazy\"\n\t\t\t\t\tsrc=\"https:\/\/maps.google.com\/maps?q=H%C3%BCttersb%C3%BChlstra%C3%9Fe%2023%2C%20Schwabach%2C%20Deutschland&#038;t=m&#038;z=17&#038;output=embed&#038;iwloc=near\"\n\t\t\t\t\ttitle=\"H\u00fcttersb\u00fchlstra\u00dfe 23, Schwabach, Deutschland\"\n\t\t\t\t\taria-label=\"H\u00fcttersb\u00fchlstra\u00dfe 23, Schwabach, Deutschland\"\n\t\t\t><\/iframe>\n\t\t<\/div>\n\t\t\t\t<\/div>\n\t\t\t\t<\/div>\n\t\t\t\t\t<\/div>\n\t\t<\/div>\n\t\t\t\t<div class=\"elementor-column elementor-col-50 elementor-top-column elementor-element elementor-element-f141625\" data-id=\"f141625\" data-element_type=\"column\">\n\t\t\t<div class=\"elementor-widget-wrap elementor-element-populated\">\n\t\t\t\t\t\t<div class=\"elementor-element elementor-element-aa635e8 elementor-widget elementor-widget-heading\" data-id=\"aa635e8\" data-element_type=\"widget\" data-widget_type=\"heading.default\">\n\t\t\t\t<div class=\"elementor-widget-container\">\n\t\t\t<h3 class=\"elementor-heading-title elementor-size-default\">Schnell vergleichen und sparen!<\/h3>\t\t<\/div>\n\t\t\t\t<\/div>\n\t\t\t\t<div class=\"elementor-element elementor-element-380778c elementor-widget elementor-widget-wp-widget-advads_ad_widget\" data-id=\"380778c\" data-element_type=\"widget\" data-widget_type=\"wp-widget-advads_ad_widget.default\">\n\t\t\t\t<div class=\"elementor-widget-container\">\n\t\t\t<div id=\"regio-866320318\"><div class=\"regio-adlabel\">Werbung<\/div><!-- Beginn https:\/\/www.financeads.net\/-Code --><a href=\"https:\/\/www.financeads.net\/tc.php?t=36648C236142529B\" target=\"_blank\"><img fetchpriority=\"high\" decoding=\"async\" src=\"https:\/\/www.financeads.net\/tb.php?t=36648V236142529B&https=1\" alt=\"\" border=\"0\" width=\"300\" height=\"250\"><\/a><!-- Ende https:\/\/www.financeads.net\/-Code --><\/div>\t\t<\/div>\n\t\t\t\t<\/div>\n\t\t\t\t<div class=\"elementor-element elementor-element-bd26aa5 elementor-widget elementor-widget-wp-widget-advads_ad_widget\" data-id=\"bd26aa5\" data-element_type=\"widget\" data-widget_type=\"wp-widget-advads_ad_widget.default\">\n\t\t\t\t<div class=\"elementor-widget-container\">\n\t\t\t<div id=\"regio-2830044850\"><div class=\"regio-adlabel\">Werbung<\/div><!-- Beginn https:\/\/www.financeads.net\/-Code --><a href=\"https:\/\/www.financeads.net\/tc.php?t=36648C42614510B\" target=\"_blank\"><img decoding=\"async\" src=\"https:\/\/www.financeads.net\/tb.php?t=36648V42614510B&https=1\" alt=\"\" border=\"0\" width=\"200\" height=\"300\"><\/a><!-- Ende https:\/\/www.financeads.net\/-Code --><\/div>\t\t<\/div>\n\t\t\t\t<\/div>\n\t\t\t\t<div class=\"elementor-element elementor-element-abfc6b5 elementor-widget elementor-widget-wp-widget-advads_ad_widget\" data-id=\"abfc6b5\" data-element_type=\"widget\" data-widget_type=\"wp-widget-advads_ad_widget.default\">\n\t\t\t\t<div class=\"elementor-widget-container\">\n\t\t\t<div id=\"regio-2039508412\"><div class=\"regio-adlabel\">Werbung<\/div><!-- Beginn https:\/\/www.financeads.net\/-Code --><a href=\"https:\/\/www.financeads.net\/tc.php?t=36648C205040072B\" target=\"_blank\"><img decoding=\"async\" src=\"https:\/\/www.financeads.net\/tb.php?t=36648V205040072B&https=1\" alt=\"\" border=\"0\" width=\"300\" height=\"250\"><\/a><!-- Ende https:\/\/www.financeads.net\/-Code --><\/div>\t\t<\/div>\n\t\t\t\t<\/div>\n\t\t\t\t<div class=\"elementor-element elementor-element-9b68655 elementor-widget elementor-widget-wp-widget-advads_ad_widget\" data-id=\"9b68655\" data-element_type=\"widget\" data-widget_type=\"wp-widget-advads_ad_widget.default\">\n\t\t\t\t<div class=\"elementor-widget-container\">\n\t\t\t<div id=\"regio-3059587321\"><div class=\"regio-adlabel\">Werbung<\/div><!-- Beginn https:\/\/www.financeads.net\/-Code --><a href=\"https:\/\/www.financeads.net\/tc.php?t=36648C271460142B\" target=\"_blank\"><img loading=\"lazy\" decoding=\"async\" src=\"https:\/\/www.financeads.net\/tb.php?t=36648V271460142B&https=1\" alt=\"PETPROTECT_Hund&Katze_Banner\" border=\"0\" width=\"250\" height=\"250\"><\/a><!-- Ende https:\/\/www.financeads.net\/-Code --><\/div>\t\t<\/div>\n\t\t\t\t<\/div>\n\t\t\t\t\t<\/div>\n\t\t<\/div>\n\t\t\t\t\t<\/div>\n\t\t<\/section>\n\t\t\t\t<\/div>\n\t\t","protected":false},"excerpt":{"rendered":"<div class=\"mh-excerpt\"><p>Ab Montag, den 16. August 2021:Weitere &#8222;Impfen to go&#8220;-Termine in Schwabach Schwabach &#8211; Das Schwabacher Impfzentrum bietet in dieser Woche weitere Sonderimpftermine in Schwabach an.\u00a0 Die Sondertermine: Edeka Krawczyk, Am Pointgraben 3, am Montag, den <a class=\"mh-excerpt-more\" href=\"https:\/\/www.region-schwabach.de\/wordpress\/weitere-impfen-to-go-termine-in-schwabach-ab-montag-den-23-august-2021\/\" title=\"Weitere &#8222;Impfen to go&#8220;-Termine in Schwabach ab Montag, den 23. August 2021\">[&#8230;]<\/a><\/p>\n<\/div>","protected":false},"author":1,"featured_media":146620,"comment_status":"open","ping_status":"open","sticky":false,"template":"","format":"standard","meta":{"_cbd_carousel_blocks":"[]","footnotes":""},"categories":[16,287,61],"tags":[1276,60,9757,941,13293,16516,16199,14468,645,9727,10334,2546,1480,19,3012,3151,14445,16315,6781,400],"class_list":{"0":"post-146619","1":"post","2":"type-post","3":"status-publish","4":"format-standard","5":"has-post-thumbnail","7":"category-aktuell","8":"category-jugend-und-familie","9":"category-rathaus","10":"tag-alte-rother-strasse","11":"tag-am-falbenholzweg","12":"tag-am-pointgraben","13":"tag-angerstrasse","14":"tag-corona-faelle","15":"tag-edeka-krawczyk","16":"tag-impfn-to-go","17":"tag-impfung","18":"tag-jahnstrasse","19":"tag-kellerstrasse","20":"tag-oro-einkaufszentrum","21":"tag-parkbad","22":"tag-rathaus","23":"tag-schwabach","24":"tag-stadt","25":"tag-stadt-schwabach","26":"tag-tevi-markt","27":"tag-tsv-wolkersdorf","28":"tag-tv-1848-schwabach","29":"tag-wolkersdorf"},"_links":{"self":[{"href":"https:\/\/www.region-schwabach.de\/wordpress\/wp-json\/wp\/v2\/posts\/146619","targetHints":{"allow":["GET"]}}],"collection":[{"href":"https:\/\/www.region-schwabach.de\/wordpress\/wp-json\/wp\/v2\/posts"}],"about":[{"href":"https:\/\/www.region-schwabach.de\/wordpress\/wp-json\/wp\/v2\/types\/post"}],"author":[{"embeddable":true,"href":"https:\/\/www.region-schwabach.de\/wordpress\/wp-json\/wp\/v2\/users\/1"}],"replies":[{"embeddable":true,"href":"https:\/\/www.region-schwabach.de\/wordpress\/wp-json\/wp\/v2\/comments?post=146619"}],"version-history":[{"count":0,"href":"https:\/\/www.region-schwabach.de\/wordpress\/wp-json\/wp\/v2\/posts\/146619\/revisions"}],"wp:featuredmedia":[{"embeddable":true,"href":"https:\/\/www.region-schwabach.de\/wordpress\/wp-json\/wp\/v2\/media\/146620"}],"wp:attachment":[{"href":"https:\/\/www.region-schwabach.de\/wordpress\/wp-json\/wp\/v2\/media?parent=146619"}],"wp:term":[{"taxonomy":"category","embeddable":true,"href":"https:\/\/www.region-schwabach.de\/wordpress\/wp-json\/wp\/v2\/categories?post=146619"},{"taxonomy":"post_tag","embeddable":true,"href":"https:\/\/www.region-schwabach.de\/wordpress\/wp-json\/wp\/v2\/tags?post=146619"}],"curies":[{"name":"wp","href":"https:\/\/api.w.org\/{rel}","templated":true}]}}