{"id":146849,"date":"2021-08-28T01:45:00","date_gmt":"2021-08-27T23:45:00","guid":{"rendered":"https:\/\/www.region-schwabach.de\/wordpress\/?p=146849"},"modified":"2021-08-27T20:36:50","modified_gmt":"2021-08-27T18:36:50","slug":"nomadland-sommernachtsfilmfestival-am-samstag-den-28-august-2021","status":"publish","type":"post","link":"https:\/\/www.region-schwabach.de\/wordpress\/nomadland-sommernachtsfilmfestival-am-samstag-den-28-august-2021\/","title":{"rendered":"\u201eNomadland&#8220; &#8211; Sommernachtsfilmfestival am Samstag, den 28. August 2021"},"content":{"rendered":"\t\t<div data-elementor-type=\"wp-post\" data-elementor-id=\"146849\" class=\"elementor elementor-146849\">\n\t\t\t\t\t\t<section class=\"elementor-section elementor-top-section elementor-element elementor-element-678181b elementor-section-boxed elementor-section-height-default elementor-section-height-default\" data-id=\"678181b\" data-element_type=\"section\">\n\t\t\t\t\t\t<div class=\"elementor-container elementor-column-gap-default\">\n\t\t\t\t\t<div class=\"elementor-column elementor-col-66 elementor-top-column elementor-element elementor-element-6b34026\" data-id=\"6b34026\" data-element_type=\"column\">\n\t\t\t<div class=\"elementor-widget-wrap elementor-element-populated\">\n\t\t\t\t\t\t<div class=\"elementor-element elementor-element-8c2b086 elementor-widget elementor-widget-wp-widget-advads_ad_widget\" data-id=\"8c2b086\" data-element_type=\"widget\" data-widget_type=\"wp-widget-advads_ad_widget.default\">\n\t\t\t\t<div class=\"elementor-widget-container\">\n\t\t\t<div id=\"regio-3255297223\"><div class=\"regio-adlabel\">Werbung<\/div><center><a href=\"https:\/\/a.partner-versicherung.de\/click.php?partner_id=19992&ad_id=1578&deep=kreditkarten\"  target=\"_blank\"><img decoding=\"async\" src=\"https:\/\/a.partner-versicherung.de\/view.php?partner_id=19992&ad_id=1578\" ><\/a><\/center><\/div>\t\t<\/div>\n\t\t\t\t<\/div>\n\t\t\t\t<div class=\"elementor-element elementor-element-443ab98 elementor-widget elementor-widget-text-editor\" data-id=\"443ab98\" data-element_type=\"widget\" data-widget_type=\"text-editor.default\">\n\t\t\t\t<div class=\"elementor-widget-container\">\n\t\t\t\t\t\t\t<h3><span style=\"font-size: 14pt;\">Sommernachtsfilmfestival im Alten DG:<\/span><br \/><span style=\"font-size: 14pt;\">\u201e<strong>Nomadland<\/strong>&#8220; am Samstag, den 28. August 2021, um 20.30 Uhr<\/span><\/h3><p><span style=\"font-size: 12pt;\">Schwabach &#8211; Der atmosph\u00e4rische Innenhof des Alten Deutschen Gymnasium ist zum f\u00fcnften Mal Veranstaltungsort f\u00fcr sommerliche Kino-Abende. Denn auch dieses Jahr ist das Team des Mobilen Kinos wieder in der Goldschl\u00e4gerstadt. F\u00fcr Getr\u00e4nke und faire Snacks sorgt der Eine-Welt-Laden und das Bistro &amp; Bioladen Die \u00c4hre. Das Mobile Kino stellt im Rahmen der Wiederer\u00f6ffnung nun im Innenhof seine Leinwand auf, und zeigt beim Sommernachtfilmfestival heute folgenden Film:\u00a0<\/span><\/p><ul style=\"list-style-type: disc;\"><li><span style=\"font-size: 12pt;\"><strong>Samstag, 28. August 2021, 20.30 Uhr: Nomadland<\/strong><\/span><p><span style=\"font-size: 12pt;\"><br \/>USA 2020, Spielzeit 108 Minuten, FSK ab 0<\/span><br \/><span style=\"font-size: 12pt;\">Regie: Chlo\u00e9 Zhao<\/span><br \/><span style=\"font-size: 12pt;\">mit Frances McDormand, David Strathairn, Linda May, Charlene Swankie, Bob Wells<\/span><\/p><p><span style=\"font-size: 12pt;\">Der Oscar\u00ae ging dieses Jahr an diesen Film \u00fcber eine moderne amerikanische Arbeitsnomadin, bei der man sich stets fragt: Soll man sie nun bewundern oder bedauern? Hauptfigur Fern hat ihren Job als Minenarbeiterin verloren, die ganze Arbeitersiedlung ist gleich mit dichtgemacht worden. Fern ist pragmatisch und richtet sich in ihrem Wohnwagen ihr neues Zuhause ein.<\/span><\/p><p><span style=\"font-size: 12pt;\"><a href=\"https:\/\/www.youtube.com\/watch?v=x3c2_PKCya4\" target=\"_blank\" rel=\"noopener\">Vorschau-Trailer zu &#8222;Nomadland&#8220; (hier klicken &#8230;)<\/a><\/span><\/p><\/li><\/ul><h3>Infos:<\/h3><p><span style=\"font-size: 12pt;\">Die Vorstellung beginnt um 20:30 Uhr, es d\u00fcrfen maximal 200 Personen je Filmvorf\u00fchrung teilnehmen. Vor Ort werden die Kontaktdaten der Besucher erfasst und Sitzplatznummern vergeben. Beim Betreten und Bewegen im Innenhof ist das Tragen eines Mund-Nasen-Schutzes Pflicht, am Platz kann die Maske abgenommen werden.<\/span><\/p><p><span style=\"font-size: 12pt;\">Die Karten gibt es im Vorverkauf unter <a href=\"http:\/\/www.sommernachtfilmfestival.de\" target=\"_blank\" rel=\"noopener\">www.sommernachtfilmfestival.de<\/a> und Restkarten an der Abendkasse. Wenn der Film online ausverkauft ist, gibt es keine Abendkasse mehr. Der Eintrittspreis betr\u00e4gt 10 \u20ac (dieses Jahr ist keine Erm\u00e4\u00dfigung m\u00f6glich). Wer zusammensitzen m\u00f6chte, sollte auch gemeinsam buchen.\u00a0<\/span><\/p><h3>Getr\u00e4nkeausschank<\/h3><p><span style=\"font-size: 12pt;\">Aus Gr\u00fcnden des Umweltschutzes und der Hygienevorschriften werden dieses Jahr nur Getr\u00e4nke in geschlossenen Flaschen verkauft. Wer Wein, Bier, Wasser oder Limo aus einem Glas trinken m\u00f6chte, wird gebeten, ein eigenes Glas mitzubringen.<\/span><\/p><h3>Karten im Vorverkauf gibt es hier:<\/h3><ul style=\"list-style-type: disc;\"><li><span style=\"font-size: 12pt;\"><a title=\"Online-Kartenvorverkauf\" href=\"https:\/\/www.sommernachtfilmfestival.de\/filme\/?tx_showings_showings%5Baction%5D=show&amp;tx_showings_showings%5Bcontroller%5D=Venue&amp;tx_showings_showings%5Bvenue%5D=75&amp;cHash=0d51475efdad752af82b3691950d50c7\" target=\"_blank\" rel=\"noopener\">Im Online-Vorverkauf (hier klicken &#8230;)<\/a><\/span><\/li><li><span style=\"font-size: 12pt;\">An der Abendkasse<\/span><\/li><\/ul><h3>Weiterf\u00fchrende Links:<\/h3><p><span style=\"font-size: 12pt;\"><a href=\"https:\/\/www.youtube.com\/watch?v=x3c2_PKCya4\" target=\"_blank\" rel=\"noopener\">Vorschau-Trailer zu &#8222;Nomadland&#8220; (hier klicken &#8230;)<\/a><\/span><\/p>\t\t\t\t\t\t<\/div>\n\t\t\t\t<\/div>\n\t\t\t\t<div class=\"elementor-element elementor-element-b61d463 elementor-widget elementor-widget-shortcode\" data-id=\"b61d463\" data-element_type=\"widget\" data-widget_type=\"shortcode.default\">\n\t\t\t\t<div class=\"elementor-widget-container\">\n\t\t\t\t\t<div class=\"elementor-shortcode\"><center><a href=\"https:\/\/a.partner-versicherung.de\/click.php?partner_id=19992&ad_id=441&deep=kfz-versicherung\"  target=\"_blank\"><img decoding=\"async\" src=\"https:\/\/a.partner-versicherung.de\/view.php?partner_id=19992&ad_id=441\" ><\/a><\/center><\/div>\n\t\t\t\t<\/div>\n\t\t\t\t<\/div>\n\t\t\t\t<div class=\"elementor-element elementor-element-0c834d7 elementor-widget-divider--view-line elementor-widget elementor-widget-divider\" data-id=\"0c834d7\" data-element_type=\"widget\" data-widget_type=\"divider.default\">\n\t\t\t\t<div class=\"elementor-widget-container\">\n\t\t\t\t\t<div class=\"elementor-divider\">\n\t\t\t<span class=\"elementor-divider-separator\">\n\t\t\t\t\t\t<\/span>\n\t\t<\/div>\n\t\t\t\t<\/div>\n\t\t\t\t<\/div>\n\t\t\t\t<div class=\"elementor-element elementor-element-325f51f elementor-widget elementor-widget-google_maps\" data-id=\"325f51f\" data-element_type=\"widget\" data-widget_type=\"google_maps.default\">\n\t\t\t\t<div class=\"elementor-widget-container\">\n\t\t\t\t\t<div class=\"elementor-custom-embed\">\n\t\t\t<iframe loading=\"lazy\"\n\t\t\t\t\tsrc=\"https:\/\/maps.google.com\/maps?q=Wittelsbacher%20Stra%C3%9Fe%201%2C%20Schwabach%2C%20Deutschland&#038;t=m&#038;z=18&#038;output=embed&#038;iwloc=near\"\n\t\t\t\t\ttitle=\"Wittelsbacher Stra\u00dfe 1, Schwabach, Deutschland\"\n\t\t\t\t\taria-label=\"Wittelsbacher Stra\u00dfe 1, Schwabach, Deutschland\"\n\t\t\t><\/iframe>\n\t\t<\/div>\n\t\t\t\t<\/div>\n\t\t\t\t<\/div>\n\t\t\t\t\t<\/div>\n\t\t<\/div>\n\t\t\t\t<div class=\"elementor-column elementor-col-33 elementor-top-column elementor-element elementor-element-f645137\" data-id=\"f645137\" data-element_type=\"column\">\n\t\t\t<div class=\"elementor-widget-wrap elementor-element-populated\">\n\t\t\t\t\t\t<div class=\"elementor-element elementor-element-78f122a elementor-widget elementor-widget-heading\" data-id=\"78f122a\" data-element_type=\"widget\" data-widget_type=\"heading.default\">\n\t\t\t\t<div class=\"elementor-widget-container\">\n\t\t\t<h3 class=\"elementor-heading-title elementor-size-default\">Schnell vergleichen und sparen!<\/h3>\t\t<\/div>\n\t\t\t\t<\/div>\n\t\t\t\t<div class=\"elementor-element elementor-element-815595f elementor-widget elementor-widget-wp-widget-advads_ad_widget\" data-id=\"815595f\" data-element_type=\"widget\" data-widget_type=\"wp-widget-advads_ad_widget.default\">\n\t\t\t\t<div class=\"elementor-widget-container\">\n\t\t\t<div id=\"regio-2650736353\"><div class=\"regio-adlabel\">Werbung<\/div><!-- Beginn https:\/\/www.financeads.net\/-Code --><a href=\"https:\/\/www.financeads.net\/tc.php?t=36648C236142529B\" target=\"_blank\"><img fetchpriority=\"high\" decoding=\"async\" src=\"https:\/\/www.financeads.net\/tb.php?t=36648V236142529B&https=1\" alt=\"\" border=\"0\" width=\"300\" height=\"250\"><\/a><!-- Ende https:\/\/www.financeads.net\/-Code --><\/div>\t\t<\/div>\n\t\t\t\t<\/div>\n\t\t\t\t<div class=\"elementor-element elementor-element-fa1c790 elementor-widget elementor-widget-wp-widget-advads_ad_widget\" data-id=\"fa1c790\" data-element_type=\"widget\" data-widget_type=\"wp-widget-advads_ad_widget.default\">\n\t\t\t\t<div class=\"elementor-widget-container\">\n\t\t\t<div id=\"regio-4257821525\"><div class=\"regio-adlabel\">Werbung<\/div><!-- Beginn https:\/\/www.financeads.net\/-Code --><a href=\"https:\/\/www.financeads.net\/tc.php?t=36648C42614510B\" target=\"_blank\"><img decoding=\"async\" src=\"https:\/\/www.financeads.net\/tb.php?t=36648V42614510B&https=1\" alt=\"\" border=\"0\" width=\"200\" height=\"300\"><\/a><!-- Ende https:\/\/www.financeads.net\/-Code --><\/div>\t\t<\/div>\n\t\t\t\t<\/div>\n\t\t\t\t<div class=\"elementor-element elementor-element-93f6842 elementor-widget elementor-widget-wp-widget-advads_ad_widget\" data-id=\"93f6842\" data-element_type=\"widget\" data-widget_type=\"wp-widget-advads_ad_widget.default\">\n\t\t\t\t<div class=\"elementor-widget-container\">\n\t\t\t<div id=\"regio-2429337989\"><div class=\"regio-adlabel\">Werbung<\/div><!-- Beginn https:\/\/www.financeads.net\/-Code --><a href=\"https:\/\/www.financeads.net\/tc.php?t=36648C205040072B\" target=\"_blank\"><img decoding=\"async\" src=\"https:\/\/www.financeads.net\/tb.php?t=36648V205040072B&https=1\" alt=\"\" border=\"0\" width=\"300\" height=\"250\"><\/a><!-- Ende https:\/\/www.financeads.net\/-Code --><\/div>\t\t<\/div>\n\t\t\t\t<\/div>\n\t\t\t\t<div class=\"elementor-element elementor-element-3baf264 elementor-widget elementor-widget-wp-widget-advads_ad_widget\" data-id=\"3baf264\" data-element_type=\"widget\" data-widget_type=\"wp-widget-advads_ad_widget.default\">\n\t\t\t\t<div class=\"elementor-widget-container\">\n\t\t\t<div id=\"regio-830300234\"><div class=\"regio-adlabel\">Werbung<\/div><!-- Beginn https:\/\/www.financeads.net\/-Code --><a href=\"https:\/\/www.financeads.net\/tc.php?t=36648C271460142B\" target=\"_blank\"><img loading=\"lazy\" decoding=\"async\" src=\"https:\/\/www.financeads.net\/tb.php?t=36648V271460142B&https=1\" alt=\"PETPROTECT_Hund&Katze_Banner\" border=\"0\" width=\"250\" height=\"250\"><\/a><!-- Ende https:\/\/www.financeads.net\/-Code --><\/div>\t\t<\/div>\n\t\t\t\t<\/div>\n\t\t\t\t\t<\/div>\n\t\t<\/div>\n\t\t\t\t\t<\/div>\n\t\t<\/section>\n\t\t\t\t<\/div>\n\t\t","protected":false},"excerpt":{"rendered":"<div class=\"mh-excerpt\"><p>Sommernachtsfilmfestival im Alten DG:\u201eNomadland&#8220; am Samstag, den 28. August 2021, um 20.30 Uhr Schwabach &#8211; Der atmosph\u00e4rische Innenhof des Alten Deutschen Gymnasium ist zum f\u00fcnften Mal Veranstaltungsort f\u00fcr sommerliche Kino-Abende. Denn auch dieses Jahr ist <a class=\"mh-excerpt-more\" href=\"https:\/\/www.region-schwabach.de\/wordpress\/nomadland-sommernachtsfilmfestival-am-samstag-den-28-august-2021\/\" title=\"\u201eNomadland&#8220; &#8211; Sommernachtsfilmfestival am Samstag, den 28. August 2021\">[&#8230;]<\/a><\/p>\n<\/div>","protected":false},"author":1,"featured_media":146850,"comment_status":"open","ping_status":"open","sticky":false,"template":"","format":"standard","meta":{"_cbd_carousel_blocks":"[]","footnotes":""},"categories":[16,1,287,231],"tags":[16637,16633,16629,5332,5333,5331,5330,1480,19,5329,3012,3151,2678],"class_list":{"0":"post-146849","1":"post","2":"type-post","3":"status-publish","4":"format-standard","5":"has-post-thumbnail","7":"category-aktuell","8":"category-allgemein","9":"category-jugend-und-familie","10":"category-veranstaltungsnews","11":"tag-nomadland","12":"tag-28-august-2021","13":"tag-28-08-2021","14":"tag-hof","15":"tag-hof-des-alten-dg","16":"tag-leinwnd","17":"tag-mobiles-kino","18":"tag-rathaus","19":"tag-schwabach","20":"tag-sommernachtfilmfestival","21":"tag-stadt","22":"tag-stadt-schwabach","23":"tag-wittelsbacherstrasse"},"_links":{"self":[{"href":"https:\/\/www.region-schwabach.de\/wordpress\/wp-json\/wp\/v2\/posts\/146849","targetHints":{"allow":["GET"]}}],"collection":[{"href":"https:\/\/www.region-schwabach.de\/wordpress\/wp-json\/wp\/v2\/posts"}],"about":[{"href":"https:\/\/www.region-schwabach.de\/wordpress\/wp-json\/wp\/v2\/types\/post"}],"author":[{"embeddable":true,"href":"https:\/\/www.region-schwabach.de\/wordpress\/wp-json\/wp\/v2\/users\/1"}],"replies":[{"embeddable":true,"href":"https:\/\/www.region-schwabach.de\/wordpress\/wp-json\/wp\/v2\/comments?post=146849"}],"version-history":[{"count":0,"href":"https:\/\/www.region-schwabach.de\/wordpress\/wp-json\/wp\/v2\/posts\/146849\/revisions"}],"wp:featuredmedia":[{"embeddable":true,"href":"https:\/\/www.region-schwabach.de\/wordpress\/wp-json\/wp\/v2\/media\/146850"}],"wp:attachment":[{"href":"https:\/\/www.region-schwabach.de\/wordpress\/wp-json\/wp\/v2\/media?parent=146849"}],"wp:term":[{"taxonomy":"category","embeddable":true,"href":"https:\/\/www.region-schwabach.de\/wordpress\/wp-json\/wp\/v2\/categories?post=146849"},{"taxonomy":"post_tag","embeddable":true,"href":"https:\/\/www.region-schwabach.de\/wordpress\/wp-json\/wp\/v2\/tags?post=146849"}],"curies":[{"name":"wp","href":"https:\/\/api.w.org\/{rel}","templated":true}]}}