{"id":147604,"date":"2021-09-02T01:00:00","date_gmt":"2021-09-01T23:00:00","guid":{"rendered":"https:\/\/www.region-schwabach.de\/wordpress\/?p=147604"},"modified":"2021-09-01T21:59:15","modified_gmt":"2021-09-01T19:59:15","slug":"ab-donnerstag-den-2-september-2021-gelten-wegen-der-aktuellen-zahlen-auch-in-schwabach-neue-corona-regelungen","status":"publish","type":"post","link":"https:\/\/www.region-schwabach.de\/wordpress\/ab-donnerstag-den-2-september-2021-gelten-wegen-der-aktuellen-zahlen-auch-in-schwabach-neue-corona-regelungen\/","title":{"rendered":"Ab Donnerstag, den 2. September 2021, gelten wegen der aktuellen Zahlen auch in Schwabach neue Corona-Regelungen"},"content":{"rendered":"\t\t<div data-elementor-type=\"wp-post\" data-elementor-id=\"147604\" class=\"elementor elementor-147604\">\n\t\t\t\t\t\t<section class=\"elementor-section elementor-top-section elementor-element elementor-element-678181b elementor-section-boxed elementor-section-height-default elementor-section-height-default\" data-id=\"678181b\" data-element_type=\"section\">\n\t\t\t\t\t\t<div class=\"elementor-container elementor-column-gap-default\">\n\t\t\t\t\t<div class=\"elementor-column elementor-col-50 elementor-top-column elementor-element elementor-element-6b34026\" data-id=\"6b34026\" data-element_type=\"column\">\n\t\t\t<div class=\"elementor-widget-wrap elementor-element-populated\">\n\t\t\t\t\t\t<div class=\"elementor-element elementor-element-5fea1cd elementor-widget elementor-widget-wp-widget-advads_ad_widget\" data-id=\"5fea1cd\" data-element_type=\"widget\" data-widget_type=\"wp-widget-advads_ad_widget.default\">\n\t\t\t\t<div class=\"elementor-widget-container\">\n\t\t\t<div id=\"regio-2883381783\"><div class=\"regio-adlabel\">Werbung<\/div><center><a href=\"https:\/\/a.partner-versicherung.de\/click.php?partner_id=19992&ad_id=1578&deep=kreditkarten\"  target=\"_blank\"><img decoding=\"async\" src=\"https:\/\/a.partner-versicherung.de\/view.php?partner_id=19992&ad_id=1578\" ><\/a><\/center><\/div>\t\t<\/div>\n\t\t\t\t<\/div>\n\t\t\t\t<div class=\"elementor-element elementor-element-443ab98 elementor-widget elementor-widget-text-editor\" data-id=\"443ab98\" data-element_type=\"widget\" data-widget_type=\"text-editor.default\">\n\t\t\t\t<div class=\"elementor-widget-container\">\n\t\t\t\t\t\t\t<h3>Neue Corona-Regelungen seit Donnerstag, den 2. September 2021 (bis vorl\u00e4ufig einschlie\u00dflich Freitag, den 1. Oktober 2021)\u00a0<\/h3><h3>Neuer Richtwert f\u00fcr Ma\u00dfnahmen: Krankenhausampel<\/h3><p><span style=\"font-size: 12pt;\">Schwabach &#8211; Ab Donnerstag, den 2. September 2021, gelten neue Corona-Regelungen:\u00a0Die 7-Tage-Infektionsinzidenz als das bisher dominierende Kriterium in der Pandemiebek\u00e4mpfung wird abgel\u00f6st. Mit ihr entfallen auch alle bisher inzidenzabh\u00e4ngigen Regelungen. Lediglich f\u00fcr die Anwendung von 3G (=Genesen, Geimpft, Getestet) ab Inzidenz 35 als Startpunkt bleibt die 7-Tage-Infektionsinzidenz relevant.<\/span><\/p><p><span style=\"font-size: 12pt;\">An die Stelle der 7-Tage-Infektionsinzidenz tritt eine neue Krankenhausampel als Indikator f\u00fcr die Belastung des Gesundheitssystems.<\/span><\/p><h3>Stufe Gelb<\/h3><p><span style=\"font-size: 12pt;\">ist erreicht, sobald bayernweit innerhalb der jeweils letzten 7 Tage mehr als 1.200 Patienten mit einer COVID-19-Erkrankung in Krankenh\u00e4user aufgenommen werden mussten. Das entspricht einer bayernweiten Hospitalisierungs-Inzidenz von 9,13 je 100.000 Einwohner. Sobald Stufe Gelb erreicht ist, beschlie\u00dft die Staatsregierung weitergehende Ma\u00dfnahmen, beispielsweise:<\/span><\/p><ul style=\"list-style-type: disc;\"><li><span style=\"font-size: 12pt;\">(1) Anhebung des Maskenstandards auf FFP2.<\/span><\/li><li><span style=\"font-size: 12pt;\">(2) Kontaktbeschr\u00e4nkungen.<\/span><\/li><li><span style=\"font-size: 12pt;\">(3) Erfordernis, als Testnachweis einen PCR-Test vorzulegen (au\u00dfer in der Schule).<\/span><\/li><li><span style=\"font-size: 12pt;\">(4) Personenobergrenzen f\u00fcr \u00f6ffentliche und private Veranstaltungen.<\/span><\/li><\/ul><h3>Stufe Rot<\/h3><p><span style=\"font-size: 12pt;\">ist erreicht, sobald mehr als 600 Patienten mit einer COVID-19-Erkrankung auf den bayerischen Intensivstationen liegen (ma\u00dfgeblich sind die Zahlen des DIVI-Intensivregisters). Sobald Stufe Rot erreicht ist, wird die Staatsregierung neben den bereits f\u00fcr Stufe Gelb geltenden Regelungen umgehend weitere Ma\u00dfnahmen verf\u00fcgen, um die dann akut drohende \u00dcberlastung des Gesundheitssystems zu verhindern.\u00a0<\/span><\/p><h3>Regeln f\u00fcr Innenr\u00e4ume<\/h3><ul style=\"list-style-type: disc;\"><li><span style=\"font-size: 12pt;\"><strong>Ab einer 7-Tage-Infektionsinzidenz von \u00fcber 35<\/strong>\u00a0gilt in Innenr\u00e4umen breitfl\u00e4chig der 3G-Grundsatz: Pers\u00f6nlichen Zugang haben deshalb nur Geimpfte, Genesene oder aktuell Getestete.<\/span><\/li><li><span style=\"font-size: 12pt;\">Dies betrifft \u00f6ffentliche und private Einrichtungen, Veranstaltungen, Sportst\u00e4tten, Fitnessstudios, die gesamte Kultur, Theater, Kinos, Museen, Gedenkst\u00e4tten, Gastronomie, Beherbergung, die Hochschulen, Krankenh\u00e4user, Bibliotheken und Archive, die au\u00dferschulischen Bildungsangebote wie Musikschulen und die Erwachsenenbildung, au\u00dferdem Freizeiteinrichtungen einschlie\u00dflich B\u00e4der, Thermen, Saunen, Seilbahnen und Ausflugsschiffe, Spielbanken, den touristischen Reisebusverkehr und \u00e4hnliches.<\/span><\/li><li><span style=\"font-size: 12pt;\">F\u00fcr <\/span><strong style=\"font-size: 12pt;\">Kinder, die noch nicht eingeschult<\/strong><span style=\"font-size: 12pt;\">\u00a0sind, gibt es Ausnahmen. Sch\u00fcler gelten mit Blick auf die regelm\u00e4\u00dfigen Tests in der Schule als getestet.<\/span><\/li><li><span style=\"font-size: 12pt;\">In<\/span><strong style=\"font-size: 12pt;\">\u00a0Alten- und Pflegeheimen<\/strong><span style=\"font-size: 12pt;\">, auf\u00a0<\/span><strong style=\"font-size: 12pt;\">Messen<\/strong><span style=\"font-size: 12pt;\">\u00a0und bei gr\u00f6\u00dferen\u00a0<\/span><strong style=\"font-size: 12pt;\">Veranstaltungen \u00fcber 1.000 Personen<\/strong><span style=\"font-size: 12pt;\"> gilt 3G immer drinnen und drau\u00dfen.\u00a0<\/span><\/li><\/ul><h3>Ausnahmen<\/h3><ul style=\"list-style-type: disc;\"><li><span style=\"font-size: 12pt;\">Ausgenommen vom 3G-Grundsatz sind Privatr\u00e4ume, Handel, der \u00d6PNV, Veranstaltungen ausschlie\u00dflich unter freiem Himmel bis 1.000 Personen, Gottesdienste sowie Versammlungen im Sinne von Art. 8 Grundgesetz. F\u00fcr Schule und Kita gelten die bereits bekannten Sonderregelungen.<\/span><\/li><li><span style=\"font-size: 12pt;\">Die Einhaltung der 3G-Regeln muss vom Betreiber kontrolliert werden. G\u00e4ste und Besucher sowie Betreiber, die sich nicht daran halten, m\u00fcssen mit einem Bu\u00dfgeld rechnen.\u00a0<\/span><\/li><\/ul><h3>Generelle FFP2-Maskenpflicht entf\u00e4llt<\/h3><p><span style=\"font-size: 12pt;\">Die FFP2-Maskenpflicht entf\u00e4llt. Die medizinische Maske (\u201eOP-Maske\u201c) ist der neue Maskenstandard. Au\u00dferdem wird k\u00fcnftig \u00fcberall wie folgt differenziert:<\/span><\/p><ul style=\"list-style-type: disc;\"><li><span style=\"font-size: 12pt;\">Unter freiem Himmel gibt es k\u00fcnftig generell keine Maskenpflicht mehr. Ausgenommen sind lediglich die Eingangs- und Begegnungsbereiche gr\u00f6\u00dferer Veranstaltungen (ab 1.000 Personen).<\/span><\/li><li><span style=\"font-size: 12pt;\">In <strong>geschlossenen R\u00e4umen gilt umgekehrt immer eine generelle Maskenpflicht<\/strong>. Ausgenommen sind Privatr\u00e4ume, au\u00dferdem der Platz in der Gastronomie sowie jeder feste Sitz- oder Stehplatz, wenn er zuverl\u00e4ssig den Mindestabstand von 1,5 m zu anderen festen Pl\u00e4tzen einh\u00e4lt, die nicht mit eigenen Haushaltsangeh\u00f6rigen besetzt sind. F\u00fcr Besch\u00e4ftigte gelten wie bisher auch die arbeitsschutzrechtlichen Bestimmungen.<\/span><\/li><li><span style=\"font-size: 12pt;\">Im <strong>\u00d6PNV und im Fernverkehr<\/strong>\u00a0gilt die Maskenpflicht (k\u00fcnftig OP-Maske) ausnahmslos.<\/span><\/li><li><span style=\"font-size: 12pt;\">In <strong>Schule und Kita sowie Alten- und Pflegeheimen<\/strong>\u00a0gelten Sonderregelungen.<\/span><\/li><\/ul><h3>Keine Kontaktbeschr\u00e4nkungen mehr<\/h3><p><strong><span style=\"font-size: 12pt;\">Die allgemeinen Kontaktbeschr\u00e4nkungen entfallen ersatzlos.<\/span><\/strong><\/p><h3>Maximale Teilnehmerzahl bei Veranstaltungen<\/h3><p><span style=\"font-size: 12pt;\">Die bisherigen Personenobergrenzen f\u00fcr private und \u00f6ffentliche Veranstaltungen entfallen. F\u00fcr folgende Veranstaltungen (Sport, Kultur, Kongresse etc.) gilt:<\/span><\/p><ul style=\"list-style-type: disc;\"><li><span style=\"font-size: 12pt;\">Bis 5.000 Personen darf die Kapazit\u00e4t zu 100 % genutzt werden.<\/span><\/li><li><span style=\"font-size: 12pt;\">F\u00fcr den 5.000 Personen \u00fcberschreitenden Teil darf 50 % der weiteren Kapazit\u00e4t des Veranstaltungsorts genutzt werden.<\/span><\/li><li><span style=\"font-size: 12pt;\">Es sind maximal 25.000 Personen zul\u00e4ssig.<\/span><\/li><li><span style=\"font-size: 12pt;\">Innerhalb dieses Rahmens d\u00fcrfen unbegrenzt auch Stehpl\u00e4tze ausgewiesen werden.<\/span><\/li><li><span style=\"font-size: 12pt;\">Wird der Mindestabstand in Innenr\u00e4umen unterschritten, gilt nach den allgemeinen Regeln allerdings st\u00e4ndige Maskenpflicht, die vom Veranstalter zu gew\u00e4hrleisten ist. Hierzu wird es daher auch einen Bu\u00dfgeldtatbestand f\u00fcr Veranstalter und Teilnehmer geben.<\/span><\/li><li><span style=\"font-size: 12pt;\">Bei Veranstaltungen ab 1.000 Personen muss der Veranstalter ein Infektionsschutzkonzept nicht nur ausarbeiten und beachten, sondern auch unverlangt der Kreisverwaltungsbeh\u00f6rde vorab zur Durchsicht vorlegen.<\/span><\/li><\/ul><h3>Schulen<\/h3><p><span style=\"font-size: 12pt;\">Oberstes Ziel f\u00fcr die Schule ist der Pr\u00e4senzunterricht. Hier gilt:<\/span><\/p><ul style=\"list-style-type: disc;\"><li><span style=\"font-size: 12pt;\">Regelungen zum Wechselunterricht ab einer Inzidenz von 100 werden ersatzlos gestrichen.<\/span><\/li><li><span style=\"font-size: 12pt;\">Zum Unterrichtsbeginn im neuen Schuljahr 2021\/2022 (ab 14. September) gilt als besondere Schutzma\u00dfnahme bis auf Weiteres eine <strong>inzidenzunabh\u00e4ngige Maskenpflicht<\/strong>\u00a0\u2013 auch nach Einnahme des Sitz- bzw. Arbeitsplatzes. In der Grundschulstufe k\u00f6nnen dabei wie bisher Stoffmasken verwendet werden, f\u00fcr Lehrkr\u00e4fte sowie f\u00fcr Sch\u00fclerinnen und Sch\u00fcler ab Jahrgangsstufe 5 gilt die Pflicht zum Tragen einer medizinischen Gesichtsmaske.<\/span><\/li><li><span style=\"font-size: 12pt;\">Die Tests an den Schulen werden nochmals ausgeweitet: In der Grundschulstufe sowie an F\u00f6rderschulen mit den Schwerpunkten geistige Entwicklung, k\u00f6rperliche und motorische Entwicklung sowie Sehen wird \u2013 sobald hierf\u00fcr die organisatorischen Voraussetzungen geschaffen sind \u2013 zwei Mal pro Woche ein PCR-Pool-Test (\u201eLollitest\u201c), im \u00dcbrigen sowie an weiterf\u00fchrenden Schulen drei Mal pro Woche ein Selbsttest durchgef\u00fchrt. Das bedeutet: Bis die Lollitests in der Grundschule zur Verf\u00fcgung stehen, wird auch dort drei Mal w\u00f6chentlich getestet.<\/span><\/li><li><span style=\"font-size: 12pt;\">Im Interesse eines m\u00f6glichst verl\u00e4sslichen Schulunterrichts in Pr\u00e4senz und zur Gew\u00e4hrleistung einer Betreuung der Kinder in den Kindertageseinrichtungen ist die Anordnung einer Quarant\u00e4ne von Kontaktpersonen m\u00f6glichst auf wenige F\u00e4lle zu beschr\u00e4nken. Gibt es einen Infektionsfall in der Klasse, soll anders als bisher nicht immer f\u00fcr die gesamte Klasse Quarant\u00e4ne festgelegt werden, sondern Quarant\u00e4ne mit Augenma\u00df. Sie ist dann auf die Sch\u00fclerinnen und Sch\u00fcler einzugrenzen, die unmittelbaren und ungesch\u00fctzten engen Kontakt zum erkrankten Sch\u00fcler hatten, und kann bei negativem PCR-Test nach f\u00fcnf Tagen auch schnell wieder enden. Das Gesundheitsamt entscheidet im Einzelfall. Beim korrekten Einsatz von Luftreinigungsger\u00e4ten kann es auf eine Quarant\u00e4ne der anderen Sch\u00fcler sogar vollst\u00e4ndig verzichten. Bei den \u00fcbrigen Sch\u00fclerinnen und Sch\u00fclern der Klasse k\u00f6nnen f\u00fcr eine gewisse Zeit t\u00e4gliche Testungen durchgef\u00fchrt werden.<\/span><\/li><li><span style=\"font-size: 12pt;\">Schlie\u00dflich kann im Rahmen der angepassten STIKO-Impfempfehlung f\u00fcr Kinder und Jugendliche eine Corona-Schutzimpfung auch w\u00e4hrend der Unterrichtszeit angeboten und durchgef\u00fchrt werden.<\/span><\/li><\/ul><h3>Kinderbetreuungseinrichtungen<\/h3><p><span style=\"font-size: 12pt;\">Neben dem Schulbetrieb hat die Sicherstellung des Regelbetriebs in den Kinderbetreuungseinrichtungen oberste Priorit\u00e4t. Die Regelungen zum eingeschr\u00e4nkten Regelbetrieb ab einer Inzidenz von 100 werden auch hier ersatzlos gestrichen. Das Angebot f\u00fcr zweimal w\u00f6chentliche Testungen f\u00fcr betreute Kinder ist ein wichtiger Baustein, um Corona-Infektionen fr\u00fchzeitig zu erkennen. Deshalb wird das bew\u00e4hrte Testkonzept mit Berechtigungsscheinen auch im neuen Kitajahr 2021\/2022 bis Ende des Jahres 2021 in Kooperation mit den Apotheken fortgesetzt. Auch hier wird es bei einem Infektionsfall Quarant\u00e4ne nur mit Augenma\u00df unter Ber\u00fccksichtigung der Belange der Kinder und Kinderbetreuungseinrichtungen geben.<\/span><\/p><h3>Gottesdienste und Versammlungen<\/h3><p><span style=\"font-size: 12pt;\">Gottesdienste und Versammlungen in Innenr\u00e4umen nach Art. 8 GG k\u00f6nnen k\u00fcnftig ohne die bisherigen Beschr\u00e4nkungen der Personenzahl durchgef\u00fchrt werden, wenn an ihnen nur Geimpfte, Genesene oder Getestete teilnehmen (3G). Andernfalls bleibt es bei den bisherigen Beschr\u00e4nkungen nach Platzangebot. Die Maskenpflicht richtet sich k\u00fcnftig nach den neuen allgemeinen Regeln (damit entf\u00e4llt insb. FFP2). Das im Gottesdienst bisher geltende Gesangsverbot ab Inzidenz 100 entf\u00e4llt ebenso wie das bisherige Verbot von gro\u00dfen religi\u00f6sen Veranstaltungen.<\/span><\/p><h3>Gastronomie<\/h3><p><span style=\"font-size: 12pt;\">In der Gastronomie entf\u00e4llt die bisherige coronabedingte Sperrstunde (bisher 01.00 Uhr). Im \u00dcbrigen gelten auch hier k\u00fcnftig die allgemeinen Regelungen zu 3G und Maskenpflicht.<\/span><\/p><h3>Hotels und Herbergen<\/h3><p><span style=\"font-size: 12pt;\">Im Bereich der Beherbergung entfallen die bisherigen Einschr\u00e4nkungen, wonach Zimmer nur im Rahmen der Kontaktbeschr\u00e4nkungen vergeben werden d\u00fcrfen. Im Rahmen von 3G gen\u00fcgt es hier, wenn Test wie bisher bei Ankunft und danach jede 72 Stunden vorgelegt werden. Im \u00dcbrigen gelten die allgemeinen Regelungen insbesondere zur Maskenpflicht.<\/span><\/p><h3>Handel, Dienstleistungen, Freizeiteinrichtungen<\/h3><ul style=\"list-style-type: disc;\"><li><span style=\"font-size: 12pt;\">In\u00a0<strong>Handel, Dienstleistungen und Freizeiteinrichtungen<\/strong>\u00a0entfallen die bisherigen quadratmeterm\u00e4\u00dfigen Kunden- oder Besucherbeschr\u00e4nkungen. Die Maskenpflicht richtet sich nach der allgemeinen Grundregel.<\/span><\/li><li><span style=\"font-size: 12pt;\">Bei Messen entf\u00e4llt wie im <strong>Handel<\/strong>\u00a0die fl\u00e4chenabh\u00e4ngige Besucherbegrenzung. Stattdessen wird eine neue t\u00e4gliche Besucherobergrenze von 50.000 Personen eingef\u00fchrt. Es gilt immer 3G. Die Maskenpflicht richtet sich nach der allgemeinen Grundregel.<\/span><\/li><li><span style=\"font-size: 12pt;\"><strong>Volksfeste<\/strong>\u00a0(\u201e\u00f6ffentliche Festivit\u00e4ten\u201c) bleiben untersagt. F\u00fcr Ersatzveranstaltungen, die im Wege von Einzelfallausnahmen m\u00f6glich bleiben, gilt inzidenzunabh\u00e4ngig 3G.<\/span><\/li><li><span style=\"font-size: 12pt;\">Es ist geplant, <\/span><strong style=\"font-size: 12pt;\">Clubs und Diskotheken<\/strong><span style=\"font-size: 12pt;\">\u00a0mit Blick auf Reiser\u00fcckkehrer aus den Ferien mit einem zeitlichen Sicherheitsabstand erst ab Anfang Oktober wieder zu \u00f6ffnen. Der Zugang soll dann nur f\u00fcr Geimpfte und Genesene sowie f\u00fcr Getestete mit PCR-Test m\u00f6glich sein.<\/span><\/li><\/ul><p>\u00a0<\/p>\t\t\t\t\t\t<\/div>\n\t\t\t\t<\/div>\n\t\t\t\t<div class=\"elementor-element elementor-element-7cc9469 elementor-widget elementor-widget-shortcode\" data-id=\"7cc9469\" data-element_type=\"widget\" data-widget_type=\"shortcode.default\">\n\t\t\t\t<div class=\"elementor-widget-container\">\n\t\t\t\t\t<div class=\"elementor-shortcode\"><center><a href=\"https:\/\/a.partner-versicherung.de\/click.php?partner_id=19992&ad_id=441&deep=kfz-versicherung\"  target=\"_blank\"><img decoding=\"async\" src=\"https:\/\/a.partner-versicherung.de\/view.php?partner_id=19992&ad_id=441\" ><\/a><\/center><\/div>\n\t\t\t\t<\/div>\n\t\t\t\t<\/div>\n\t\t\t\t<div class=\"elementor-element elementor-element-0c834d7 elementor-widget-divider--view-line elementor-widget elementor-widget-divider\" data-id=\"0c834d7\" data-element_type=\"widget\" data-widget_type=\"divider.default\">\n\t\t\t\t<div class=\"elementor-widget-container\">\n\t\t\t\t\t<div class=\"elementor-divider\">\n\t\t\t<span class=\"elementor-divider-separator\">\n\t\t\t\t\t\t<\/span>\n\t\t<\/div>\n\t\t\t\t<\/div>\n\t\t\t\t<\/div>\n\t\t\t\t<div class=\"elementor-element elementor-element-325f51f elementor-widget elementor-widget-google_maps\" data-id=\"325f51f\" data-element_type=\"widget\" data-widget_type=\"google_maps.default\">\n\t\t\t\t<div class=\"elementor-widget-container\">\n\t\t\t\t\t<div class=\"elementor-custom-embed\">\n\t\t\t<iframe loading=\"lazy\"\n\t\t\t\t\tsrc=\"https:\/\/maps.google.com\/maps?q=Schwabach%2C%20Deutschland&#038;t=m&#038;z=15&#038;output=embed&#038;iwloc=near\"\n\t\t\t\t\ttitle=\"Schwabach, Deutschland\"\n\t\t\t\t\taria-label=\"Schwabach, Deutschland\"\n\t\t\t><\/iframe>\n\t\t<\/div>\n\t\t\t\t<\/div>\n\t\t\t\t<\/div>\n\t\t\t\t\t<\/div>\n\t\t<\/div>\n\t\t\t\t<div class=\"elementor-column elementor-col-50 elementor-top-column elementor-element elementor-element-f141625\" data-id=\"f141625\" data-element_type=\"column\">\n\t\t\t<div class=\"elementor-widget-wrap elementor-element-populated\">\n\t\t\t\t\t\t<div class=\"elementor-element elementor-element-aa635e8 elementor-widget elementor-widget-heading\" data-id=\"aa635e8\" data-element_type=\"widget\" data-widget_type=\"heading.default\">\n\t\t\t\t<div class=\"elementor-widget-container\">\n\t\t\t<h3 class=\"elementor-heading-title elementor-size-default\">Schnell vergleichen und sparen!<\/h3>\t\t<\/div>\n\t\t\t\t<\/div>\n\t\t\t\t<div class=\"elementor-element elementor-element-380778c elementor-widget elementor-widget-wp-widget-advads_ad_widget\" data-id=\"380778c\" data-element_type=\"widget\" data-widget_type=\"wp-widget-advads_ad_widget.default\">\n\t\t\t\t<div class=\"elementor-widget-container\">\n\t\t\t<div id=\"regio-747808311\"><div class=\"regio-adlabel\">Werbung<\/div><!-- Beginn https:\/\/www.financeads.net\/-Code --><a href=\"https:\/\/www.financeads.net\/tc.php?t=36648C236142529B\" target=\"_blank\"><img fetchpriority=\"high\" decoding=\"async\" src=\"https:\/\/www.financeads.net\/tb.php?t=36648V236142529B&https=1\" alt=\"\" border=\"0\" width=\"300\" height=\"250\"><\/a><!-- Ende https:\/\/www.financeads.net\/-Code --><\/div>\t\t<\/div>\n\t\t\t\t<\/div>\n\t\t\t\t<div class=\"elementor-element elementor-element-bd26aa5 elementor-widget elementor-widget-wp-widget-advads_ad_widget\" data-id=\"bd26aa5\" data-element_type=\"widget\" data-widget_type=\"wp-widget-advads_ad_widget.default\">\n\t\t\t\t<div class=\"elementor-widget-container\">\n\t\t\t<div id=\"regio-1989748665\"><div class=\"regio-adlabel\">Werbung<\/div><!-- Beginn https:\/\/www.financeads.net\/-Code --><a href=\"https:\/\/www.financeads.net\/tc.php?t=36648C42614510B\" target=\"_blank\"><img decoding=\"async\" src=\"https:\/\/www.financeads.net\/tb.php?t=36648V42614510B&https=1\" alt=\"\" border=\"0\" width=\"200\" height=\"300\"><\/a><!-- Ende https:\/\/www.financeads.net\/-Code --><\/div>\t\t<\/div>\n\t\t\t\t<\/div>\n\t\t\t\t<div class=\"elementor-element elementor-element-abfc6b5 elementor-widget elementor-widget-wp-widget-advads_ad_widget\" data-id=\"abfc6b5\" data-element_type=\"widget\" data-widget_type=\"wp-widget-advads_ad_widget.default\">\n\t\t\t\t<div class=\"elementor-widget-container\">\n\t\t\t<div id=\"regio-1318681592\"><div class=\"regio-adlabel\">Werbung<\/div><!-- Beginn https:\/\/www.financeads.net\/-Code --><a href=\"https:\/\/www.financeads.net\/tc.php?t=36648C205040072B\" target=\"_blank\"><img decoding=\"async\" src=\"https:\/\/www.financeads.net\/tb.php?t=36648V205040072B&https=1\" alt=\"\" border=\"0\" width=\"300\" height=\"250\"><\/a><!-- Ende https:\/\/www.financeads.net\/-Code --><\/div>\t\t<\/div>\n\t\t\t\t<\/div>\n\t\t\t\t<div class=\"elementor-element elementor-element-9b68655 elementor-widget elementor-widget-wp-widget-advads_ad_widget\" data-id=\"9b68655\" data-element_type=\"widget\" data-widget_type=\"wp-widget-advads_ad_widget.default\">\n\t\t\t\t<div class=\"elementor-widget-container\">\n\t\t\t<div id=\"regio-3557166411\"><div class=\"regio-adlabel\">Werbung<\/div><!-- Beginn https:\/\/www.financeads.net\/-Code --><a href=\"https:\/\/www.financeads.net\/tc.php?t=36648C271460142B\" target=\"_blank\"><img loading=\"lazy\" decoding=\"async\" src=\"https:\/\/www.financeads.net\/tb.php?t=36648V271460142B&https=1\" alt=\"PETPROTECT_Hund&Katze_Banner\" border=\"0\" width=\"250\" height=\"250\"><\/a><!-- Ende https:\/\/www.financeads.net\/-Code --><\/div>\t\t<\/div>\n\t\t\t\t<\/div>\n\t\t\t\t\t<\/div>\n\t\t<\/div>\n\t\t\t\t\t<\/div>\n\t\t<\/section>\n\t\t\t\t<\/div>\n\t\t","protected":false},"excerpt":{"rendered":"<div class=\"mh-excerpt\"><p>Neue Corona-Regelungen seit Donnerstag, den 2. September 2021 (bis vorl\u00e4ufig einschlie\u00dflich Freitag, den 1. Oktober 2021)\u00a0 Neuer Richtwert f\u00fcr Ma\u00dfnahmen: Krankenhausampel Schwabach &#8211; Ab Donnerstag, den 2. September 2021, gelten neue Corona-Regelungen:\u00a0Die 7-Tage-Infektionsinzidenz als das <a class=\"mh-excerpt-more\" href=\"https:\/\/www.region-schwabach.de\/wordpress\/ab-donnerstag-den-2-september-2021-gelten-wegen-der-aktuellen-zahlen-auch-in-schwabach-neue-corona-regelungen\/\" title=\"Ab Donnerstag, den 2. September 2021, gelten wegen der aktuellen Zahlen auch in Schwabach neue Corona-Regelungen\">[&#8230;]<\/a><\/p>\n<\/div>","protected":false},"author":1,"featured_media":147605,"comment_status":"open","ping_status":"open","sticky":false,"template":"","format":"standard","meta":{"_cbd_carousel_blocks":"[]","footnotes":""},"categories":[16,287,61],"tags":[16727,16730,13953,13293,16758,522,16757,4802,1480,16693,19,3012,3151,14419],"class_list":{"0":"post-147604","1":"post","2":"type-post","3":"status-publish","4":"format-standard","5":"has-post-thumbnail","7":"category-aktuell","8":"category-jugend-und-familie","9":"category-rathaus","10":"tag-02-09-2021","11":"tag-2-september-2021","12":"tag-7-tage-inzidenz","13":"tag-corona-faelle","14":"tag-hospitalisierungs-inzidenz","15":"tag-koenigsplatz","16":"tag-krankenhausampel","17":"tag-massnahmen","18":"tag-rathaus","19":"tag-regelungen","20":"tag-schwabach","21":"tag-stadt","22":"tag-stadt-schwabach","23":"tag-weitergehende-massnahmen"},"_links":{"self":[{"href":"https:\/\/www.region-schwabach.de\/wordpress\/wp-json\/wp\/v2\/posts\/147604","targetHints":{"allow":["GET"]}}],"collection":[{"href":"https:\/\/www.region-schwabach.de\/wordpress\/wp-json\/wp\/v2\/posts"}],"about":[{"href":"https:\/\/www.region-schwabach.de\/wordpress\/wp-json\/wp\/v2\/types\/post"}],"author":[{"embeddable":true,"href":"https:\/\/www.region-schwabach.de\/wordpress\/wp-json\/wp\/v2\/users\/1"}],"replies":[{"embeddable":true,"href":"https:\/\/www.region-schwabach.de\/wordpress\/wp-json\/wp\/v2\/comments?post=147604"}],"version-history":[{"count":0,"href":"https:\/\/www.region-schwabach.de\/wordpress\/wp-json\/wp\/v2\/posts\/147604\/revisions"}],"wp:featuredmedia":[{"embeddable":true,"href":"https:\/\/www.region-schwabach.de\/wordpress\/wp-json\/wp\/v2\/media\/147605"}],"wp:attachment":[{"href":"https:\/\/www.region-schwabach.de\/wordpress\/wp-json\/wp\/v2\/media?parent=147604"}],"wp:term":[{"taxonomy":"category","embeddable":true,"href":"https:\/\/www.region-schwabach.de\/wordpress\/wp-json\/wp\/v2\/categories?post=147604"},{"taxonomy":"post_tag","embeddable":true,"href":"https:\/\/www.region-schwabach.de\/wordpress\/wp-json\/wp\/v2\/tags?post=147604"}],"curies":[{"name":"wp","href":"https:\/\/api.w.org\/{rel}","templated":true}]}}