{"id":148247,"date":"2021-09-12T01:00:00","date_gmt":"2021-09-11T23:00:00","guid":{"rendered":"https:\/\/www.region-schwabach.de\/wordpress\/?p=148247"},"modified":"2021-09-12T09:56:09","modified_gmt":"2021-09-12T07:56:09","slug":"sein-und-schein-in-geschichte-architektur-und-denkmalpflege-stadtfuhrung-des-jfm-am-sonntag-den-12-september-2021","status":"publish","type":"post","link":"https:\/\/www.region-schwabach.de\/wordpress\/sein-und-schein-in-geschichte-architektur-und-denkmalpflege-stadtfuhrung-des-jfm-am-sonntag-den-12-september-2021\/","title":{"rendered":"&#8222;Sein und Schein in Geschichte, Architektur und Denkmalpflege&#8220; &#8211; Stadtf\u00fchrung des JFM am Sonntag, den 12. September 2021"},"content":{"rendered":"\t\t<div data-elementor-type=\"wp-post\" data-elementor-id=\"148247\" class=\"elementor elementor-148247\">\n\t\t\t\t\t\t<section class=\"elementor-section elementor-top-section elementor-element elementor-element-678181b elementor-section-boxed elementor-section-height-default elementor-section-height-default\" data-id=\"678181b\" data-element_type=\"section\">\n\t\t\t\t\t\t<div class=\"elementor-container elementor-column-gap-default\">\n\t\t\t\t\t<div class=\"elementor-column elementor-col-50 elementor-top-column elementor-element elementor-element-6b34026\" data-id=\"6b34026\" data-element_type=\"column\">\n\t\t\t<div class=\"elementor-widget-wrap elementor-element-populated\">\n\t\t\t\t\t\t<div class=\"elementor-element elementor-element-e3fa2ca elementor-widget elementor-widget-wp-widget-advads_ad_widget\" data-id=\"e3fa2ca\" data-element_type=\"widget\" data-widget_type=\"wp-widget-advads_ad_widget.default\">\n\t\t\t\t<div class=\"elementor-widget-container\">\n\t\t\t<div id=\"regio-3966243738\"><div class=\"regio-adlabel\">Werbung<\/div><center><a href=\"https:\/\/a.partner-versicherung.de\/click.php?partner_id=19992&ad_id=1578&deep=kreditkarten\"  target=\"_blank\"><img decoding=\"async\" src=\"https:\/\/a.partner-versicherung.de\/view.php?partner_id=19992&ad_id=1578\" ><\/a><\/center><\/div>\t\t<\/div>\n\t\t\t\t<\/div>\n\t\t\t\t<div class=\"elementor-element elementor-element-443ab98 elementor-widget elementor-widget-text-editor\" data-id=\"443ab98\" data-element_type=\"widget\" data-widget_type=\"text-editor.default\">\n\t\t\t\t<div class=\"elementor-widget-container\">\n\t\t\t\t\t\t\t<h3>Sonntag, den 12. September 2021, 14.00 Uhr &#8211; 15.30 Uhr<br \/>Sein und Schein in Geschichte, Architektur und Denkmalpflege<br \/>Stadtf\u00fchrung mit Ursula Kaiser-Biburger zum Tag des offenen Denkmals<\/h3>\n<p><span style=\"font-size: 12pt;\">Schwabach &#8211; Zum Tag des offenen Denkmals laden die Stadt Schwabach und das J\u00fcdischen Museum Franken zu einem Stadtspaziergang ein. Begleiten Sie die Stadtheimatpflegerin Ursula Kaiser-Biburger durch die Stadt im Zeichen des diesj\u00e4hrigen Mottos \u201eSein &amp; Schein \u2013 in Geschichte, Architektur und Denkmalpflege\u201c. <\/span><\/p>\n<p><span style=\"font-size: 12pt;\">Der geb\u00fchrenfreie Stadtspaziergang f\u00fchrt vom Rathaus aus in die Altstadt bis hin zur Glockengie\u00dferstra\u00dfe und zum Abschluss in die Synagogengasse. Treffpunkt f\u00fcr die F\u00fchrung ist um 14.00 Uhr am Schwabacher Rathaus. Am Tag des offenen Denkmals ist der Eintritt in das JMF Schwabach f\u00fcr alle Besucher*innen frei.<br \/><\/span><\/p>\n<p><span style=\"font-size: 12pt;\">In Kooperation mit der Deutschen Stiftung Denkmalschutz und der Stadt Schwabach.\u00a0<\/span><\/p>\n<p><span style=\"font-size: 12pt;\">Eine Anmeldung unter <a href=\"mailto:schwabach@juedisches-museum.org\" target=\"_blank\" rel=\"noopener\">schwabach@juedisches-museum.org<\/a> ist erforderlich. Es gelten die jeweils aktuellen Corona-Regeln.\u00a0<\/span><\/p>\n<h3>Infos:\u00a0<\/h3>\n<table style=\"border-collapse: collapse; width: 100%;\">\n<tbody>\n<tr>\n<td style=\"width: 29.4824%;\"><strong><span style=\"font-size: 12pt;\">Anmeldung:<\/span><\/strong><\/td>\n<td style=\"width: 70.5176%;\"><span style=\"font-size: 12pt;\">Anmeldung: erforderlich per Mail an <a href=\"mailto:schwabach@juedisches-museum.org\" target=\"_blank\" rel=\"noopener\">schwabach@juedisches-museum.org<\/a><\/span><br \/><span style=\"font-size: 12pt;\">(Anmeldeschluss: 10.09.21, 15.00 Uhr)<\/span><\/td>\n<\/tr>\n<tr>\n<td style=\"width: 29.4824%;\"><strong><span style=\"font-size: 12pt;\">Wann:<\/span><\/strong><\/td>\n<td style=\"width: 70.5176%;\"><span style=\"font-size: 12pt;\">Sonntag, den 12. September 2021, 14.00 Uhr<\/span><\/td>\n<\/tr>\n<tr>\n<td style=\"width: 29.4824%;\"><strong><span style=\"font-size: 12pt;\">Dauer:<\/span><\/strong><\/td>\n<td style=\"width: 70.5176%;\"><span style=\"font-size: 12pt;\">90 Minuten<\/span><\/td>\n<\/tr>\n<tr>\n<td style=\"width: 29.4824%;\"><strong><span style=\"font-size: 12pt;\">Wo:<\/span><\/strong><\/td>\n<td style=\"width: 70.5176%;\"><span style=\"font-size: 12pt;\">Rathaus Schwabach, K\u00f6nigsplatz 1, 91126 Schwabach<\/span><\/td>\n<\/tr>\n<tr>\n<td style=\"width: 29.4824%;\"><strong><span style=\"font-size: 12pt;\">F\u00fchrungsgeb\u00fchr:<\/span><\/strong><\/td>\n<td style=\"width: 70.5176%;\"><span style=\"font-size: 12pt;\">frei<\/span><\/td>\n<\/tr>\n<tr>\n<td style=\"width: 29.4824%;\"><strong><span style=\"font-size: 12pt;\">Pandemie:<\/span><\/strong><\/td>\n<td style=\"width: 70.5176%;\"><span style=\"font-size: 12pt;\">Im Museum gelten Maskenpflicht und Abstandsregeln. W\u00e4hrend der F\u00fchrung im Au\u00dfenbereich gelten die \u00fcblichen Abstandsregeln<\/span><\/td>\n<\/tr>\n<tr>\n<td style=\"width: 29.4824%;\"><strong><span style=\"font-size: 12pt;\">Abbildung:<\/span><\/strong><\/td>\n<td style=\"width: 70.5176%;\"><span style=\"font-size: 12pt;\">Blick auf das Haus des Moses L\u00f6w Koppel in der Synagogengassen Nr. 10, Filmstill<br \/>\u00a9 J\u00fcdisches Museum Franken | Film: buchstabenschubser, Potsda<\/span><\/td>\n<\/tr>\n<\/tbody>\n<\/table>\n<p><a href=\"http:\/\/www.juedisches-museum.org\/judisches-museum-franken-in-schwabach\/\" target=\"_blank\" rel=\"noopener\"><span style=\"font-size: 12pt;\">Hier geht&#8217;s zur Homepage vom JMF Schwabach &#8230;<\/span><\/a><\/p>\t\t\t\t\t\t<\/div>\n\t\t\t\t<\/div>\n\t\t\t\t<div class=\"elementor-element elementor-element-c8dd997 elementor-widget elementor-widget-shortcode\" data-id=\"c8dd997\" data-element_type=\"widget\" data-widget_type=\"shortcode.default\">\n\t\t\t\t<div class=\"elementor-widget-container\">\n\t\t\t\t\t<div class=\"elementor-shortcode\"><!-- Beginn https:\/\/www.financeads.net\/-Code --><a href=\"https:\/\/www.financeads.net\/tc.php?t=36648C38513858B\" target=\"_blank\"><center><img decoding=\"async\" src=\"https:\/\/www.financeads.net\/tb.php?t=36648V38513858B&https=1\" alt=\"\" border=\"0\" width=\"468\" height=\"60\"><\/a><!-- Ende https:\/\/www.financeads.net\/-Code --><\/div>\n\t\t\t\t<\/div>\n\t\t\t\t<\/div>\n\t\t\t\t<div class=\"elementor-element elementor-element-0c834d7 elementor-widget-divider--view-line elementor-widget elementor-widget-divider\" data-id=\"0c834d7\" data-element_type=\"widget\" data-widget_type=\"divider.default\">\n\t\t\t\t<div class=\"elementor-widget-container\">\n\t\t\t\t\t<div class=\"elementor-divider\">\n\t\t\t<span class=\"elementor-divider-separator\">\n\t\t\t\t\t\t<\/span>\n\t\t<\/div>\n\t\t\t\t<\/div>\n\t\t\t\t<\/div>\n\t\t\t\t<div class=\"elementor-element elementor-element-325f51f elementor-widget elementor-widget-google_maps\" data-id=\"325f51f\" data-element_type=\"widget\" data-widget_type=\"google_maps.default\">\n\t\t\t\t<div class=\"elementor-widget-container\">\n\t\t\t\t\t<div class=\"elementor-custom-embed\">\n\t\t\t<iframe loading=\"lazy\"\n\t\t\t\t\tsrc=\"https:\/\/maps.google.com\/maps?q=K%C3%B6nigsplatz%201%2C%20Schwabach%2C%20Deutschland&#038;t=m&#038;z=17&#038;output=embed&#038;iwloc=near\"\n\t\t\t\t\ttitle=\"K\u00f6nigsplatz 1, Schwabach, Deutschland\"\n\t\t\t\t\taria-label=\"K\u00f6nigsplatz 1, Schwabach, Deutschland\"\n\t\t\t><\/iframe>\n\t\t<\/div>\n\t\t\t\t<\/div>\n\t\t\t\t<\/div>\n\t\t\t\t\t<\/div>\n\t\t<\/div>\n\t\t\t\t<div class=\"elementor-column elementor-col-50 elementor-top-column elementor-element elementor-element-f3d2d15\" data-id=\"f3d2d15\" data-element_type=\"column\">\n\t\t\t<div class=\"elementor-widget-wrap elementor-element-populated\">\n\t\t\t\t\t\t<div class=\"elementor-element elementor-element-6165363 elementor-widget elementor-widget-heading\" data-id=\"6165363\" data-element_type=\"widget\" data-widget_type=\"heading.default\">\n\t\t\t\t<div class=\"elementor-widget-container\">\n\t\t\t<h3 class=\"elementor-heading-title elementor-size-default\">Schnell vergleichen und sparen!<\/h3>\t\t<\/div>\n\t\t\t\t<\/div>\n\t\t\t\t<div class=\"elementor-element elementor-element-3842e95 elementor-widget elementor-widget-wp-widget-advads_ad_widget\" data-id=\"3842e95\" data-element_type=\"widget\" data-widget_type=\"wp-widget-advads_ad_widget.default\">\n\t\t\t\t<div class=\"elementor-widget-container\">\n\t\t\t<div id=\"regio-3019656866\"><div class=\"regio-adlabel\">Werbung<\/div><!-- Beginn https:\/\/www.financeads.net\/-Code --><a href=\"https:\/\/www.financeads.net\/tc.php?t=36648C236142529B\" target=\"_blank\"><img fetchpriority=\"high\" decoding=\"async\" src=\"https:\/\/www.financeads.net\/tb.php?t=36648V236142529B&https=1\" alt=\"\" border=\"0\" width=\"300\" height=\"250\"><\/a><!-- Ende https:\/\/www.financeads.net\/-Code --><\/div>\t\t<\/div>\n\t\t\t\t<\/div>\n\t\t\t\t<div class=\"elementor-element elementor-element-afdf71e elementor-widget elementor-widget-wp-widget-advads_ad_widget\" data-id=\"afdf71e\" data-element_type=\"widget\" data-widget_type=\"wp-widget-advads_ad_widget.default\">\n\t\t\t\t<div class=\"elementor-widget-container\">\n\t\t\t<div id=\"regio-303163274\"><div class=\"regio-adlabel\">Werbung<\/div><!-- Beginn https:\/\/www.financeads.net\/-Code --><a href=\"https:\/\/www.financeads.net\/tc.php?t=36648C42614510B\" target=\"_blank\"><img decoding=\"async\" src=\"https:\/\/www.financeads.net\/tb.php?t=36648V42614510B&https=1\" alt=\"\" border=\"0\" width=\"200\" height=\"300\"><\/a><!-- Ende https:\/\/www.financeads.net\/-Code --><\/div>\t\t<\/div>\n\t\t\t\t<\/div>\n\t\t\t\t<div class=\"elementor-element elementor-element-faa70d1 elementor-widget elementor-widget-wp-widget-advads_ad_widget\" data-id=\"faa70d1\" data-element_type=\"widget\" data-widget_type=\"wp-widget-advads_ad_widget.default\">\n\t\t\t\t<div class=\"elementor-widget-container\">\n\t\t\t<div id=\"regio-2388477351\"><div class=\"regio-adlabel\">Werbung<\/div><!-- Beginn https:\/\/www.financeads.net\/-Code --><a href=\"https:\/\/www.financeads.net\/tc.php?t=36648C205040072B\" target=\"_blank\"><img loading=\"lazy\" decoding=\"async\" src=\"https:\/\/www.financeads.net\/tb.php?t=36648V205040072B&https=1\" alt=\"\" border=\"0\" width=\"300\" height=\"250\"><\/a><!-- Ende https:\/\/www.financeads.net\/-Code --><\/div>\t\t<\/div>\n\t\t\t\t<\/div>\n\t\t\t\t<div class=\"elementor-element elementor-element-3478f11 elementor-widget elementor-widget-wp-widget-advads_ad_widget\" data-id=\"3478f11\" data-element_type=\"widget\" data-widget_type=\"wp-widget-advads_ad_widget.default\">\n\t\t\t\t<div class=\"elementor-widget-container\">\n\t\t\t<div id=\"regio-2995392463\"><div class=\"regio-adlabel\">Werbung<\/div><!-- Beginn https:\/\/www.financeads.net\/-Code --><a href=\"https:\/\/www.financeads.net\/tc.php?t=36648C271460142B\" target=\"_blank\"><img loading=\"lazy\" decoding=\"async\" src=\"https:\/\/www.financeads.net\/tb.php?t=36648V271460142B&https=1\" alt=\"PETPROTECT_Hund&Katze_Banner\" border=\"0\" width=\"250\" height=\"250\"><\/a><!-- Ende https:\/\/www.financeads.net\/-Code --><\/div>\t\t<\/div>\n\t\t\t\t<\/div>\n\t\t\t\t\t<\/div>\n\t\t<\/div>\n\t\t\t\t\t<\/div>\n\t\t<\/section>\n\t\t\t\t<\/div>\n\t\t","protected":false},"excerpt":{"rendered":"<div class=\"mh-excerpt\"><p>Sonntag, den 12. September 2021, 14.00 Uhr &#8211; 15.30 UhrSein und Schein in Geschichte, Architektur und DenkmalpflegeStadtf\u00fchrung mit Ursula Kaiser-Biburger zum Tag des offenen Denkmals Schwabach &#8211; Zum Tag des offenen Denkmals laden die Stadt <a class=\"mh-excerpt-more\" href=\"https:\/\/www.region-schwabach.de\/wordpress\/sein-und-schein-in-geschichte-architektur-und-denkmalpflege-stadtfuhrung-des-jfm-am-sonntag-den-12-september-2021\/\" title=\"&#8222;Sein und Schein in Geschichte, Architektur und Denkmalpflege&#8220; &#8211; Stadtf\u00fchrung des JFM am Sonntag, den 12. September 2021\">[&#8230;]<\/a><\/p>\n<\/div>","protected":false},"author":1,"featured_media":148249,"comment_status":"open","ping_status":"open","sticky":false,"template":"","format":"standard","meta":{"_cbd_carousel_blocks":"[]","footnotes":""},"categories":[16,287,231,140],"tags":[16806,16574,4691,53,4689,16763,19,16810,6185,4692,6022],"class_list":{"0":"post-148247","1":"post","2":"type-post","3":"status-publish","4":"format-standard","5":"has-post-thumbnail","7":"category-aktuell","8":"category-jugend-und-familie","9":"category-veranstaltungsnews","10":"category-vereine","11":"tag-12-september-2021","12":"tag-12-09-2021","13":"tag-fraenkisch-juedische-geschichte","14":"tag-fuehrung","15":"tag-juedischen-museum-franken","16":"tag-juedisches-leben","17":"tag-schwabach","18":"tag-sein-und-schein-in-geschichte-architektur-und-denkmalpflege","19":"tag-stadtfuehrung","20":"tag-synagogengasse","21":"tag-ursula-kaiser-biburger"},"_links":{"self":[{"href":"https:\/\/www.region-schwabach.de\/wordpress\/wp-json\/wp\/v2\/posts\/148247","targetHints":{"allow":["GET"]}}],"collection":[{"href":"https:\/\/www.region-schwabach.de\/wordpress\/wp-json\/wp\/v2\/posts"}],"about":[{"href":"https:\/\/www.region-schwabach.de\/wordpress\/wp-json\/wp\/v2\/types\/post"}],"author":[{"embeddable":true,"href":"https:\/\/www.region-schwabach.de\/wordpress\/wp-json\/wp\/v2\/users\/1"}],"replies":[{"embeddable":true,"href":"https:\/\/www.region-schwabach.de\/wordpress\/wp-json\/wp\/v2\/comments?post=148247"}],"version-history":[{"count":0,"href":"https:\/\/www.region-schwabach.de\/wordpress\/wp-json\/wp\/v2\/posts\/148247\/revisions"}],"wp:featuredmedia":[{"embeddable":true,"href":"https:\/\/www.region-schwabach.de\/wordpress\/wp-json\/wp\/v2\/media\/148249"}],"wp:attachment":[{"href":"https:\/\/www.region-schwabach.de\/wordpress\/wp-json\/wp\/v2\/media?parent=148247"}],"wp:term":[{"taxonomy":"category","embeddable":true,"href":"https:\/\/www.region-schwabach.de\/wordpress\/wp-json\/wp\/v2\/categories?post=148247"},{"taxonomy":"post_tag","embeddable":true,"href":"https:\/\/www.region-schwabach.de\/wordpress\/wp-json\/wp\/v2\/tags?post=148247"}],"curies":[{"name":"wp","href":"https:\/\/api.w.org\/{rel}","templated":true}]}}