{"id":149264,"date":"2021-09-26T01:15:00","date_gmt":"2021-09-25T23:15:00","guid":{"rendered":"https:\/\/www.region-schwabach.de\/wordpress\/?p=149264"},"modified":"2021-09-26T07:45:02","modified_gmt":"2021-09-26T05:45:02","slug":"integrationsrat-ladt-zu-syrischen-kulturtagen-vom-24-bis-26-september-2021-ein","status":"publish","type":"post","link":"https:\/\/www.region-schwabach.de\/wordpress\/integrationsrat-ladt-zu-syrischen-kulturtagen-vom-24-bis-26-september-2021-ein\/","title":{"rendered":"Integrationsrat l\u00e4dt zu Syrischen Kulturtagen vom 24. bis 26. September 2021 ein"},"content":{"rendered":"\t\t<div data-elementor-type=\"wp-post\" data-elementor-id=\"149264\" class=\"elementor elementor-149264\">\n\t\t\t\t\t\t<section class=\"elementor-section elementor-top-section elementor-element elementor-element-678181b elementor-section-boxed elementor-section-height-default elementor-section-height-default\" data-id=\"678181b\" data-element_type=\"section\">\n\t\t\t\t\t\t<div class=\"elementor-container elementor-column-gap-default\">\n\t\t\t\t\t<div class=\"elementor-column elementor-col-50 elementor-top-column elementor-element elementor-element-6b34026\" data-id=\"6b34026\" data-element_type=\"column\">\n\t\t\t<div class=\"elementor-widget-wrap elementor-element-populated\">\n\t\t\t\t\t\t<div class=\"elementor-element elementor-element-6bbd2bb elementor-widget elementor-widget-wp-widget-advads_ad_widget\" data-id=\"6bbd2bb\" data-element_type=\"widget\" data-widget_type=\"wp-widget-advads_ad_widget.default\">\n\t\t\t\t<div class=\"elementor-widget-container\">\n\t\t\t<div id=\"regio-2040917951\"><div class=\"regio-adlabel\">Werbung<\/div><center><a href=\"https:\/\/a.partner-versicherung.de\/click.php?partner_id=19992&ad_id=1578&deep=kreditkarten\"  target=\"_blank\"><img decoding=\"async\" src=\"https:\/\/a.partner-versicherung.de\/view.php?partner_id=19992&ad_id=1578\" ><\/a><\/center><\/div>\t\t<\/div>\n\t\t\t\t<\/div>\n\t\t\t\t<div class=\"elementor-element elementor-element-443ab98 elementor-widget elementor-widget-text-editor\" data-id=\"443ab98\" data-element_type=\"widget\" data-widget_type=\"text-editor.default\">\n\t\t\t\t<div class=\"elementor-widget-container\">\n\t\t\t\t\t\t\t<h3 id=\"et_detail_title\">Vom 24.bis zum 26. September 2021: <br \/>Syrische Kulturtage mit Musik, Kunst und Fr\u00fchst\u00fcck<\/h3><p><span style=\"font-size: 12pt;\">Schwabach &#8211; Zu Syrischen Kulturtagen l\u00e4dt der Integrationsrat Schwabach alle Mitmenschen am Wochenende vom 24. bis 26. September ein. Er\u00f6ffnet wird diese Veranstaltung am Freitag, 24. September, um 18.45 Uhr von Oberb\u00fcrgermeister Peter Rei\u00df im Stadtmuseum. Bereits ab 18.00 Uhr wird dort ein Buffet mit syrischen Spezialit\u00e4ten aufgebaut. Ab 19.00 Uhr erinnert der Foto- und Videojournalist und Islamwissenschaftler Lutz J\u00e4kel aus Hamburg an \u201eEin Land ohne Krieg\u201c. Musikalisch begleiten der Fl\u00f6tist Bashar Salah und der Percussionist Can \u00dcnl\u00fcsoy den Abend. Die Moderation \u00fcbernimmt Dr. Rezarta Reimann. Anschlie\u00dfend ist noch Zeit f\u00fcr Diskussion. <br \/><\/span><\/p><h3><span style=\"font-size: 14pt;\">\u201eKunst und Flucht\u201c \/ \u201eAsyl, Ankommen \u2013 was dann?\u201c<\/span><\/h3><p><span style=\"font-size: 12pt;\">Am Samstag widmen sich dann in der Schule am Museum der Musiker Salah und der Kunstp\u00e4dagoge Khaled Abdo, beide aus Syrien gefl\u00fcchtet, den Themen \u201eKunst und Flucht\u201c sowie \u201eAsyl, Ankommen \u2013 was dann?\u201c. Gemeinsam mit weiteren Musikern lassen sie traditionelle Rhythmen und Lieder aus ihrer Heimat erklingen. Auch an diesem Abend werden syrische Mitb\u00fcrgerinnen und -b\u00fcrger f\u00fcr ein syrisches B\u00fcffet sorgen. <br \/><\/span><\/p><h3><span style=\"font-size: 14pt;\">Syrisches Fr\u00fchst\u00fcck in der Goldenen Moschee<\/span><\/h3><p><span style=\"font-size: 12pt;\">Am Sonntag, den 26. September 2021, sind alle Interessierten, unabh\u00e4ngig von ihrer Nationalit\u00e4t oder Herkunft, zum gemeinsamen syrischen Fr\u00fchst\u00fcck in der Goldenen Moschee in der Bahnhofstra\u00dfe eingeladen. Bei schlechtem Wetter wird im Innenbereich gefr\u00fchst\u00fcckt. Die T\u00fcrkisch-islamische Gemeinde Schwabach unterst\u00fctzt dieses Angebot.\u00a0<\/span><\/p><p><span style=\"font-size: 12pt;\">Der Eintritt zu den Veranstaltungen ist frei. Eine Anmeldung ist \u00fcber die e-Mail-Adresse <a href=\"mailto:integrationsrat-schwabach@mail.de\" target=\"_blank\" rel=\"noopener\">integrationsrat-schwabach@mail.de<\/a> n\u00f6tig.\u00a0<\/span><\/p><h3>Weiterf\u00fchrende Links:<\/h3><p><span style=\"font-size: 12pt;\"><a href=\"https:\/\/www.schwabach.de\/de\/politik\/beiraete\/integrationsrat.html\" target=\"_blank\" rel=\"noopener\">Weitere Informationen zum Integrationsrat Schwabach sind hier zu finden &#8230;<\/a><\/span><\/p>\t\t\t\t\t\t<\/div>\n\t\t\t\t<\/div>\n\t\t\t\t<div class=\"elementor-element elementor-element-0c834d7 elementor-widget-divider--view-line elementor-widget elementor-widget-divider\" data-id=\"0c834d7\" data-element_type=\"widget\" data-widget_type=\"divider.default\">\n\t\t\t\t<div class=\"elementor-widget-container\">\n\t\t\t\t\t<div class=\"elementor-divider\">\n\t\t\t<span class=\"elementor-divider-separator\">\n\t\t\t\t\t\t<\/span>\n\t\t<\/div>\n\t\t\t\t<\/div>\n\t\t\t\t<\/div>\n\t\t\t\t<div class=\"elementor-element elementor-element-325f51f elementor-widget elementor-widget-google_maps\" data-id=\"325f51f\" data-element_type=\"widget\" data-widget_type=\"google_maps.default\">\n\t\t\t\t<div class=\"elementor-widget-container\">\n\t\t\t\t\t<div class=\"elementor-custom-embed\">\n\t\t\t<iframe loading=\"lazy\"\n\t\t\t\t\tsrc=\"https:\/\/maps.google.com\/maps?q=Museumsstra%C3%9Fe%201%2C%20Schwabach%2C%20Deutschland&#038;t=m&#038;z=16&#038;output=embed&#038;iwloc=near\"\n\t\t\t\t\ttitle=\"Museumsstra\u00dfe 1, Schwabach, Deutschland\"\n\t\t\t\t\taria-label=\"Museumsstra\u00dfe 1, Schwabach, Deutschland\"\n\t\t\t><\/iframe>\n\t\t<\/div>\n\t\t\t\t<\/div>\n\t\t\t\t<\/div>\n\t\t\t\t<div class=\"elementor-element elementor-element-5214a44 elementor-widget elementor-widget-google_maps\" data-id=\"5214a44\" data-element_type=\"widget\" data-widget_type=\"google_maps.default\">\n\t\t\t\t<div class=\"elementor-widget-container\">\n\t\t\t\t\t<div class=\"elementor-custom-embed\">\n\t\t\t<iframe loading=\"lazy\"\n\t\t\t\t\tsrc=\"https:\/\/maps.google.com\/maps?q=Ansbacher%20Stra%C3%9Fe%2011%2C%20Schwabach%2C%20Deutschland&#038;t=m&#038;z=16&#038;output=embed&#038;iwloc=near\"\n\t\t\t\t\ttitle=\"Ansbacher Stra\u00dfe 11, Schwabach, Deutschland\"\n\t\t\t\t\taria-label=\"Ansbacher Stra\u00dfe 11, Schwabach, Deutschland\"\n\t\t\t><\/iframe>\n\t\t<\/div>\n\t\t\t\t<\/div>\n\t\t\t\t<\/div>\n\t\t\t\t<div class=\"elementor-element elementor-element-85c129d elementor-widget elementor-widget-google_maps\" data-id=\"85c129d\" data-element_type=\"widget\" data-widget_type=\"google_maps.default\">\n\t\t\t\t<div class=\"elementor-widget-container\">\n\t\t\t\t\t<div class=\"elementor-custom-embed\">\n\t\t\t<iframe loading=\"lazy\"\n\t\t\t\t\tsrc=\"https:\/\/maps.google.com\/maps?q=Bahnhofstra%C3%9Fe%2011%2C%20Schwabach%2C%20Deutschland&#038;t=m&#038;z=16&#038;output=embed&#038;iwloc=near\"\n\t\t\t\t\ttitle=\"Bahnhofstra\u00dfe 11, Schwabach, Deutschland\"\n\t\t\t\t\taria-label=\"Bahnhofstra\u00dfe 11, Schwabach, Deutschland\"\n\t\t\t><\/iframe>\n\t\t<\/div>\n\t\t\t\t<\/div>\n\t\t\t\t<\/div>\n\t\t\t\t\t<\/div>\n\t\t<\/div>\n\t\t\t\t<div class=\"elementor-column elementor-col-50 elementor-top-column elementor-element elementor-element-8a5c163\" data-id=\"8a5c163\" data-element_type=\"column\">\n\t\t\t<div class=\"elementor-widget-wrap elementor-element-populated\">\n\t\t\t\t\t\t<div class=\"elementor-element elementor-element-2fd9474 elementor-widget elementor-widget-heading\" data-id=\"2fd9474\" data-element_type=\"widget\" data-widget_type=\"heading.default\">\n\t\t\t\t<div class=\"elementor-widget-container\">\n\t\t\t<h3 class=\"elementor-heading-title elementor-size-default\">Schnell vergleichen und sparen!<\/h3>\t\t<\/div>\n\t\t\t\t<\/div>\n\t\t\t\t<div class=\"elementor-element elementor-element-f6c6f4a elementor-widget elementor-widget-wp-widget-advads_ad_widget\" data-id=\"f6c6f4a\" data-element_type=\"widget\" data-widget_type=\"wp-widget-advads_ad_widget.default\">\n\t\t\t\t<div class=\"elementor-widget-container\">\n\t\t\t<div id=\"regio-46066311\"><div class=\"regio-adlabel\">Werbung<\/div><!-- Beginn https:\/\/www.financeads.net\/-Code --><a href=\"https:\/\/www.financeads.net\/tc.php?t=36648C236142529B\" target=\"_blank\"><img fetchpriority=\"high\" decoding=\"async\" src=\"https:\/\/www.financeads.net\/tb.php?t=36648V236142529B&https=1\" alt=\"\" border=\"0\" width=\"300\" height=\"250\"><\/a><!-- Ende https:\/\/www.financeads.net\/-Code --><\/div>\t\t<\/div>\n\t\t\t\t<\/div>\n\t\t\t\t<div class=\"elementor-element elementor-element-2e55a7e elementor-widget elementor-widget-wp-widget-advads_ad_widget\" data-id=\"2e55a7e\" data-element_type=\"widget\" data-widget_type=\"wp-widget-advads_ad_widget.default\">\n\t\t\t\t<div class=\"elementor-widget-container\">\n\t\t\t<div id=\"regio-1211544957\"><div class=\"regio-adlabel\">Werbung<\/div><!-- Beginn https:\/\/www.financeads.net\/-Code --><a href=\"https:\/\/www.financeads.net\/tc.php?t=36648C42614510B\" target=\"_blank\"><img decoding=\"async\" src=\"https:\/\/www.financeads.net\/tb.php?t=36648V42614510B&https=1\" alt=\"\" border=\"0\" width=\"200\" height=\"300\"><\/a><!-- Ende https:\/\/www.financeads.net\/-Code --><\/div>\t\t<\/div>\n\t\t\t\t<\/div>\n\t\t\t\t<div class=\"elementor-element elementor-element-3288943 elementor-widget elementor-widget-wp-widget-advads_ad_widget\" data-id=\"3288943\" data-element_type=\"widget\" data-widget_type=\"wp-widget-advads_ad_widget.default\">\n\t\t\t\t<div class=\"elementor-widget-container\">\n\t\t\t<div id=\"regio-1627013025\"><div class=\"regio-adlabel\">Werbung<\/div><!-- Beginn https:\/\/www.financeads.net\/-Code --><a href=\"https:\/\/www.financeads.net\/tc.php?t=36648C205040072B\" target=\"_blank\"><img decoding=\"async\" src=\"https:\/\/www.financeads.net\/tb.php?t=36648V205040072B&https=1\" alt=\"\" border=\"0\" width=\"300\" height=\"250\"><\/a><!-- Ende https:\/\/www.financeads.net\/-Code --><\/div>\t\t<\/div>\n\t\t\t\t<\/div>\n\t\t\t\t<div class=\"elementor-element elementor-element-9879aa6 elementor-widget elementor-widget-wp-widget-advads_ad_widget\" data-id=\"9879aa6\" data-element_type=\"widget\" data-widget_type=\"wp-widget-advads_ad_widget.default\">\n\t\t\t\t<div class=\"elementor-widget-container\">\n\t\t\t<div id=\"regio-1680140037\"><div class=\"regio-adlabel\">Werbung<\/div><!-- Beginn https:\/\/www.financeads.net\/-Code --><a href=\"https:\/\/www.financeads.net\/tc.php?t=36648C271460142B\" target=\"_blank\"><img loading=\"lazy\" decoding=\"async\" src=\"https:\/\/www.financeads.net\/tb.php?t=36648V271460142B&https=1\" alt=\"PETPROTECT_Hund&Katze_Banner\" border=\"0\" width=\"250\" height=\"250\"><\/a><!-- Ende https:\/\/www.financeads.net\/-Code --><\/div>\t\t<\/div>\n\t\t\t\t<\/div>\n\t\t\t\t\t<\/div>\n\t\t<\/div>\n\t\t\t\t\t<\/div>\n\t\t<\/section>\n\t\t\t\t<\/div>\n\t\t","protected":false},"excerpt":{"rendered":"<div class=\"mh-excerpt\"><p>Vom 24.bis zum 26. September 2021: Syrische Kulturtage mit Musik, Kunst und Fr\u00fchst\u00fcck Schwabach &#8211; Zu Syrischen Kulturtagen l\u00e4dt der Integrationsrat Schwabach alle Mitmenschen am Wochenende vom 24. bis 26. September ein. Er\u00f6ffnet wird diese <a class=\"mh-excerpt-more\" href=\"https:\/\/www.region-schwabach.de\/wordpress\/integrationsrat-ladt-zu-syrischen-kulturtagen-vom-24-bis-26-september-2021-ein\/\" title=\"Integrationsrat l\u00e4dt zu Syrischen Kulturtagen vom 24. bis 26. September 2021 ein\">[&#8230;]<\/a><\/p>\n<\/div>","protected":false},"author":1,"featured_media":149285,"comment_status":"open","ping_status":"open","sticky":false,"template":"","format":"standard","meta":{"_cbd_carousel_blocks":"[]","footnotes":""},"categories":[16,287,79,61,46],"tags":[16926,16925,16935,16934,16676,16677,419,398,16939,4587,16943,8585,8589,8813,16941,522,8812,16937,16942,420,4051,1480,3139,19,3151,3739,16936,16938,7659],"class_list":{"0":"post-149264","1":"post","2":"type-post","3":"status-publish","4":"format-standard","5":"has-post-thumbnail","7":"category-aktuell","8":"category-jugend-und-familie","9":"category-politik","10":"category-rathaus","11":"category-verbaende","12":"tag-24-september-2021","13":"tag-24-09-2021","14":"tag-25-september-2021","15":"tag-25-09-2021","16":"tag-26-september-2021","17":"tag-26-09-2021","18":"tag-ansbacher-strasse","19":"tag-bahnhofstrasse","20":"tag-buffet","21":"tag-fruehstueck","22":"tag-goldene-moschee","23":"tag-info-veranstaltung","24":"tag-integration","25":"tag-integrationsrat-schwabach","26":"tag-islamwissenschaftler","27":"tag-koenigsplatz","28":"tag-kulturveranstaltung","29":"tag-kunst","30":"tag-lutz-jaekel","31":"tag-museumsstrasse","32":"tag-musik","33":"tag-rathaus","34":"tag-schule-am-museum","35":"tag-schwabach","36":"tag-stadt-schwabach","37":"tag-stadtmuseum","38":"tag-syrische-kulturtage","39":"tag-syrischen-spezialitaeten","40":"tag-tradition"},"_links":{"self":[{"href":"https:\/\/www.region-schwabach.de\/wordpress\/wp-json\/wp\/v2\/posts\/149264","targetHints":{"allow":["GET"]}}],"collection":[{"href":"https:\/\/www.region-schwabach.de\/wordpress\/wp-json\/wp\/v2\/posts"}],"about":[{"href":"https:\/\/www.region-schwabach.de\/wordpress\/wp-json\/wp\/v2\/types\/post"}],"author":[{"embeddable":true,"href":"https:\/\/www.region-schwabach.de\/wordpress\/wp-json\/wp\/v2\/users\/1"}],"replies":[{"embeddable":true,"href":"https:\/\/www.region-schwabach.de\/wordpress\/wp-json\/wp\/v2\/comments?post=149264"}],"version-history":[{"count":0,"href":"https:\/\/www.region-schwabach.de\/wordpress\/wp-json\/wp\/v2\/posts\/149264\/revisions"}],"wp:featuredmedia":[{"embeddable":true,"href":"https:\/\/www.region-schwabach.de\/wordpress\/wp-json\/wp\/v2\/media\/149285"}],"wp:attachment":[{"href":"https:\/\/www.region-schwabach.de\/wordpress\/wp-json\/wp\/v2\/media?parent=149264"}],"wp:term":[{"taxonomy":"category","embeddable":true,"href":"https:\/\/www.region-schwabach.de\/wordpress\/wp-json\/wp\/v2\/categories?post=149264"},{"taxonomy":"post_tag","embeddable":true,"href":"https:\/\/www.region-schwabach.de\/wordpress\/wp-json\/wp\/v2\/tags?post=149264"}],"curies":[{"name":"wp","href":"https:\/\/api.w.org\/{rel}","templated":true}]}}