{"id":149468,"date":"2021-09-25T00:07:00","date_gmt":"2021-09-24T22:07:00","guid":{"rendered":"https:\/\/www.region-schwabach.de\/wordpress\/?p=149468"},"modified":"2021-09-24T15:40:09","modified_gmt":"2021-09-24T13:40:09","slug":"drei-tote-und-zwei-schwerverletzte-bei-unfall-auf-der-b2-bei-weissenburg","status":"publish","type":"post","link":"https:\/\/www.region-schwabach.de\/wordpress\/drei-tote-und-zwei-schwerverletzte-bei-unfall-auf-der-b2-bei-weissenburg\/","title":{"rendered":"Drei Tote und zwei Schwerverletzte bei Unfall auf der B2 bei Wei\u00dfenburg"},"content":{"rendered":"\t\t<div data-elementor-type=\"wp-post\" data-elementor-id=\"149468\" class=\"elementor elementor-149468\">\n\t\t\t\t\t\t<section class=\"elementor-section elementor-top-section elementor-element elementor-element-1cuv9jr elementor-section-boxed elementor-section-height-default elementor-section-height-default\" data-id=\"1cuv9jr\" data-element_type=\"section\">\n\t\t\t\t\t\t<div class=\"elementor-container elementor-column-gap-default\">\n\t\t\t\t\t<div class=\"elementor-column elementor-col-50 elementor-top-column elementor-element elementor-element-q5zak7b\" data-id=\"q5zak7b\" data-element_type=\"column\">\n\t\t\t<div class=\"elementor-widget-wrap elementor-element-populated\">\n\t\t\t\t\t\t<div class=\"elementor-element elementor-element-dcef279 elementor-widget elementor-widget-wp-widget-advads_ad_widget\" data-id=\"dcef279\" data-element_type=\"widget\" data-widget_type=\"wp-widget-advads_ad_widget.default\">\n\t\t\t\t<div class=\"elementor-widget-container\">\n\t\t\t<div id=\"regio-3806090745\"><div class=\"regio-adlabel\">Werbung<\/div><center><a href=\"https:\/\/a.partner-versicherung.de\/click.php?partner_id=19992&ad_id=1578&deep=kreditkarten\"  target=\"_blank\"><img decoding=\"async\" src=\"https:\/\/a.partner-versicherung.de\/view.php?partner_id=19992&ad_id=1578\" ><\/a><\/center><\/div>\t\t<\/div>\n\t\t\t\t<\/div>\n\t\t\t\t<div class=\"elementor-element elementor-element-a4daeae elementor-widget elementor-widget-text-editor\" data-id=\"a4daeae\" data-element_type=\"widget\" data-widget_type=\"text-editor.default\">\n\t\t\t\t<div class=\"elementor-widget-container\">\n\t\t\t\t\t\t\t<h3>Schwerer Verkehrsunfall bei Wei\u00dfenburg<\/h3><p><span style=\"font-size: 12pt;\">Wei\u00dfenburg (ots) &#8211; Am Donnerstagnachmittag (23.09.2021) ereignete sich auf der B2 bei Wei\u00dfenburg (Lkrs. Wei\u00dfenburg-Gunzenhausen) ein schwerer Verkehrsunfall. In Folge eines Frontalzusammensto\u00dfes zweier Pkw verstarben drei Personen, zwei weitere wurden schwer verletzt. Die Polizei sucht Zeugen des Unfallhergangs.<\/span><\/p><p><span style=\"font-size: 12pt;\">Um kurz nach 14:00 Uhr geriet ein Opel Astra auf dem Streckenabschnitt zwischen Wei\u00dfenburg und dem Wei\u00dfenburger Ortsteil Dettenheim aus noch ungekl\u00e4rter Ursache in den Gegenverkehr und prallte frontal auf einen entgegenkommenden Mitsubishi.<\/span><\/p><p><span style=\"font-size: 12pt;\">Sowohl der 82-j\u00e4hrige Fahrer des Opel Astra (FR Wei\u00dfenburg) als auch der 21-j\u00e4hrige Fahrer des Mitsubishi (FR Treuchtlingen) erlitten bei dem Zusammenprall der Fahrzeuge schwere Verletzungen. Sie wurden mit Rettungshubschraubern in umliegende Krankenh\u00e4user geflogen. \u00b4<\/span><\/p><p><span style=\"font-size: 12pt;\">F\u00fcr die \u00fcbrigen Pkw-Insassen in den beiden Fahrzeugen kam jede Hilfe zu sp\u00e4t. Sowohl die Beifahrerin des 82-J\u00e4hrigen, sowie der Beifahrer und eine weitere Mitfahrerin im Mitsubishi verstarben noch an der Unfallstelle.<\/span><\/p><p><span style=\"font-size: 12pt;\">Neben mehreren Streifen der Polizeiinspektionen Wei\u00dfenburg und Treuchtlingen waren zahlreiche Kr\u00e4fte von Feuerwehr und Rettungsdienst an der Einsatzstelle vor Ort. Die Beamten haben mit den Ermittlungen zur Kl\u00e4rung der genauen Unfallursache begonnen. Hierbei werden sie vor Ort auch von einem Gutachter unterst\u00fctzt. In dem Zusammenhang bittet die Polizei Unfallzeugen, sich bei der Polizeiinspektion Wei\u00dfenburg unter der Telefonnummer 09141 86870 zu melden. Die Bundesstra\u00dfe 2 ist nach wie vor (Stand 17:00 Uhr) f\u00fcr die Unfallaufnahme in beide Richtungen gesperrt.<\/span><\/p><p><span style=\"font-size: 12pt;\">Marc Siegl<\/span><\/p><p><span style=\"font-size: 12pt;\">Original-Content von: Polizeipr\u00e4sidium Mittelfranken\u00a0<\/span><\/p>\t\t\t\t\t\t<\/div>\n\t\t\t\t<\/div>\n\t\t\t\t<div class=\"elementor-element elementor-element-6c3f9de elementor-widget elementor-widget-shortcode\" data-id=\"6c3f9de\" data-element_type=\"widget\" data-widget_type=\"shortcode.default\">\n\t\t\t\t<div class=\"elementor-widget-container\">\n\t\t\t\t\t<div class=\"elementor-shortcode\"><center><a href=\"https:\/\/a.partner-versicherung.de\/click.php?partner_id=19992&ad_id=441&deep=kfz-versicherung\"  target=\"_blank\"><img decoding=\"async\" src=\"https:\/\/a.partner-versicherung.de\/view.php?partner_id=19992&ad_id=441\" ><\/a><\/center><\/div>\n\t\t\t\t<\/div>\n\t\t\t\t<\/div>\n\t\t\t\t<div class=\"elementor-element elementor-element-ace1283 elementor-widget-divider--view-line elementor-widget elementor-widget-divider\" data-id=\"ace1283\" data-element_type=\"widget\" data-widget_type=\"divider.default\">\n\t\t\t\t<div class=\"elementor-widget-container\">\n\t\t\t\t\t<div class=\"elementor-divider\">\n\t\t\t<span class=\"elementor-divider-separator\">\n\t\t\t\t\t\t<\/span>\n\t\t<\/div>\n\t\t\t\t<\/div>\n\t\t\t\t<\/div>\n\t\t\t\t<div class=\"elementor-element elementor-element-ac34ac3 elementor-widget elementor-widget-google_maps\" data-id=\"ac34ac3\" data-element_type=\"widget\" data-widget_type=\"google_maps.default\">\n\t\t\t\t<div class=\"elementor-widget-container\">\n\t\t\t\t\t<div class=\"elementor-custom-embed\">\n\t\t\t<iframe loading=\"lazy\"\n\t\t\t\t\tsrc=\"https:\/\/maps.google.com\/maps?q=Dettenheim%2C%20Wei%C3%9Fenburg%2C%20Deutschland&#038;t=m&#038;z=15&#038;output=embed&#038;iwloc=near\"\n\t\t\t\t\ttitle=\"Dettenheim, Wei\u00dfenburg, Deutschland\"\n\t\t\t\t\taria-label=\"Dettenheim, Wei\u00dfenburg, Deutschland\"\n\t\t\t><\/iframe>\n\t\t<\/div>\n\t\t\t\t<\/div>\n\t\t\t\t<\/div>\n\t\t\t\t\t<\/div>\n\t\t<\/div>\n\t\t\t\t<div class=\"elementor-column elementor-col-50 elementor-top-column elementor-element elementor-element-4ce46fb\" data-id=\"4ce46fb\" data-element_type=\"column\">\n\t\t\t<div class=\"elementor-widget-wrap elementor-element-populated\">\n\t\t\t\t\t\t<div class=\"elementor-element elementor-element-38f4e35 elementor-widget elementor-widget-heading\" data-id=\"38f4e35\" data-element_type=\"widget\" data-widget_type=\"heading.default\">\n\t\t\t\t<div class=\"elementor-widget-container\">\n\t\t\t<h3 class=\"elementor-heading-title elementor-size-default\">Schnell vergleichen und sparen!<\/h3>\t\t<\/div>\n\t\t\t\t<\/div>\n\t\t\t\t<div class=\"elementor-element elementor-element-92c49bc elementor-widget elementor-widget-wp-widget-advads_ad_widget\" data-id=\"92c49bc\" data-element_type=\"widget\" data-widget_type=\"wp-widget-advads_ad_widget.default\">\n\t\t\t\t<div class=\"elementor-widget-container\">\n\t\t\t<div id=\"regio-1798240613\"><div class=\"regio-adlabel\">Werbung<\/div><!-- Beginn https:\/\/www.financeads.net\/-Code --><a href=\"https:\/\/www.financeads.net\/tc.php?t=36648C236142529B\" target=\"_blank\"><img fetchpriority=\"high\" decoding=\"async\" src=\"https:\/\/www.financeads.net\/tb.php?t=36648V236142529B&https=1\" alt=\"\" border=\"0\" width=\"300\" height=\"250\"><\/a><!-- Ende https:\/\/www.financeads.net\/-Code --><\/div>\t\t<\/div>\n\t\t\t\t<\/div>\n\t\t\t\t<div class=\"elementor-element elementor-element-cb0c78c elementor-widget elementor-widget-wp-widget-advads_ad_widget\" data-id=\"cb0c78c\" data-element_type=\"widget\" data-widget_type=\"wp-widget-advads_ad_widget.default\">\n\t\t\t\t<div class=\"elementor-widget-container\">\n\t\t\t<div id=\"regio-2422330868\"><div class=\"regio-adlabel\">Werbung<\/div><!-- Beginn https:\/\/www.financeads.net\/-Code --><a href=\"https:\/\/www.financeads.net\/tc.php?t=36648C42614510B\" target=\"_blank\"><img decoding=\"async\" src=\"https:\/\/www.financeads.net\/tb.php?t=36648V42614510B&https=1\" alt=\"\" border=\"0\" width=\"200\" height=\"300\"><\/a><!-- Ende https:\/\/www.financeads.net\/-Code --><\/div>\t\t<\/div>\n\t\t\t\t<\/div>\n\t\t\t\t<div class=\"elementor-element elementor-element-31c9ced elementor-widget elementor-widget-wp-widget-advads_ad_widget\" data-id=\"31c9ced\" data-element_type=\"widget\" data-widget_type=\"wp-widget-advads_ad_widget.default\">\n\t\t\t\t<div class=\"elementor-widget-container\">\n\t\t\t<div id=\"regio-2680924627\"><div class=\"regio-adlabel\">Werbung<\/div><!-- Beginn https:\/\/www.financeads.net\/-Code --><a href=\"https:\/\/www.financeads.net\/tc.php?t=36648C205040072B\" target=\"_blank\"><img decoding=\"async\" src=\"https:\/\/www.financeads.net\/tb.php?t=36648V205040072B&https=1\" alt=\"\" border=\"0\" width=\"300\" height=\"250\"><\/a><!-- Ende https:\/\/www.financeads.net\/-Code --><\/div>\t\t<\/div>\n\t\t\t\t<\/div>\n\t\t\t\t<div class=\"elementor-element elementor-element-0344b9f elementor-widget elementor-widget-wp-widget-advads_ad_widget\" data-id=\"0344b9f\" data-element_type=\"widget\" data-widget_type=\"wp-widget-advads_ad_widget.default\">\n\t\t\t\t<div class=\"elementor-widget-container\">\n\t\t\t<div id=\"regio-2761875132\"><div class=\"regio-adlabel\">Werbung<\/div><!-- Beginn https:\/\/www.financeads.net\/-Code --><a href=\"https:\/\/www.financeads.net\/tc.php?t=36648C271460142B\" target=\"_blank\"><img loading=\"lazy\" decoding=\"async\" src=\"https:\/\/www.financeads.net\/tb.php?t=36648V271460142B&https=1\" alt=\"PETPROTECT_Hund&Katze_Banner\" border=\"0\" width=\"250\" height=\"250\"><\/a><!-- Ende https:\/\/www.financeads.net\/-Code --><\/div>\t\t<\/div>\n\t\t\t\t<\/div>\n\t\t\t\t\t<\/div>\n\t\t<\/div>\n\t\t\t\t\t<\/div>\n\t\t<\/section>\n\t\t\t\t<\/div>\n\t\t","protected":false},"excerpt":{"rendered":"<div class=\"mh-excerpt\"><p>Schwerer Verkehrsunfall bei Wei\u00dfenburg Wei\u00dfenburg (ots) &#8211; Am Donnerstagnachmittag (23.09.2021) ereignete sich auf der B2 bei Wei\u00dfenburg (Lkrs. Wei\u00dfenburg-Gunzenhausen) ein schwerer Verkehrsunfall. In Folge eines Frontalzusammensto\u00dfes zweier Pkw verstarben drei Personen, zwei weitere wurden schwer <a class=\"mh-excerpt-more\" href=\"https:\/\/www.region-schwabach.de\/wordpress\/drei-tote-und-zwei-schwerverletzte-bei-unfall-auf-der-b2-bei-weissenburg\/\" title=\"Drei Tote und zwei Schwerverletzte bei Unfall auf der B2 bei Wei\u00dfenburg\">[&#8230;]<\/a><\/p>\n<\/div>","protected":false},"author":1,"featured_media":149469,"comment_status":"open","ping_status":"open","sticky":false,"template":"","format":"standard","meta":{"_cbd_carousel_blocks":"[]","footnotes":""},"categories":[15],"tags":[16946,429,541,980,296,16744,555,5751,2345,1856,558,1540,463,981,2103,972,1327,603,276,16964,334,249,4903,7498],"class_list":{"0":"post-149468","1":"post","2":"type-post","3":"status-publish","4":"format-standard","5":"has-post-thumbnail","7":"category-polizeimeldungen","8":"tag-23-09-2021","9":"tag-b2","10":"tag-bundesstrasse-2","11":"tag-dettenheim","12":"tag-feuerwehr","13":"tag-frontal-zusammenstoss","14":"tag-gegenverkehr","15":"tag-gutachter","16":"tag-kollision","17":"tag-krankenhaus","18":"tag-mitsubishi","19":"tag-opel","20":"tag-pkw","21":"tag-polizei","22":"tag-rettungsdienst","23":"tag-rettungshubschrauber","24":"tag-schwer-verletzt","25":"tag-schwerverletzte","26":"tag-sperrung","27":"tag-tote","28":"tag-unfall","29":"tag-weissenburg","30":"tag-zeugen-gesucht","31":"tag-zusammenstoss-2"},"_links":{"self":[{"href":"https:\/\/www.region-schwabach.de\/wordpress\/wp-json\/wp\/v2\/posts\/149468","targetHints":{"allow":["GET"]}}],"collection":[{"href":"https:\/\/www.region-schwabach.de\/wordpress\/wp-json\/wp\/v2\/posts"}],"about":[{"href":"https:\/\/www.region-schwabach.de\/wordpress\/wp-json\/wp\/v2\/types\/post"}],"author":[{"embeddable":true,"href":"https:\/\/www.region-schwabach.de\/wordpress\/wp-json\/wp\/v2\/users\/1"}],"replies":[{"embeddable":true,"href":"https:\/\/www.region-schwabach.de\/wordpress\/wp-json\/wp\/v2\/comments?post=149468"}],"version-history":[{"count":0,"href":"https:\/\/www.region-schwabach.de\/wordpress\/wp-json\/wp\/v2\/posts\/149468\/revisions"}],"wp:featuredmedia":[{"embeddable":true,"href":"https:\/\/www.region-schwabach.de\/wordpress\/wp-json\/wp\/v2\/media\/149469"}],"wp:attachment":[{"href":"https:\/\/www.region-schwabach.de\/wordpress\/wp-json\/wp\/v2\/media?parent=149468"}],"wp:term":[{"taxonomy":"category","embeddable":true,"href":"https:\/\/www.region-schwabach.de\/wordpress\/wp-json\/wp\/v2\/categories?post=149468"},{"taxonomy":"post_tag","embeddable":true,"href":"https:\/\/www.region-schwabach.de\/wordpress\/wp-json\/wp\/v2\/tags?post=149468"}],"curies":[{"name":"wp","href":"https:\/\/api.w.org\/{rel}","templated":true}]}}