{"id":149970,"date":"2021-10-02T02:00:00","date_gmt":"2021-10-02T00:00:00","guid":{"rendered":"https:\/\/www.region-schwabach.de\/wordpress\/?p=149970"},"modified":"2021-10-01T21:58:17","modified_gmt":"2021-10-01T19:58:17","slug":"23-schwabacher-regionalmarkt-am-2-oktober-2021","status":"publish","type":"post","link":"https:\/\/www.region-schwabach.de\/wordpress\/23-schwabacher-regionalmarkt-am-2-oktober-2021\/","title":{"rendered":"23. Schwabacher Regionalmarkt am 2. Oktober 2021"},"content":{"rendered":"\t\t<div data-elementor-type=\"wp-post\" data-elementor-id=\"149970\" class=\"elementor elementor-149970\">\n\t\t\t\t\t\t<section class=\"elementor-section elementor-top-section elementor-element elementor-element-678181b elementor-section-boxed elementor-section-height-default elementor-section-height-default\" data-id=\"678181b\" data-element_type=\"section\">\n\t\t\t\t\t\t<div class=\"elementor-container elementor-column-gap-default\">\n\t\t\t\t\t<div class=\"elementor-column elementor-col-50 elementor-top-column elementor-element elementor-element-6b34026\" data-id=\"6b34026\" data-element_type=\"column\">\n\t\t\t<div class=\"elementor-widget-wrap elementor-element-populated\">\n\t\t\t\t\t\t<div class=\"elementor-element elementor-element-4f584f9 elementor-widget elementor-widget-wp-widget-advads_ad_widget\" data-id=\"4f584f9\" data-element_type=\"widget\" data-widget_type=\"wp-widget-advads_ad_widget.default\">\n\t\t\t\t<div class=\"elementor-widget-container\">\n\t\t\t<div id=\"regio-3985070041\"><div class=\"regio-adlabel\">Werbung<\/div><center><a href=\"https:\/\/a.partner-versicherung.de\/click.php?partner_id=19992&ad_id=1578&deep=kreditkarten\"  target=\"_blank\"><img decoding=\"async\" src=\"https:\/\/a.partner-versicherung.de\/view.php?partner_id=19992&ad_id=1578\" ><\/a><\/center><\/div>\t\t<\/div>\n\t\t\t\t<\/div>\n\t\t\t\t<div class=\"elementor-element elementor-element-443ab98 elementor-widget elementor-widget-text-editor\" data-id=\"443ab98\" data-element_type=\"widget\" data-widget_type=\"text-editor.default\">\n\t\t\t\t<div class=\"elementor-widget-container\">\n\t\t\t\t\t\t\t<h3>Regionale Vermarktung und Informationen f\u00fcr Verbraucher<br \/>23. Schwabacher Regionalmarkt am Samstag, den 2. Oktober 2021\u00a0<\/h3><p><span style=\"font-size: 12pt;\">Schwabach &#8211; Am Samstag, 2. Oktober, ist es wieder soweit: Von 09.00 bis 16.00 Uhr stehen die regionale Vermarktung und Informationen f\u00fcr den Verbraucher zu Themen des Natur- und Umweltschutzes sowie regionale Dienstleistungen an erster Stelle. Mit \u00fcber 60 St\u00e4nden zeigt der Schwabacher Beitrag zum Tag der Regionen auch heuer eindrucksvoll, was die Region zu bieten hat.<\/span><\/p><h3>Klimaschutz durch kurze Wege<\/h3><p><span style=\"font-size: 12pt;\">Die Stadt Schwabach bietet am Regionalmarkt nicht nur Informationen zum Klimaschutz. Regionalprodukte m\u00fcssen nicht hunderte oder gar tausende von Kilometern transportiert werden, sondern werden oft nur wenige Kilometer von Schwabach entfernt in bester Qualit\u00e4t angebaut. \u201eDaher bietet sich den Besuchern am Regionalmarkt die M\u00f6glichkeit, mit ihrem Einkauf einen echten Beitrag zum Klimaschutz zu leisten\u201c, meint Markus Baumeister vom St\u00e4dtischen Umweltschutzamt.<\/span><\/p><h3>Beste Regio-Qualit\u00e4t<\/h3><p><span style=\"font-size: 12pt;\">Immer breiter wird die Palette an regional erzeugten Lebensmitteln, von denen viele in der n\u00e4chsten Umgebung von Schwabach angebaut und weiterverarbeitet werden. \u00c4pfel, Kartoffeln, K\u00fcrbisse: was jetzt im Herbst reift, ist auch am Regionalmarkt zu haben. \u201eAuch das Angebot an Bioprodukten ist in den letzten Jahren immer mehr gewachsen\u201c, erkl\u00e4rt Andreas Barthel vom Landschaftspflegeverband Schwabach. Das Angebot wird erg\u00e4nzt durch verschiedene Kunsthandwerker, die z.B. aus Ton, Holz, Heu oder Weidenruten individuelle und kreative Gegenst\u00e4nde f\u00fcr Haushalt und Dekoration entstehen lassen.\u00a0<\/span><\/p><h3>Einkaufen und Informieren<\/h3><p><span style=\"font-size: 12pt;\">Die Informationsm\u00f6glichkeiten am Schwabacher Regionalmarkt sind vielf\u00e4ltig &#8211; die Aussteller sind offen f\u00fcr Fragen zu Regionalit\u00e4t, Produktions- und Anbaumethoden. Regionale Dienstleister stellen ihre Produkte vor und informieren \u00fcber ihre T\u00e4tigkeiten. Produzenten bieten spezielle Einblicke in die Produktion ihrer Waren. Die Stadt Schwabach bietet Informationen zum Klimaschutz. F\u00fcr die Liebhaber von seltenen Apfel- und Birnensorten besteht wieder die M\u00f6glichkeit, beim Landschaftspflegeverband mitgebrachten Fr\u00fcchte (f\u00fcnf Exemplare einer Sorte notwendig!) aus dem heimischen Garten zur Bestimmung abzugeben und in einer Sortenausstellung die Vielfalt von Streuobst zu bestaunen.<\/span><\/p><h3>\u201eCorona-bedingte Einschr\u00e4nkungen\u201c<\/h3><p><span style=\"font-size: 12pt;\">\u201eCorona-bedingt gibt es noch immer Einschr\u00e4nkungen\u201c, erkl\u00e4ren die Veranstalter. \u201eEine Maskenpflicht am Platz gibt es nicht. Wir empfehlen aber, beim Anstehen an den St\u00e4nden eine Maske zu tragen. Und ganz wichtig ist das Abstand halten (1,5 m).\u201c Ein Unterhaltungsprogramm ist leider noch nicht m\u00f6glich. Gegen\u00fcber dem letzten Jahr wird der Markt wieder etwas gr\u00f6\u00dfer. Einige St\u00e4nde, die im letzten Jahr nicht mitmachen konnten, sind heuer wieder mit dabei. Auch neue Anbieter vom Landesbund f\u00fcr Vogelschutz \u00fcber Kunsthandwerk bis zu regionalen Sojaprodukten sind vertreten.<\/span><\/p><h3>Infos:<\/h3><p><span style=\"font-size: 12pt;\">Ausf\u00fchrliche Programmhinweise sind in einem Faltblatt welches im Internet (siehe unten) als Download zur Verf\u00fcgung steht. Der Regionalmarkt wird unterst\u00fctzt durch die Stadtwerke Schwabach, die GEWOBAU und die Sparkasse Mittelfranken-S\u00fcd.\u00a0<\/span><\/p><h3>Weiterf\u00fchrende Links:\u00a0<\/h3><p><span style=\"font-size: 12pt;\"><a href=\"https:\/\/www.schwabach.de\/images\/referate\/referat_2\/Umweltschutzamt\/Agenda_21\/Regionalmarkt_RegM\/Flyer_Regionalmarkt_2021.pdf\" target=\"_blank\" rel=\"noopener\">Das Faltblatt zum Schwabacher Regionalmarkt gibt es hier als Download &#8230;<\/a><\/span><\/p>\t\t\t\t\t\t<\/div>\n\t\t\t\t<\/div>\n\t\t\t\t<div class=\"elementor-element elementor-element-090d49a elementor-widget elementor-widget-shortcode\" data-id=\"090d49a\" data-element_type=\"widget\" data-widget_type=\"shortcode.default\">\n\t\t\t\t<div class=\"elementor-widget-container\">\n\t\t\t\t\t<div class=\"elementor-shortcode\"><!-- Beginn https:\/\/www.financeads.net\/-Code --><a href=\"https:\/\/www.financeads.net\/tc.php?t=36648C38513858B\" target=\"_blank\"><center><img decoding=\"async\" src=\"https:\/\/www.financeads.net\/tb.php?t=36648V38513858B&https=1\" alt=\"\" border=\"0\" width=\"468\" height=\"60\"><\/a><!-- Ende https:\/\/www.financeads.net\/-Code --><\/div>\n\t\t\t\t<\/div>\n\t\t\t\t<\/div>\n\t\t\t\t<div class=\"elementor-element elementor-element-893041c elementor-widget-divider--view-line elementor-widget elementor-widget-divider\" data-id=\"893041c\" data-element_type=\"widget\" data-widget_type=\"divider.default\">\n\t\t\t\t<div class=\"elementor-widget-container\">\n\t\t\t\t\t<div class=\"elementor-divider\">\n\t\t\t<span class=\"elementor-divider-separator\">\n\t\t\t\t\t\t<\/span>\n\t\t<\/div>\n\t\t\t\t<\/div>\n\t\t\t\t<\/div>\n\t\t\t\t<div class=\"elementor-element elementor-element-35de09e elementor-widget elementor-widget-google_maps\" data-id=\"35de09e\" data-element_type=\"widget\" data-widget_type=\"google_maps.default\">\n\t\t\t\t<div class=\"elementor-widget-container\">\n\t\t\t\t\t<div class=\"elementor-custom-embed\">\n\t\t\t<iframe loading=\"lazy\"\n\t\t\t\t\tsrc=\"https:\/\/maps.google.com\/maps?q=K%C3%B6nigsplatz%201%2C%20Schwabach%2C%20Deutschland&#038;t=m&#038;z=18&#038;output=embed&#038;iwloc=near\"\n\t\t\t\t\ttitle=\"K\u00f6nigsplatz 1, Schwabach, Deutschland\"\n\t\t\t\t\taria-label=\"K\u00f6nigsplatz 1, Schwabach, Deutschland\"\n\t\t\t><\/iframe>\n\t\t<\/div>\n\t\t\t\t<\/div>\n\t\t\t\t<\/div>\n\t\t\t\t\t<\/div>\n\t\t<\/div>\n\t\t\t\t<div class=\"elementor-column elementor-col-50 elementor-top-column elementor-element elementor-element-93e72a0\" data-id=\"93e72a0\" data-element_type=\"column\">\n\t\t\t<div class=\"elementor-widget-wrap elementor-element-populated\">\n\t\t\t\t\t\t<div class=\"elementor-element elementor-element-076d041 elementor-widget elementor-widget-heading\" data-id=\"076d041\" data-element_type=\"widget\" data-widget_type=\"heading.default\">\n\t\t\t\t<div class=\"elementor-widget-container\">\n\t\t\t<h3 class=\"elementor-heading-title elementor-size-default\">Schnell vergleichen und sparen!<\/h3>\t\t<\/div>\n\t\t\t\t<\/div>\n\t\t\t\t<div class=\"elementor-element elementor-element-61c315e elementor-widget elementor-widget-wp-widget-advads_ad_widget\" data-id=\"61c315e\" data-element_type=\"widget\" data-widget_type=\"wp-widget-advads_ad_widget.default\">\n\t\t\t\t<div class=\"elementor-widget-container\">\n\t\t\t<div id=\"regio-1278547736\"><div class=\"regio-adlabel\">Werbung<\/div><!-- Beginn https:\/\/www.financeads.net\/-Code --><a href=\"https:\/\/www.financeads.net\/tc.php?t=36648C236142529B\" target=\"_blank\"><img fetchpriority=\"high\" decoding=\"async\" src=\"https:\/\/www.financeads.net\/tb.php?t=36648V236142529B&https=1\" alt=\"\" border=\"0\" width=\"300\" height=\"250\"><\/a><!-- Ende https:\/\/www.financeads.net\/-Code --><\/div>\t\t<\/div>\n\t\t\t\t<\/div>\n\t\t\t\t<div class=\"elementor-element elementor-element-be0317b elementor-widget elementor-widget-wp-widget-advads_ad_widget\" data-id=\"be0317b\" data-element_type=\"widget\" data-widget_type=\"wp-widget-advads_ad_widget.default\">\n\t\t\t\t<div class=\"elementor-widget-container\">\n\t\t\t<div id=\"regio-3512017747\"><div class=\"regio-adlabel\">Werbung<\/div><!-- Beginn https:\/\/www.financeads.net\/-Code --><a href=\"https:\/\/www.financeads.net\/tc.php?t=36648C42614510B\" target=\"_blank\"><img decoding=\"async\" src=\"https:\/\/www.financeads.net\/tb.php?t=36648V42614510B&https=1\" alt=\"\" border=\"0\" width=\"200\" height=\"300\"><\/a><!-- Ende https:\/\/www.financeads.net\/-Code --><\/div>\t\t<\/div>\n\t\t\t\t<\/div>\n\t\t\t\t<div class=\"elementor-element elementor-element-bb732ec elementor-widget elementor-widget-wp-widget-advads_ad_widget\" data-id=\"bb732ec\" data-element_type=\"widget\" data-widget_type=\"wp-widget-advads_ad_widget.default\">\n\t\t\t\t<div class=\"elementor-widget-container\">\n\t\t\t<div id=\"regio-2364156343\"><div class=\"regio-adlabel\">Werbung<\/div><!-- Beginn https:\/\/www.financeads.net\/-Code --><a href=\"https:\/\/www.financeads.net\/tc.php?t=36648C205040072B\" target=\"_blank\"><img loading=\"lazy\" decoding=\"async\" src=\"https:\/\/www.financeads.net\/tb.php?t=36648V205040072B&https=1\" alt=\"\" border=\"0\" width=\"300\" height=\"250\"><\/a><!-- Ende https:\/\/www.financeads.net\/-Code --><\/div>\t\t<\/div>\n\t\t\t\t<\/div>\n\t\t\t\t<div class=\"elementor-element elementor-element-eedb13d elementor-widget elementor-widget-wp-widget-advads_ad_widget\" data-id=\"eedb13d\" data-element_type=\"widget\" data-widget_type=\"wp-widget-advads_ad_widget.default\">\n\t\t\t\t<div class=\"elementor-widget-container\">\n\t\t\t<div id=\"regio-247509356\"><div class=\"regio-adlabel\">Werbung<\/div><!-- Beginn https:\/\/www.financeads.net\/-Code --><a href=\"https:\/\/www.financeads.net\/tc.php?t=36648C271460142B\" target=\"_blank\"><img loading=\"lazy\" decoding=\"async\" src=\"https:\/\/www.financeads.net\/tb.php?t=36648V271460142B&https=1\" alt=\"PETPROTECT_Hund&Katze_Banner\" border=\"0\" width=\"250\" height=\"250\"><\/a><!-- Ende https:\/\/www.financeads.net\/-Code --><\/div>\t\t<\/div>\n\t\t\t\t<\/div>\n\t\t\t\t\t<\/div>\n\t\t<\/div>\n\t\t\t\t\t<\/div>\n\t\t<\/section>\n\t\t\t\t<section class=\"elementor-section elementor-top-section elementor-element elementor-element-4e41469 elementor-section-boxed elementor-section-height-default elementor-section-height-default\" data-id=\"4e41469\" data-element_type=\"section\">\n\t\t\t\t\t\t<div class=\"elementor-container elementor-column-gap-default\">\n\t\t\t\t\t<div class=\"elementor-column elementor-col-100 elementor-top-column elementor-element elementor-element-6d04eae\" data-id=\"6d04eae\" data-element_type=\"column\">\n\t\t\t<div class=\"elementor-widget-wrap elementor-element-populated\">\n\t\t\t\t\t\t<div class=\"elementor-element elementor-element-d84491c elementor-widget elementor-widget-image\" data-id=\"d84491c\" data-element_type=\"widget\" data-widget_type=\"image.default\">\n\t\t\t\t<div class=\"elementor-widget-container\">\n\t\t\t\t\t\t\t\t\t\t\t\t\t\t<a href=\"http:\/\/www.region-schwabach.de\/wordpress\/wp-content\/uploads\/2018\/09\/Regionalmarkt__0008-e1537386145299.jpg\" data-elementor-open-lightbox=\"yes\" data-elementor-lightbox-title=\"Regionalmarkt__0008\" data-e-action-hash=\"#elementor-action%3Aaction%3Dlightbox%26settings%3DeyJpZCI6NTY4NzUsInVybCI6Imh0dHBzOlwvXC93d3cucmVnaW9uLXNjaHdhYmFjaC5kZVwvd29yZHByZXNzXC93cC1jb250ZW50XC91cGxvYWRzXC8yMDE4XC8wOVwvUmVnaW9uYWxtYXJrdF9fMDAwOC1lMTUzNzM4NjE0NTI5OS5qcGcifQ%3D%3D\">\n\t\t\t\t\t\t\t<img loading=\"lazy\" decoding=\"async\" width=\"960\" height=\"720\" src=\"https:\/\/www.region-schwabach.de\/wordpress\/wp-content\/uploads\/2018\/09\/Regionalmarkt__0008-e1537386145299.jpg\" class=\"attachment-full size-full wp-image-56875\" alt=\"\" \/>\t\t\t\t\t\t\t\t<\/a>\n\t\t\t\t\t\t\t\t\t\t\t\t\t<\/div>\n\t\t\t\t<\/div>\n\t\t\t\t<div class=\"elementor-element elementor-element-6d98f03 elementor-widget elementor-widget-image\" data-id=\"6d98f03\" data-element_type=\"widget\" data-widget_type=\"image.default\">\n\t\t\t\t<div class=\"elementor-widget-container\">\n\t\t\t\t\t\t\t\t\t\t\t\t\t\t<a href=\"http:\/\/www.region-schwabach.de\/wordpress\/wp-content\/uploads\/2018\/09\/PM214_Regionalmarkt_hoch-e1537386252274.jpg\" data-elementor-open-lightbox=\"yes\" data-elementor-lightbox-title=\"PM214_Regionalmarkt_hoch\" data-e-action-hash=\"#elementor-action%3Aaction%3Dlightbox%26settings%3DeyJpZCI6NTY4NzYsInVybCI6Imh0dHBzOlwvXC93d3cucmVnaW9uLXNjaHdhYmFjaC5kZVwvd29yZHByZXNzXC93cC1jb250ZW50XC91cGxvYWRzXC8yMDE4XC8wOVwvUE0yMTRfUmVnaW9uYWxtYXJrdF9ob2NoLWUxNTM3Mzg2MjUyMjc0LmpwZyJ9\">\n\t\t\t\t\t\t\t<img loading=\"lazy\" decoding=\"async\" width=\"960\" height=\"1443\" src=\"https:\/\/www.region-schwabach.de\/wordpress\/wp-content\/uploads\/2018\/09\/PM214_Regionalmarkt_hoch-e1537386252274.jpg\" class=\"attachment-full size-full wp-image-56876\" alt=\"\" \/>\t\t\t\t\t\t\t\t<\/a>\n\t\t\t\t\t\t\t\t\t\t\t\t\t<\/div>\n\t\t\t\t<\/div>\n\t\t\t\t<div class=\"elementor-element elementor-element-c0170be elementor-widget elementor-widget-image\" data-id=\"c0170be\" data-element_type=\"widget\" data-widget_type=\"image.default\">\n\t\t\t\t<div class=\"elementor-widget-container\">\n\t\t\t\t\t\t\t\t\t\t\t\t\t\t<a href=\"http:\/\/www.region-schwabach.de\/wordpress\/wp-content\/uploads\/2018\/09\/PM251_Regionalmarkt-Rathaus-e1537386390442.jpg\" data-elementor-open-lightbox=\"yes\" data-elementor-lightbox-title=\"PM251_Regionalmarkt-Rathaus\" data-e-action-hash=\"#elementor-action%3Aaction%3Dlightbox%26settings%3DeyJpZCI6NTY4NzcsInVybCI6Imh0dHBzOlwvXC93d3cucmVnaW9uLXNjaHdhYmFjaC5kZVwvd29yZHByZXNzXC93cC1jb250ZW50XC91cGxvYWRzXC8yMDE4XC8wOVwvUE0yNTFfUmVnaW9uYWxtYXJrdC1SYXRoYXVzLWUxNTM3Mzg2MzkwNDQyLmpwZyJ9\">\n\t\t\t\t\t\t\t<img loading=\"lazy\" decoding=\"async\" width=\"960\" height=\"643\" src=\"https:\/\/www.region-schwabach.de\/wordpress\/wp-content\/uploads\/2018\/09\/PM251_Regionalmarkt-Rathaus-e1537386390442.jpg\" class=\"attachment-full size-full wp-image-56877\" alt=\"\" \/>\t\t\t\t\t\t\t\t<\/a>\n\t\t\t\t\t\t\t\t\t\t\t\t\t<\/div>\n\t\t\t\t<\/div>\n\t\t\t\t\t<\/div>\n\t\t<\/div>\n\t\t\t\t\t<\/div>\n\t\t<\/section>\n\t\t\t\t<\/div>\n\t\t","protected":false},"excerpt":{"rendered":"<div class=\"mh-excerpt\"><p>Regionale Vermarktung und Informationen f\u00fcr Verbraucher 23. Schwabacher Regionalmarkt am Samstag, den 2. Oktober 2021&nbsp; Schwabach &#8211; Am Samstag, 2. Oktober, ist es wieder soweit: Von 09.00 bis 16.00 Uhr stehen die regionale Vermarktung und <a class=\"mh-excerpt-more\" href=\"https:\/\/www.region-schwabach.de\/wordpress\/23-schwabacher-regionalmarkt-am-2-oktober-2021\/\" title=\"23. Schwabacher Regionalmarkt am 2. Oktober 2021\">[&#8230;]<\/a><\/p>\n<\/div>","protected":false},"author":1,"featured_media":56874,"comment_status":"open","ping_status":"open","sticky":false,"template":"","format":"standard","meta":{"_cbd_carousel_blocks":"[]","footnotes":""},"categories":[16,1,78,287,61,231,46,140],"tags":[17017,17018,3641,522,6018,523,6017,686,3642,19,207],"class_list":{"0":"post-149970","1":"post","2":"type-post","3":"status-publish","4":"format-standard","5":"has-post-thumbnail","7":"category-aktuell","8":"category-allgemein","9":"category-handel-und-wirtschaft","10":"category-jugend-und-familie","11":"category-rathaus","12":"category-veranstaltungsnews","13":"category-verbaende","14":"category-vereine","15":"tag-02-10-2021","16":"tag-2-oktober-2021","17":"tag-buntes-angebot","18":"tag-koenigsplatz","19":"tag-landschaftspflegeverband","20":"tag-martin-luther-platz","21":"tag-regionale-vermarktung","22":"tag-regionalmarkt","23":"tag-samstag","24":"tag-schwabach","25":"tag-umweltschutzamt"},"_links":{"self":[{"href":"https:\/\/www.region-schwabach.de\/wordpress\/wp-json\/wp\/v2\/posts\/149970","targetHints":{"allow":["GET"]}}],"collection":[{"href":"https:\/\/www.region-schwabach.de\/wordpress\/wp-json\/wp\/v2\/posts"}],"about":[{"href":"https:\/\/www.region-schwabach.de\/wordpress\/wp-json\/wp\/v2\/types\/post"}],"author":[{"embeddable":true,"href":"https:\/\/www.region-schwabach.de\/wordpress\/wp-json\/wp\/v2\/users\/1"}],"replies":[{"embeddable":true,"href":"https:\/\/www.region-schwabach.de\/wordpress\/wp-json\/wp\/v2\/comments?post=149970"}],"version-history":[{"count":0,"href":"https:\/\/www.region-schwabach.de\/wordpress\/wp-json\/wp\/v2\/posts\/149970\/revisions"}],"wp:featuredmedia":[{"embeddable":true,"href":"https:\/\/www.region-schwabach.de\/wordpress\/wp-json\/wp\/v2\/media\/56874"}],"wp:attachment":[{"href":"https:\/\/www.region-schwabach.de\/wordpress\/wp-json\/wp\/v2\/media?parent=149970"}],"wp:term":[{"taxonomy":"category","embeddable":true,"href":"https:\/\/www.region-schwabach.de\/wordpress\/wp-json\/wp\/v2\/categories?post=149970"},{"taxonomy":"post_tag","embeddable":true,"href":"https:\/\/www.region-schwabach.de\/wordpress\/wp-json\/wp\/v2\/tags?post=149970"}],"curies":[{"name":"wp","href":"https:\/\/api.w.org\/{rel}","templated":true}]}}