{"id":149979,"date":"2021-10-02T01:45:00","date_gmt":"2021-10-01T23:45:00","guid":{"rendered":"https:\/\/www.region-schwabach.de\/wordpress\/?p=149979"},"modified":"2021-10-01T21:55:06","modified_gmt":"2021-10-01T19:55:06","slug":"fuhrung-zur-langen-nacht-der-demokratie-am-samstag-den-2-oktober-2021","status":"publish","type":"post","link":"https:\/\/www.region-schwabach.de\/wordpress\/fuhrung-zur-langen-nacht-der-demokratie-am-samstag-den-2-oktober-2021\/","title":{"rendered":"F\u00fchrung zur &#8222;Langen Nacht der Demokratie&#8220; am Samstag, den 2. Oktober 2021"},"content":{"rendered":"\t\t<div data-elementor-type=\"wp-post\" data-elementor-id=\"149979\" class=\"elementor elementor-149979\">\n\t\t\t\t\t\t<section class=\"elementor-section elementor-top-section elementor-element elementor-element-678181b elementor-section-boxed elementor-section-height-default elementor-section-height-default\" data-id=\"678181b\" data-element_type=\"section\">\n\t\t\t\t\t\t<div class=\"elementor-container elementor-column-gap-default\">\n\t\t\t\t\t<div class=\"elementor-column elementor-col-50 elementor-top-column elementor-element elementor-element-6b34026\" data-id=\"6b34026\" data-element_type=\"column\">\n\t\t\t<div class=\"elementor-widget-wrap elementor-element-populated\">\n\t\t\t\t\t\t<div class=\"elementor-element elementor-element-36b65ab elementor-widget elementor-widget-wp-widget-advads_ad_widget\" data-id=\"36b65ab\" data-element_type=\"widget\" data-widget_type=\"wp-widget-advads_ad_widget.default\">\n\t\t\t\t<div class=\"elementor-widget-container\">\n\t\t\t<div id=\"regio-755428973\"><div class=\"regio-adlabel\">Werbung<\/div><center><a href=\"https:\/\/a.partner-versicherung.de\/click.php?partner_id=19992&ad_id=1578&deep=kreditkarten\"  target=\"_blank\"><img decoding=\"async\" src=\"https:\/\/a.partner-versicherung.de\/view.php?partner_id=19992&ad_id=1578\" ><\/a><\/center><\/div>\t\t<\/div>\n\t\t\t\t<\/div>\n\t\t\t\t<div class=\"elementor-element elementor-element-443ab98 elementor-widget elementor-widget-text-editor\" data-id=\"443ab98\" data-element_type=\"widget\" data-widget_type=\"text-editor.default\">\n\t\t\t\t<div class=\"elementor-widget-container\">\n\t\t\t\t\t\t\t<h3>Samstag, den 2. Oktober 2021, 15.30 Uhr:<br \/>F\u00fchrung zur \u201eLangen Nacht der Demokratie\u201c\u00a0<\/h3><p><span style=\"font-size: 12pt;\">Schwabach &#8211; Anl\u00e4sslich der am Samstag, den 2. Oktober 2021, stattfindenden \u201eLangen Nacht der Demokratie\u201c, l\u00e4dt die Stadtheimatpflegerin Ursula Kaiser-Biburger an diesem Tag um 15.30 Uhr zu einer F\u00fchrung ein, die an die Anf\u00e4nge demokratischen Handelns in der unmittelbaren Nachkriegszeit erinnern soll. <\/span><\/p><p><span style=\"font-size: 12pt;\">Zwar ist das Grundgesetz erst am 23. Mai 1949 in Kraft getreten und seit dem 3. Oktober 1990 durch die Bezeichnung \u201eVerfassung\u201c ersetzt worden, aber die Basis f\u00fcr demokratische Wahlen und Handeln wurde bereits 1945\/46 gelegt. <\/span><\/p><h3><span style=\"font-size: 14pt;\">Ehemalige und aktuelle Schaupl\u00e4tze<\/span><\/h3><p><span style=\"font-size: 12pt;\">In dem Rundgang werden sowohl ehemalige, als auch aktuelle Schaupl\u00e4tze besucht, in denen der Volkswillen in vergangenen Tagen zum Ausdruck gebracht wurde oder aktuell noch zum Ausdruck gebracht wird. In diesem Zusammenhang wird auch an bedeutsame Repr\u00e4sentanten der demokratischen Anfangsphase erinnert und auch auf die Gr\u00fcndung der heutigen Stadtratsparteien wird selbstverst\u00e4ndlich eingegangen.<\/span><\/p><h3><strong>Besuch der Luitpoldschule<\/strong><\/h3><p><span style=\"font-size: 12pt;\">Auf dem Programm steht auch der Besuch der Luitpoldschule, ein Ort, an dem schon fr\u00fcher die Wahlberechtigten ihre Stimme abgegeben haben. Und bei diesem Besuch bietet sich dann auch gleich die Gelegenheit, sich ein Bild \u00fcber die gelungene Sanierung der Luitpoldschule zu machen.\u00a0<\/span><\/p><h3><strong>Anmeldung<\/strong><\/h3><p><span style=\"font-size: 12pt;\">Anmeldung bitte bis Freitag, den 1. Oktober 2021, 12.00 Uhr, beim Tourismusb\u00fcro. Es gilt die 3G Regel beim Betreten geschlossener R\u00e4ume. Die F\u00fchrung ist kostenfrei.\u00a0<\/span><\/p>\t\t\t\t\t\t<\/div>\n\t\t\t\t<\/div>\n\t\t\t\t<div class=\"elementor-element elementor-element-d33ef97 elementor-widget elementor-widget-shortcode\" data-id=\"d33ef97\" data-element_type=\"widget\" data-widget_type=\"shortcode.default\">\n\t\t\t\t<div class=\"elementor-widget-container\">\n\t\t\t\t\t<div class=\"elementor-shortcode\"><!-- Beginn https:\/\/www.financeads.net\/-Code --><a href=\"https:\/\/www.financeads.net\/tc.php?t=36648C38513858B\" target=\"_blank\"><center><img decoding=\"async\" src=\"https:\/\/www.financeads.net\/tb.php?t=36648V38513858B&https=1\" alt=\"\" border=\"0\" width=\"468\" height=\"60\"><\/a><!-- Ende https:\/\/www.financeads.net\/-Code --><\/div>\n\t\t\t\t<\/div>\n\t\t\t\t<\/div>\n\t\t\t\t<div class=\"elementor-element elementor-element-b95230e elementor-widget-divider--view-line elementor-widget elementor-widget-divider\" data-id=\"b95230e\" data-element_type=\"widget\" data-widget_type=\"divider.default\">\n\t\t\t\t<div class=\"elementor-widget-container\">\n\t\t\t\t\t<div class=\"elementor-divider\">\n\t\t\t<span class=\"elementor-divider-separator\">\n\t\t\t\t\t\t<\/span>\n\t\t<\/div>\n\t\t\t\t<\/div>\n\t\t\t\t<\/div>\n\t\t\t\t<div class=\"elementor-element elementor-element-804b00f elementor-widget elementor-widget-google_maps\" data-id=\"804b00f\" data-element_type=\"widget\" data-widget_type=\"google_maps.default\">\n\t\t\t\t<div class=\"elementor-widget-container\">\n\t\t\t\t\t<div class=\"elementor-custom-embed\">\n\t\t\t<iframe loading=\"lazy\"\n\t\t\t\t\tsrc=\"https:\/\/maps.google.com\/maps?q=K%C3%B6nigsplatz%201%2C%20Schwabach%2C%20Deutschland&#038;t=m&#038;z=17&#038;output=embed&#038;iwloc=near\"\n\t\t\t\t\ttitle=\"K\u00f6nigsplatz 1, Schwabach, Deutschland\"\n\t\t\t\t\taria-label=\"K\u00f6nigsplatz 1, Schwabach, Deutschland\"\n\t\t\t><\/iframe>\n\t\t<\/div>\n\t\t\t\t<\/div>\n\t\t\t\t<\/div>\n\t\t\t\t\t<\/div>\n\t\t<\/div>\n\t\t\t\t<div class=\"elementor-column elementor-col-50 elementor-top-column elementor-element elementor-element-39a7376\" data-id=\"39a7376\" data-element_type=\"column\">\n\t\t\t<div class=\"elementor-widget-wrap elementor-element-populated\">\n\t\t\t\t\t\t<div class=\"elementor-element elementor-element-b93e121 elementor-widget elementor-widget-heading\" data-id=\"b93e121\" data-element_type=\"widget\" data-widget_type=\"heading.default\">\n\t\t\t\t<div class=\"elementor-widget-container\">\n\t\t\t<h3 class=\"elementor-heading-title elementor-size-default\">Schnell vergleichen und sparen!<\/h3>\t\t<\/div>\n\t\t\t\t<\/div>\n\t\t\t\t<div class=\"elementor-element elementor-element-faa174f elementor-widget elementor-widget-wp-widget-advads_ad_widget\" data-id=\"faa174f\" data-element_type=\"widget\" data-widget_type=\"wp-widget-advads_ad_widget.default\">\n\t\t\t\t<div class=\"elementor-widget-container\">\n\t\t\t<div id=\"regio-3664243147\"><div class=\"regio-adlabel\">Werbung<\/div><!-- Beginn https:\/\/www.financeads.net\/-Code --><a href=\"https:\/\/www.financeads.net\/tc.php?t=36648C236142529B\" target=\"_blank\"><img fetchpriority=\"high\" decoding=\"async\" src=\"https:\/\/www.financeads.net\/tb.php?t=36648V236142529B&https=1\" alt=\"\" border=\"0\" width=\"300\" height=\"250\"><\/a><!-- Ende https:\/\/www.financeads.net\/-Code --><\/div>\t\t<\/div>\n\t\t\t\t<\/div>\n\t\t\t\t<div class=\"elementor-element elementor-element-ae83f7d elementor-widget elementor-widget-wp-widget-advads_ad_widget\" data-id=\"ae83f7d\" data-element_type=\"widget\" data-widget_type=\"wp-widget-advads_ad_widget.default\">\n\t\t\t\t<div class=\"elementor-widget-container\">\n\t\t\t<div id=\"regio-978417934\"><div class=\"regio-adlabel\">Werbung<\/div><!-- Beginn https:\/\/www.financeads.net\/-Code --><a href=\"https:\/\/www.financeads.net\/tc.php?t=36648C42614510B\" target=\"_blank\"><img decoding=\"async\" src=\"https:\/\/www.financeads.net\/tb.php?t=36648V42614510B&https=1\" alt=\"\" border=\"0\" width=\"200\" height=\"300\"><\/a><!-- Ende https:\/\/www.financeads.net\/-Code --><\/div>\t\t<\/div>\n\t\t\t\t<\/div>\n\t\t\t\t<div class=\"elementor-element elementor-element-254f398 elementor-widget elementor-widget-wp-widget-advads_ad_widget\" data-id=\"254f398\" data-element_type=\"widget\" data-widget_type=\"wp-widget-advads_ad_widget.default\">\n\t\t\t\t<div class=\"elementor-widget-container\">\n\t\t\t<div id=\"regio-3922590187\"><div class=\"regio-adlabel\">Werbung<\/div><!-- Beginn https:\/\/www.financeads.net\/-Code --><a href=\"https:\/\/www.financeads.net\/tc.php?t=36648C205040072B\" target=\"_blank\"><img loading=\"lazy\" decoding=\"async\" src=\"https:\/\/www.financeads.net\/tb.php?t=36648V205040072B&https=1\" alt=\"\" border=\"0\" width=\"300\" height=\"250\"><\/a><!-- Ende https:\/\/www.financeads.net\/-Code --><\/div>\t\t<\/div>\n\t\t\t\t<\/div>\n\t\t\t\t<div class=\"elementor-element elementor-element-83bff5c elementor-widget elementor-widget-wp-widget-advads_ad_widget\" data-id=\"83bff5c\" data-element_type=\"widget\" data-widget_type=\"wp-widget-advads_ad_widget.default\">\n\t\t\t\t<div class=\"elementor-widget-container\">\n\t\t\t<div id=\"regio-4245178169\"><div class=\"regio-adlabel\">Werbung<\/div><!-- Beginn https:\/\/www.financeads.net\/-Code --><a href=\"https:\/\/www.financeads.net\/tc.php?t=36648C271460142B\" target=\"_blank\"><img loading=\"lazy\" decoding=\"async\" src=\"https:\/\/www.financeads.net\/tb.php?t=36648V271460142B&https=1\" alt=\"PETPROTECT_Hund&Katze_Banner\" border=\"0\" width=\"250\" height=\"250\"><\/a><!-- Ende https:\/\/www.financeads.net\/-Code --><\/div>\t\t<\/div>\n\t\t\t\t<\/div>\n\t\t\t\t\t<\/div>\n\t\t<\/div>\n\t\t\t\t\t<\/div>\n\t\t<\/section>\n\t\t\t\t<\/div>\n\t\t","protected":false},"excerpt":{"rendered":"<div class=\"mh-excerpt\"><p>Samstag, den 2. Oktober 2021, 15.30 Uhr: F\u00fchrung zur \u201eLangen Nacht der Demokratie\u201c&nbsp; Schwabach &#8211; Anl\u00e4sslich der am Samstag, den 2. Oktober 2021, stattfindenden \u201eLangen Nacht der Demokratie\u201c, l\u00e4dt die Stadtheimatpflegerin Ursula Kaiser-Biburger an diesem <a class=\"mh-excerpt-more\" href=\"https:\/\/www.region-schwabach.de\/wordpress\/fuhrung-zur-langen-nacht-der-demokratie-am-samstag-den-2-oktober-2021\/\" title=\"F\u00fchrung zur &#8222;Langen Nacht der Demokratie&#8220; am Samstag, den 2. Oktober 2021\">[&#8230;]<\/a><\/p>\n<\/div>","protected":false},"author":1,"featured_media":149989,"comment_status":"open","ping_status":"open","sticky":false,"template":"","format":"standard","meta":{"_cbd_carousel_blocks":"[]","footnotes":""},"categories":[16,287,61,231],"tags":[17021,17017,17018,53,1480,3645,19,6021,1933,6019,6297,6022,6020],"class_list":{"0":"post-149979","1":"post","2":"type-post","3":"status-publish","4":"format-standard","5":"has-post-thumbnail","7":"category-aktuell","8":"category-jugend-und-familie","9":"category-rathaus","10":"category-veranstaltungsnews","11":"tag-lange-nacht-der-demokratie","12":"tag-02-10-2021","13":"tag-2-oktober-2021","14":"tag-fuehrung","15":"tag-rathaus","16":"tag-rundgang","17":"tag-schwabach","18":"tag-stadtheimatpflegerin","19":"tag-stadtmauer","20":"tag-stadtmauerfuehrung","21":"tag-tourismus-buero","22":"tag-ursula-kaiser-biburger","23":"tag-vor-dem-rathaus"},"_links":{"self":[{"href":"https:\/\/www.region-schwabach.de\/wordpress\/wp-json\/wp\/v2\/posts\/149979","targetHints":{"allow":["GET"]}}],"collection":[{"href":"https:\/\/www.region-schwabach.de\/wordpress\/wp-json\/wp\/v2\/posts"}],"about":[{"href":"https:\/\/www.region-schwabach.de\/wordpress\/wp-json\/wp\/v2\/types\/post"}],"author":[{"embeddable":true,"href":"https:\/\/www.region-schwabach.de\/wordpress\/wp-json\/wp\/v2\/users\/1"}],"replies":[{"embeddable":true,"href":"https:\/\/www.region-schwabach.de\/wordpress\/wp-json\/wp\/v2\/comments?post=149979"}],"version-history":[{"count":0,"href":"https:\/\/www.region-schwabach.de\/wordpress\/wp-json\/wp\/v2\/posts\/149979\/revisions"}],"wp:featuredmedia":[{"embeddable":true,"href":"https:\/\/www.region-schwabach.de\/wordpress\/wp-json\/wp\/v2\/media\/149989"}],"wp:attachment":[{"href":"https:\/\/www.region-schwabach.de\/wordpress\/wp-json\/wp\/v2\/media?parent=149979"}],"wp:term":[{"taxonomy":"category","embeddable":true,"href":"https:\/\/www.region-schwabach.de\/wordpress\/wp-json\/wp\/v2\/categories?post=149979"},{"taxonomy":"post_tag","embeddable":true,"href":"https:\/\/www.region-schwabach.de\/wordpress\/wp-json\/wp\/v2\/tags?post=149979"}],"curies":[{"name":"wp","href":"https:\/\/api.w.org\/{rel}","templated":true}]}}