{"id":150108,"date":"2021-10-03T02:00:00","date_gmt":"2021-10-03T00:00:00","guid":{"rendered":"https:\/\/www.region-schwabach.de\/wordpress\/?p=150108"},"modified":"2021-10-02T22:36:33","modified_gmt":"2021-10-02T20:36:33","slug":"der-wilde-markgraf-stadtfuhrung-am-sonntag-den-3-oktober-2021","status":"publish","type":"post","link":"https:\/\/www.region-schwabach.de\/wordpress\/der-wilde-markgraf-stadtfuhrung-am-sonntag-den-3-oktober-2021\/","title":{"rendered":"\u201eDer Wilde Markgraf\u201c: Stadtf\u00fchrung am Sonntag, den 3. Oktober 2021"},"content":{"rendered":"\t\t<div data-elementor-type=\"wp-post\" data-elementor-id=\"150108\" class=\"elementor elementor-150108\">\n\t\t\t\t\t\t<section class=\"elementor-section elementor-top-section elementor-element elementor-element-678181b elementor-section-boxed elementor-section-height-default elementor-section-height-default\" data-id=\"678181b\" data-element_type=\"section\">\n\t\t\t\t\t\t<div class=\"elementor-container elementor-column-gap-default\">\n\t\t\t\t\t<div class=\"elementor-column elementor-col-50 elementor-top-column elementor-element elementor-element-6b34026\" data-id=\"6b34026\" data-element_type=\"column\">\n\t\t\t<div class=\"elementor-widget-wrap elementor-element-populated\">\n\t\t\t\t\t\t<div class=\"elementor-element elementor-element-abf422e elementor-widget elementor-widget-wp-widget-advads_ad_widget\" data-id=\"abf422e\" data-element_type=\"widget\" data-widget_type=\"wp-widget-advads_ad_widget.default\">\n\t\t\t\t<div class=\"elementor-widget-container\">\n\t\t\t<div id=\"regio-4112094792\"><div class=\"regio-adlabel\">Werbung<\/div><center><a href=\"https:\/\/a.partner-versicherung.de\/click.php?partner_id=19992&ad_id=1578&deep=kreditkarten\"  target=\"_blank\"><img decoding=\"async\" src=\"https:\/\/a.partner-versicherung.de\/view.php?partner_id=19992&ad_id=1578\" ><\/a><\/center><\/div>\t\t<\/div>\n\t\t\t\t<\/div>\n\t\t\t\t<div class=\"elementor-element elementor-element-443ab98 elementor-widget elementor-widget-text-editor\" data-id=\"443ab98\" data-element_type=\"widget\" data-widget_type=\"text-editor.default\">\n\t\t\t\t<div class=\"elementor-widget-container\">\n\t\t\t\t\t\t\t<h3>Sonntag, 3. Oktober 2021, 14.00 Uhr:<br \/>\u201eDer Wilde Markgraf\u201c: Stadtf\u00fchrung im Rokoko-Kost\u00fcm<\/h3><p><span style=\"font-size: 12pt;\">Schwabach &#8211; \u201eDer Wilde Markgraf und seine Verwandten\u201c lautet das Thema der offenen Stadtf\u00fchrung am Sonntag, den 3. Oktober 2021, um 14.00 Uhr (Treffpunkt Rathaus).\u00a0<\/span><\/p><p><span style=\"font-size: 12pt;\">Stadtrundgangsleiter G\u00fcnter Lukas erz\u00e4hlt im Rokoko-Kost\u00fcm \u00fcber\u00a0Schwabach und die Markgrafen von Brandenburg-Ansbach im 18. Jahrhundert,\u00a0wobei sein Kost\u00fcm nicht nur Staffage darstellt, sondern Glanz und Elend dieser\u00a0Zeit veranschaulicht: Die pr\u00e4chtige Inszenierung der Macht durch Schmuck\u00a0und teure Stoffe steht in krassem Gegensatz zu dem Versuch, durch den\u00a0Spitzenbesatz der Hemden und die Per\u00fccke die Spuren der Syphilis zu\u00a0kaschieren, die damals in weiten Kreisen des Adels grassierte.<\/span><\/p><h3>Amour\u00f6se Vorlieben des Wilden Markgrafen<\/h3><p><span style=\"font-size: 12pt;\">Die amour\u00f6sen Vorlieben des Wilden Markgrafen Carl Wilhelm Friedrich, der\u00a0seinen wenig schmeichelhaften Beinamen erst Ende des 19. Jahrhunderts\u00a0erhielt, unterschieden ihn von seinen Standesgenossen und auch von seinem\u00a0Sohn: Dieser brachte seine M\u00e4tressen aus Frankreich oder England mit, Carl\u00a0Wilhelm Friedrich f\u00fchrte mit einer jungen Frau aus dem Volk eine fast\u00a0b\u00fcrgerliche Neben-Ehe.<\/span><\/p><h3>F\u00fcrstenherberge und\u00a0Goldener Stern<\/h3><p><span style=\"font-size: 12pt;\">Wenn er nach Schwabach kam, \u00fcbernachtete er in der\u00a0F\u00fcrstenherberge und seine Nebenfrau im Goldenen Stern, w\u00e4hrend seine\u00a0rechtm\u00e4\u00dfige Gemahlin, immerhin eine veritable K\u00f6nigstochter aus Preu\u00dfen,\u00a0einsam in ihrem Schloss in Unterschwaningen sa\u00df.<\/span><\/p><h3>Zucht- und Arbeitshaus<\/h3><p><span style=\"font-size: 12pt;\">Zu seiner Zeit wurde auch das ehemalige Zucht- und Arbeitshaus \u2013 sp\u00e4ter\u00a0Deutsches Gymnasium und gerade frisch renoviert \u2013 beim ehemaligen\u00a0Z\u00f6llnertor erbaut, das an die Massenarmut und das Bettelwesen dieser Epoche\u00a0erinnert. Dass ehemalige Insassen dieser Anstalt als Soldaten im\u00a0amerikanischen Unabh\u00e4ngigkeitskrieg mitgek\u00e4mpft haben, weil sie Markgraf\u00a0Alexander, der Sohn des \u201eWilden Markgrafen\u201c, an die Engl\u00e4nder vermietet\u00a0hatte, ist einer der dunklen Flecken in der markgr\u00e4flichen Geschichte, deren\u00a0Spuren der Stadtrundgangsleiter im Rokoko-Kost\u00fcm nachzuzeichnen versucht.<\/span><\/p><p><strong><span style=\"font-size: 12pt;\">Aufgrund der aktuellen Corona-Situation wird gebeten, sich zum Stadtrundgang telefonisch unter Tel. 09122 860-241 bis freitagmittags, 12.00 Uhr, verbindlich anzumelden.<\/span><\/strong><br \/><br \/><strong><span style=\"font-size: 12pt;\">Bitte bringen Sie eine medizinische Maske mit, die in geschlossenen R\u00e4umen bzw. wenn der Mindestabstand von 1,5 m zwischen Personen nicht eingehalten werden kann, zu tragen ist.<\/span><\/strong><\/p><h3>Infos<\/h3><p><span style=\"font-size: 12pt;\">Treffpunkt: Vor dem Rathaus<\/span><br \/><span style=\"font-size: 12pt;\">Kosten: Erwachsene 5 Euro, Jugendliche ab 12 Jahren 3 Euro<\/span><\/p><p><span style=\"font-size: 12pt;\"><strong>Foto:<\/strong> Stadtf\u00fchrer G\u00fcnter Lukas<\/span><\/p><h3>Weiterf\u00fchrende Links:<\/h3><p><a href=\"https:\/\/www.schwabach.de\/de\/schwabach-erleben\/tourismus\/en\/5726-angebote-fuer-einzelreisende-2.html\" target=\"_blank\" rel=\"noopener\">Zu den F\u00fchrungen f\u00fcr Einzelpersonen geht es hier &#8230;<\/a><\/p><p><a href=\"https:\/\/www.schwabach.de\/de\/schwabach-erleben\/tourismus\/en\/6077-angebote-fuer-gruppen-2.html\" target=\"_blank\" rel=\"noopener\">Infos zu F\u00fchrungen f\u00fcr Gruppen gibt&#8217;s hier &#8230;<\/a><\/p>\t\t\t\t\t\t<\/div>\n\t\t\t\t<\/div>\n\t\t\t\t<div class=\"elementor-element elementor-element-6fecc8e elementor-widget elementor-widget-shortcode\" data-id=\"6fecc8e\" data-element_type=\"widget\" data-widget_type=\"shortcode.default\">\n\t\t\t\t<div class=\"elementor-widget-container\">\n\t\t\t\t\t<div class=\"elementor-shortcode\"><!-- Beginn https:\/\/www.financeads.net\/-Code --><a href=\"https:\/\/www.financeads.net\/tc.php?t=36648C38513858B\" target=\"_blank\"><center><img decoding=\"async\" src=\"https:\/\/www.financeads.net\/tb.php?t=36648V38513858B&https=1\" alt=\"\" border=\"0\" width=\"468\" height=\"60\"><\/a><!-- Ende https:\/\/www.financeads.net\/-Code --><\/div>\n\t\t\t\t<\/div>\n\t\t\t\t<\/div>\n\t\t\t\t<div class=\"elementor-element elementor-element-b95230e elementor-widget-divider--view-line elementor-widget elementor-widget-divider\" data-id=\"b95230e\" data-element_type=\"widget\" data-widget_type=\"divider.default\">\n\t\t\t\t<div class=\"elementor-widget-container\">\n\t\t\t\t\t<div class=\"elementor-divider\">\n\t\t\t<span class=\"elementor-divider-separator\">\n\t\t\t\t\t\t<\/span>\n\t\t<\/div>\n\t\t\t\t<\/div>\n\t\t\t\t<\/div>\n\t\t\t\t<div class=\"elementor-element elementor-element-804b00f elementor-widget elementor-widget-google_maps\" data-id=\"804b00f\" data-element_type=\"widget\" data-widget_type=\"google_maps.default\">\n\t\t\t\t<div class=\"elementor-widget-container\">\n\t\t\t\t\t<div class=\"elementor-custom-embed\">\n\t\t\t<iframe loading=\"lazy\"\n\t\t\t\t\tsrc=\"https:\/\/maps.google.com\/maps?q=K%C3%B6nigsplatz%201%2C%20Schwabach%2C%20Deutschland&#038;t=m&#038;z=17&#038;output=embed&#038;iwloc=near\"\n\t\t\t\t\ttitle=\"K\u00f6nigsplatz 1, Schwabach, Deutschland\"\n\t\t\t\t\taria-label=\"K\u00f6nigsplatz 1, Schwabach, Deutschland\"\n\t\t\t><\/iframe>\n\t\t<\/div>\n\t\t\t\t<\/div>\n\t\t\t\t<\/div>\n\t\t\t\t\t<\/div>\n\t\t<\/div>\n\t\t\t\t<div class=\"elementor-column elementor-col-50 elementor-top-column elementor-element elementor-element-11095d3\" data-id=\"11095d3\" data-element_type=\"column\">\n\t\t\t<div class=\"elementor-widget-wrap elementor-element-populated\">\n\t\t\t\t\t\t<div class=\"elementor-element elementor-element-275dec7 elementor-widget elementor-widget-heading\" data-id=\"275dec7\" data-element_type=\"widget\" data-widget_type=\"heading.default\">\n\t\t\t\t<div class=\"elementor-widget-container\">\n\t\t\t<h3 class=\"elementor-heading-title elementor-size-default\">Schnell vergleichen und sparen!<\/h3>\t\t<\/div>\n\t\t\t\t<\/div>\n\t\t\t\t<div class=\"elementor-element elementor-element-c2c795e elementor-widget elementor-widget-wp-widget-advads_ad_widget\" data-id=\"c2c795e\" data-element_type=\"widget\" data-widget_type=\"wp-widget-advads_ad_widget.default\">\n\t\t\t\t<div class=\"elementor-widget-container\">\n\t\t\t<div id=\"regio-2209412546\"><div class=\"regio-adlabel\">Werbung<\/div><!-- Beginn https:\/\/www.financeads.net\/-Code --><a href=\"https:\/\/www.financeads.net\/tc.php?t=36648C236142529B\" target=\"_blank\"><img fetchpriority=\"high\" decoding=\"async\" src=\"https:\/\/www.financeads.net\/tb.php?t=36648V236142529B&https=1\" alt=\"\" border=\"0\" width=\"300\" height=\"250\"><\/a><!-- Ende https:\/\/www.financeads.net\/-Code --><\/div>\t\t<\/div>\n\t\t\t\t<\/div>\n\t\t\t\t<div class=\"elementor-element elementor-element-7b5f093 elementor-widget elementor-widget-wp-widget-advads_ad_widget\" data-id=\"7b5f093\" data-element_type=\"widget\" data-widget_type=\"wp-widget-advads_ad_widget.default\">\n\t\t\t\t<div class=\"elementor-widget-container\">\n\t\t\t<div id=\"regio-3113344392\"><div class=\"regio-adlabel\">Werbung<\/div><!-- Beginn https:\/\/www.financeads.net\/-Code --><a href=\"https:\/\/www.financeads.net\/tc.php?t=36648C42614510B\" target=\"_blank\"><img decoding=\"async\" src=\"https:\/\/www.financeads.net\/tb.php?t=36648V42614510B&https=1\" alt=\"\" border=\"0\" width=\"200\" height=\"300\"><\/a><!-- Ende https:\/\/www.financeads.net\/-Code --><\/div>\t\t<\/div>\n\t\t\t\t<\/div>\n\t\t\t\t<div class=\"elementor-element elementor-element-b2dedd3 elementor-widget elementor-widget-wp-widget-advads_ad_widget\" data-id=\"b2dedd3\" data-element_type=\"widget\" data-widget_type=\"wp-widget-advads_ad_widget.default\">\n\t\t\t\t<div class=\"elementor-widget-container\">\n\t\t\t<div id=\"regio-3830959230\"><div class=\"regio-adlabel\">Werbung<\/div><!-- Beginn https:\/\/www.financeads.net\/-Code --><a href=\"https:\/\/www.financeads.net\/tc.php?t=36648C205040072B\" target=\"_blank\"><img loading=\"lazy\" decoding=\"async\" src=\"https:\/\/www.financeads.net\/tb.php?t=36648V205040072B&https=1\" alt=\"\" border=\"0\" width=\"300\" height=\"250\"><\/a><!-- Ende https:\/\/www.financeads.net\/-Code --><\/div>\t\t<\/div>\n\t\t\t\t<\/div>\n\t\t\t\t<div class=\"elementor-element elementor-element-6bba45e elementor-widget elementor-widget-wp-widget-advads_ad_widget\" data-id=\"6bba45e\" data-element_type=\"widget\" data-widget_type=\"wp-widget-advads_ad_widget.default\">\n\t\t\t\t<div class=\"elementor-widget-container\">\n\t\t\t<div id=\"regio-1503024278\"><div class=\"regio-adlabel\">Werbung<\/div><!-- Beginn https:\/\/www.financeads.net\/-Code --><a href=\"https:\/\/www.financeads.net\/tc.php?t=36648C271460142B\" target=\"_blank\"><img loading=\"lazy\" decoding=\"async\" src=\"https:\/\/www.financeads.net\/tb.php?t=36648V271460142B&https=1\" alt=\"PETPROTECT_Hund&Katze_Banner\" border=\"0\" width=\"250\" height=\"250\"><\/a><!-- Ende https:\/\/www.financeads.net\/-Code --><\/div>\t\t<\/div>\n\t\t\t\t<\/div>\n\t\t\t\t\t<\/div>\n\t\t<\/div>\n\t\t\t\t\t<\/div>\n\t\t<\/section>\n\t\t\t\t<\/div>\n\t\t","protected":false},"excerpt":{"rendered":"<div class=\"mh-excerpt\"><p>Sonntag, 3. Oktober 2021, 14.00 Uhr:\u201eDer Wilde Markgraf\u201c: Stadtf\u00fchrung im Rokoko-Kost\u00fcm Schwabach &#8211; \u201eDer Wilde Markgraf und seine Verwandten\u201c lautet das Thema der offenen Stadtf\u00fchrung am Sonntag, den 3. Oktober 2021, um 14.00 Uhr (Treffpunkt <a class=\"mh-excerpt-more\" href=\"https:\/\/www.region-schwabach.de\/wordpress\/der-wilde-markgraf-stadtfuhrung-am-sonntag-den-3-oktober-2021\/\" title=\"\u201eDer Wilde Markgraf\u201c: Stadtf\u00fchrung am Sonntag, den 3. Oktober 2021\">[&#8230;]<\/a><\/p>\n<\/div>","protected":false},"author":1,"featured_media":58448,"comment_status":"open","ping_status":"open","sticky":false,"template":"","format":"standard","meta":{"_cbd_carousel_blocks":"[]","footnotes":""},"categories":[16,1,287,61,231],"tags":[6184,16999,17000,53,6188,1480,6186,3645,19,6185,6187,6020],"class_list":{"0":"post-150108","1":"post","2":"type-post","3":"status-publish","4":"format-standard","5":"has-post-thumbnail","7":"category-aktuell","8":"category-allgemein","9":"category-jugend-und-familie","10":"category-rathaus","11":"category-veranstaltungsnews","12":"tag-der-wilde-markgraf","13":"tag-03-10-2021","14":"tag-3-oktober-2021","15":"tag-fuehrung","16":"tag-guenter-lukas","17":"tag-rathaus","18":"tag-rokoko-kostuem","19":"tag-rundgang","20":"tag-schwabach","21":"tag-stadtfuehrung","22":"tag-stadtrundgangsleiter","23":"tag-vor-dem-rathaus"},"_links":{"self":[{"href":"https:\/\/www.region-schwabach.de\/wordpress\/wp-json\/wp\/v2\/posts\/150108","targetHints":{"allow":["GET"]}}],"collection":[{"href":"https:\/\/www.region-schwabach.de\/wordpress\/wp-json\/wp\/v2\/posts"}],"about":[{"href":"https:\/\/www.region-schwabach.de\/wordpress\/wp-json\/wp\/v2\/types\/post"}],"author":[{"embeddable":true,"href":"https:\/\/www.region-schwabach.de\/wordpress\/wp-json\/wp\/v2\/users\/1"}],"replies":[{"embeddable":true,"href":"https:\/\/www.region-schwabach.de\/wordpress\/wp-json\/wp\/v2\/comments?post=150108"}],"version-history":[{"count":0,"href":"https:\/\/www.region-schwabach.de\/wordpress\/wp-json\/wp\/v2\/posts\/150108\/revisions"}],"wp:featuredmedia":[{"embeddable":true,"href":"https:\/\/www.region-schwabach.de\/wordpress\/wp-json\/wp\/v2\/media\/58448"}],"wp:attachment":[{"href":"https:\/\/www.region-schwabach.de\/wordpress\/wp-json\/wp\/v2\/media?parent=150108"}],"wp:term":[{"taxonomy":"category","embeddable":true,"href":"https:\/\/www.region-schwabach.de\/wordpress\/wp-json\/wp\/v2\/categories?post=150108"},{"taxonomy":"post_tag","embeddable":true,"href":"https:\/\/www.region-schwabach.de\/wordpress\/wp-json\/wp\/v2\/tags?post=150108"}],"curies":[{"name":"wp","href":"https:\/\/api.w.org\/{rel}","templated":true}]}}