{"id":150173,"date":"2021-10-03T02:15:00","date_gmt":"2021-10-03T00:15:00","guid":{"rendered":"https:\/\/www.region-schwabach.de\/wordpress\/?p=150173"},"modified":"2021-10-02T22:40:21","modified_gmt":"2021-10-02T20:40:21","slug":"strassensperrungen-wegen-des-radrennens-rund-um-den-schwabacher-stadtpark-2","status":"publish","type":"post","link":"https:\/\/www.region-schwabach.de\/wordpress\/strassensperrungen-wegen-des-radrennens-rund-um-den-schwabacher-stadtpark-2\/","title":{"rendered":"Stra\u00dfensperrungen wegen des Radrennens \u201eRund um den Schwabacher Stadtpark\u201c"},"content":{"rendered":"\t\t<div data-elementor-type=\"wp-post\" data-elementor-id=\"150173\" class=\"elementor elementor-150173\">\n\t\t\t\t\t\t<section class=\"elementor-section elementor-top-section elementor-element elementor-element-678181b elementor-section-boxed elementor-section-height-default elementor-section-height-default\" data-id=\"678181b\" data-element_type=\"section\">\n\t\t\t\t\t\t<div class=\"elementor-container elementor-column-gap-default\">\n\t\t\t\t\t<div class=\"elementor-column elementor-col-50 elementor-top-column elementor-element elementor-element-6b34026\" data-id=\"6b34026\" data-element_type=\"column\">\n\t\t\t<div class=\"elementor-widget-wrap elementor-element-populated\">\n\t\t\t\t\t\t<div class=\"elementor-element elementor-element-e347b87 elementor-widget elementor-widget-wp-widget-advads_ad_widget\" data-id=\"e347b87\" data-element_type=\"widget\" data-widget_type=\"wp-widget-advads_ad_widget.default\">\n\t\t\t\t<div class=\"elementor-widget-container\">\n\t\t\t<div id=\"regio-2703853998\"><div class=\"regio-adlabel\">Werbung<\/div><center><a href=\"https:\/\/a.partner-versicherung.de\/click.php?partner_id=19992&ad_id=1578&deep=kreditkarten\"  target=\"_blank\"><img decoding=\"async\" src=\"https:\/\/a.partner-versicherung.de\/view.php?partner_id=19992&ad_id=1578\" ><\/a><\/center><\/div>\t\t<\/div>\n\t\t\t\t<\/div>\n\t\t\t\t<div class=\"elementor-element elementor-element-443ab98 elementor-widget elementor-widget-text-editor\" data-id=\"443ab98\" data-element_type=\"widget\" data-widget_type=\"text-editor.default\">\n\t\t\t\t<div class=\"elementor-widget-container\">\n\t\t\t\t\t\t\t<div class=\"fieldsattachment after_article\"><h3 class=\"idgroup_7 group_container\">Radrennen \u201eRund um den Schwabacher Stadtpark\u201c<br \/>Stra\u00dfensperrungen rund ums Parkbad am Sonntag, 3.<br \/>Oktober 2021<\/h3><p class=\"idgroup_7 group_container\"><span style=\"font-size: 12pt;\">Schwabach &#8211; Wegen des Radrennens \u201eRund um den Schwabacher Stadtpark\u201c sind am Sonntag, den 3. Oktober 2021, die Angerstra\u00dfe, Lindenstra\u00dfe, Birkenstra\u00dfe und die Walpersdorfer Stra\u00dfe von 6 Uhr bis ca. 21 Uhr f\u00fcr den Verkehr gesperrt.<br \/><\/span><\/p><p class=\"idgroup_7 group_container\"><span style=\"font-size: 12pt;\">Anwohnerinnen und Anwohner werden gebeten, sollten Sie das Auto am Sonntag ben\u00f6tigen, es bereits sp\u00e4testens am Samstagabend auf dem BayWa-Parkplatz an der Eilgutstra\u00dfe abzustellen. Veranstalter des Radrennens ist der RC Herpersdorf.<br \/><\/span><\/p><p class=\"idgroup_7 group_container\"><span style=\"font-size: 12pt;\"><strong>Abbildung:<\/strong> Die Stra\u00dfen rund um den Stadtpark sind gesperrt, die Zufahrtsstra\u00dfen als Sackgassen gekennzeichnet.<\/span><\/p><\/div>\t\t\t\t\t\t<\/div>\n\t\t\t\t<\/div>\n\t\t\t\t<div class=\"elementor-element elementor-element-d8bf5ac elementor-widget elementor-widget-image\" data-id=\"d8bf5ac\" data-element_type=\"widget\" data-widget_type=\"image.default\">\n\t\t\t\t<div class=\"elementor-widget-container\">\n\t\t\t\t\t\t\t\t\t\t\t\t\t<img fetchpriority=\"high\" decoding=\"async\" width=\"1024\" height=\"724\" src=\"https:\/\/www.region-schwabach.de\/wordpress\/wp-content\/uploads\/2019\/09\/PM223-Beschilderungsplan-Stadtpark-Radrennen-1024x724.jpg\" class=\"attachment-large size-large wp-image-100323\" alt=\"\" srcset=\"https:\/\/www.region-schwabach.de\/wordpress\/wp-content\/uploads\/2019\/09\/PM223-Beschilderungsplan-Stadtpark-Radrennen-1024x724.jpg 1024w, https:\/\/www.region-schwabach.de\/wordpress\/wp-content\/uploads\/2019\/09\/PM223-Beschilderungsplan-Stadtpark-Radrennen-300x212.jpg 300w, https:\/\/www.region-schwabach.de\/wordpress\/wp-content\/uploads\/2019\/09\/PM223-Beschilderungsplan-Stadtpark-Radrennen-768x543.jpg 768w, https:\/\/www.region-schwabach.de\/wordpress\/wp-content\/uploads\/2019\/09\/PM223-Beschilderungsplan-Stadtpark-Radrennen-e1569592047927.jpg 960w\" sizes=\"(max-width: 1024px) 100vw, 1024px\" \/>\t\t\t\t\t\t\t\t\t\t\t\t\t<\/div>\n\t\t\t\t<\/div>\n\t\t\t\t<div class=\"elementor-element elementor-element-21c3450 elementor-widget-divider--view-line elementor-widget elementor-widget-divider\" data-id=\"21c3450\" data-element_type=\"widget\" data-widget_type=\"divider.default\">\n\t\t\t\t<div class=\"elementor-widget-container\">\n\t\t\t\t\t<div class=\"elementor-divider\">\n\t\t\t<span class=\"elementor-divider-separator\">\n\t\t\t\t\t\t<\/span>\n\t\t<\/div>\n\t\t\t\t<\/div>\n\t\t\t\t<\/div>\n\t\t\t\t<div class=\"elementor-element elementor-element-f4c690c elementor-widget elementor-widget-google_maps\" data-id=\"f4c690c\" data-element_type=\"widget\" data-widget_type=\"google_maps.default\">\n\t\t\t\t<div class=\"elementor-widget-container\">\n\t\t\t\t\t<div class=\"elementor-custom-embed\">\n\t\t\t<iframe loading=\"lazy\"\n\t\t\t\t\tsrc=\"https:\/\/maps.google.com\/maps?q=Stadtpark%2C%20Schwabach%2C%20Deutschland&#038;t=m&#038;z=16&#038;output=embed&#038;iwloc=near\"\n\t\t\t\t\ttitle=\"Stadtpark, Schwabach, Deutschland\"\n\t\t\t\t\taria-label=\"Stadtpark, Schwabach, Deutschland\"\n\t\t\t><\/iframe>\n\t\t<\/div>\n\t\t\t\t<\/div>\n\t\t\t\t<\/div>\n\t\t\t\t\t<\/div>\n\t\t<\/div>\n\t\t\t\t<div class=\"elementor-column elementor-col-50 elementor-top-column elementor-element elementor-element-3728c60\" data-id=\"3728c60\" data-element_type=\"column\">\n\t\t\t<div class=\"elementor-widget-wrap elementor-element-populated\">\n\t\t\t\t\t\t<div class=\"elementor-element elementor-element-a61f7a8 elementor-widget elementor-widget-heading\" data-id=\"a61f7a8\" data-element_type=\"widget\" data-widget_type=\"heading.default\">\n\t\t\t\t<div class=\"elementor-widget-container\">\n\t\t\t<h3 class=\"elementor-heading-title elementor-size-default\">Schnell vergleichen und sparen!<\/h3>\t\t<\/div>\n\t\t\t\t<\/div>\n\t\t\t\t<div class=\"elementor-element elementor-element-4612fda elementor-widget elementor-widget-wp-widget-advads_ad_widget\" data-id=\"4612fda\" data-element_type=\"widget\" data-widget_type=\"wp-widget-advads_ad_widget.default\">\n\t\t\t\t<div class=\"elementor-widget-container\">\n\t\t\t<div id=\"regio-577601841\"><div class=\"regio-adlabel\">Werbung<\/div><!-- Beginn https:\/\/www.financeads.net\/-Code --><a href=\"https:\/\/www.financeads.net\/tc.php?t=36648C236142529B\" target=\"_blank\"><img decoding=\"async\" src=\"https:\/\/www.financeads.net\/tb.php?t=36648V236142529B&https=1\" alt=\"\" border=\"0\" width=\"300\" height=\"250\"><\/a><!-- Ende https:\/\/www.financeads.net\/-Code --><\/div>\t\t<\/div>\n\t\t\t\t<\/div>\n\t\t\t\t<div class=\"elementor-element elementor-element-c25b724 elementor-widget elementor-widget-wp-widget-advads_ad_widget\" data-id=\"c25b724\" data-element_type=\"widget\" data-widget_type=\"wp-widget-advads_ad_widget.default\">\n\t\t\t\t<div class=\"elementor-widget-container\">\n\t\t\t<div id=\"regio-1361339110\"><div class=\"regio-adlabel\">Werbung<\/div><!-- Beginn https:\/\/www.financeads.net\/-Code --><a href=\"https:\/\/www.financeads.net\/tc.php?t=36648C42614510B\" target=\"_blank\"><img decoding=\"async\" src=\"https:\/\/www.financeads.net\/tb.php?t=36648V42614510B&https=1\" alt=\"\" border=\"0\" width=\"200\" height=\"300\"><\/a><!-- Ende https:\/\/www.financeads.net\/-Code --><\/div>\t\t<\/div>\n\t\t\t\t<\/div>\n\t\t\t\t<div class=\"elementor-element elementor-element-d3b71dc elementor-widget elementor-widget-wp-widget-advads_ad_widget\" data-id=\"d3b71dc\" data-element_type=\"widget\" data-widget_type=\"wp-widget-advads_ad_widget.default\">\n\t\t\t\t<div class=\"elementor-widget-container\">\n\t\t\t<div id=\"regio-928115124\"><div class=\"regio-adlabel\">Werbung<\/div><!-- Beginn https:\/\/www.financeads.net\/-Code --><a href=\"https:\/\/www.financeads.net\/tc.php?t=36648C205040072B\" target=\"_blank\"><img loading=\"lazy\" decoding=\"async\" src=\"https:\/\/www.financeads.net\/tb.php?t=36648V205040072B&https=1\" alt=\"\" border=\"0\" width=\"300\" height=\"250\"><\/a><!-- Ende https:\/\/www.financeads.net\/-Code --><\/div>\t\t<\/div>\n\t\t\t\t<\/div>\n\t\t\t\t<div class=\"elementor-element elementor-element-e7bed1f elementor-widget elementor-widget-wp-widget-advads_ad_widget\" data-id=\"e7bed1f\" data-element_type=\"widget\" data-widget_type=\"wp-widget-advads_ad_widget.default\">\n\t\t\t\t<div class=\"elementor-widget-container\">\n\t\t\t<div id=\"regio-2569714985\"><div class=\"regio-adlabel\">Werbung<\/div><!-- Beginn https:\/\/www.financeads.net\/-Code --><a href=\"https:\/\/www.financeads.net\/tc.php?t=36648C271460142B\" target=\"_blank\"><img loading=\"lazy\" decoding=\"async\" src=\"https:\/\/www.financeads.net\/tb.php?t=36648V271460142B&https=1\" alt=\"PETPROTECT_Hund&Katze_Banner\" border=\"0\" width=\"250\" height=\"250\"><\/a><!-- Ende https:\/\/www.financeads.net\/-Code --><\/div>\t\t<\/div>\n\t\t\t\t<\/div>\n\t\t\t\t\t<\/div>\n\t\t<\/div>\n\t\t\t\t\t<\/div>\n\t\t<\/section>\n\t\t\t\t<\/div>\n\t\t","protected":false},"excerpt":{"rendered":"<div class=\"mh-excerpt\"><p>Radrennen \u201eRund um den Schwabacher Stadtpark\u201c Stra\u00dfensperrungen rund ums Parkbad am Sonntag, 3. Oktober 2021 Schwabach &#8211; Wegen des Radrennens \u201eRund um den Schwabacher Stadtpark\u201c sind am Sonntag, den 3. Oktober 2021, die Angerstra\u00dfe, Lindenstra\u00dfe, <a class=\"mh-excerpt-more\" href=\"https:\/\/www.region-schwabach.de\/wordpress\/strassensperrungen-wegen-des-radrennens-rund-um-den-schwabacher-stadtpark-2\/\" title=\"Stra\u00dfensperrungen wegen des Radrennens \u201eRund um den Schwabacher Stadtpark\u201c\">[&#8230;]<\/a><\/p>\n<\/div>","protected":false},"author":1,"featured_media":100323,"comment_status":"open","ping_status":"open","sticky":false,"template":"","format":"standard","meta":{"_cbd_carousel_blocks":"[]","footnotes":""},"categories":[16,61,14],"tags":[16999,17000,941,2676,1186,8354,1480,10818,19,3151,8356,10817,544],"class_list":{"0":"post-150173","1":"post","2":"type-post","3":"status-publish","4":"format-standard","5":"has-post-thumbnail","7":"category-aktuell","8":"category-rathaus","9":"category-verkehrsinfos","10":"tag-03-10-2021","11":"tag-3-oktober-2021","12":"tag-angerstrasse","13":"tag-birkenstrasse","14":"tag-lindenstrasse","15":"tag-mehrere-sperrungen","16":"tag-rathaus","17":"tag-rund-um-den-schwabacher-stadtpark","18":"tag-schwabach","19":"tag-stadt-schwabach","20":"tag-stadtverkehr","21":"tag-strassensperrungen","22":"tag-walpersdorfer-strasse"},"_links":{"self":[{"href":"https:\/\/www.region-schwabach.de\/wordpress\/wp-json\/wp\/v2\/posts\/150173","targetHints":{"allow":["GET"]}}],"collection":[{"href":"https:\/\/www.region-schwabach.de\/wordpress\/wp-json\/wp\/v2\/posts"}],"about":[{"href":"https:\/\/www.region-schwabach.de\/wordpress\/wp-json\/wp\/v2\/types\/post"}],"author":[{"embeddable":true,"href":"https:\/\/www.region-schwabach.de\/wordpress\/wp-json\/wp\/v2\/users\/1"}],"replies":[{"embeddable":true,"href":"https:\/\/www.region-schwabach.de\/wordpress\/wp-json\/wp\/v2\/comments?post=150173"}],"version-history":[{"count":0,"href":"https:\/\/www.region-schwabach.de\/wordpress\/wp-json\/wp\/v2\/posts\/150173\/revisions"}],"wp:featuredmedia":[{"embeddable":true,"href":"https:\/\/www.region-schwabach.de\/wordpress\/wp-json\/wp\/v2\/media\/100323"}],"wp:attachment":[{"href":"https:\/\/www.region-schwabach.de\/wordpress\/wp-json\/wp\/v2\/media?parent=150173"}],"wp:term":[{"taxonomy":"category","embeddable":true,"href":"https:\/\/www.region-schwabach.de\/wordpress\/wp-json\/wp\/v2\/categories?post=150173"},{"taxonomy":"post_tag","embeddable":true,"href":"https:\/\/www.region-schwabach.de\/wordpress\/wp-json\/wp\/v2\/tags?post=150173"}],"curies":[{"name":"wp","href":"https:\/\/api.w.org\/{rel}","templated":true}]}}