{"id":150827,"date":"2021-10-08T01:30:00","date_gmt":"2021-10-07T23:30:00","guid":{"rendered":"https:\/\/www.region-schwabach.de\/wordpress\/?p=150827"},"modified":"2021-10-07T21:34:32","modified_gmt":"2021-10-07T19:34:32","slug":"konzert-mit-halva-eine-musikalische-erkundung-osteuropas-am-freitag-den-8-oktober-im-markgrafensaal","status":"publish","type":"post","link":"https:\/\/www.region-schwabach.de\/wordpress\/konzert-mit-halva-eine-musikalische-erkundung-osteuropas-am-freitag-den-8-oktober-im-markgrafensaal\/","title":{"rendered":"Konzert mit \u201eHalva\u201c \u2013 Eine musikalische Erkundung Osteuropas am Freitag, den 8. Oktober &#8211; im Markgrafensaal"},"content":{"rendered":"\t\t<div data-elementor-type=\"wp-post\" data-elementor-id=\"150827\" class=\"elementor elementor-150827\">\n\t\t\t\t\t\t<section class=\"elementor-section elementor-top-section elementor-element elementor-element-678181b elementor-section-boxed elementor-section-height-default elementor-section-height-default\" data-id=\"678181b\" data-element_type=\"section\">\n\t\t\t\t\t\t<div class=\"elementor-container elementor-column-gap-default\">\n\t\t\t\t\t<div class=\"elementor-column elementor-col-50 elementor-top-column elementor-element elementor-element-6b34026\" data-id=\"6b34026\" data-element_type=\"column\">\n\t\t\t<div class=\"elementor-widget-wrap elementor-element-populated\">\n\t\t\t\t\t\t<div class=\"elementor-element elementor-element-2e31143 elementor-widget elementor-widget-wp-widget-advads_ad_widget\" data-id=\"2e31143\" data-element_type=\"widget\" data-widget_type=\"wp-widget-advads_ad_widget.default\">\n\t\t\t\t<div class=\"elementor-widget-container\">\n\t\t\t<div id=\"regio-3496573292\"><div class=\"regio-adlabel\">Werbung<\/div><center><a href=\"https:\/\/a.partner-versicherung.de\/click.php?partner_id=19992&ad_id=1578&deep=kreditkarten\"  target=\"_blank\"><img decoding=\"async\" src=\"https:\/\/a.partner-versicherung.de\/view.php?partner_id=19992&ad_id=1578\" ><\/a><\/center><\/div>\t\t<\/div>\n\t\t\t\t<\/div>\n\t\t\t\t<div class=\"elementor-element elementor-element-443ab98 elementor-widget elementor-widget-text-editor\" data-id=\"443ab98\" data-element_type=\"widget\" data-widget_type=\"text-editor.default\">\n\t\t\t\t<div class=\"elementor-widget-container\">\n\t\t\t\t\t\t\t<h4>Im Rahmen des Festjahres 1700 Jahre j\u00fcdisches Leben in Deutschland<br \/>Konzert mit \u201eHalva\u201c \u2013 Eine musikalische Erkundung Osteuropas<\/h4><p><span style=\"font-size: 12pt;\">Schwabach &#8211; Im Rahmen des bundesweiten Festjahres 1700 Jahre j\u00fcdisches Leben in Deutschland werden rund 1.000 Veranstaltungen ausgerichtet. Darunter Konzerte, Ausstellungen, Musik, ein Podcast, Video-Projekte, Theater, Filme. Ziel des Festjahres ist es, j\u00fcdisches Leben sichtbar und erlebbar zu machen und dem erstarkenden Antisemitismus etwas entgegenzusetzen. <\/span><\/p><p><span style=\"font-size: 12pt;\">Am Freitag, den 8. Oktober, um 19:30 Uhr erwartet das Schwabacher Publikum, im Rahmen des bundesweiten Festjahres 1700 Jahre j\u00fcdisches Leben in Deutschland, ein besonderes Klangerlebnis. Das brillante belgisch-deutsch-israelische Ensemble, unter der Leitung des Komponisten und Geigers Nicolaas Cottenie, nimmt das Publikum mit auf eine musikalische Erkundung Osteuropas.<br \/><\/span><\/p><p><span style=\"font-size: 12pt;\">Halva erforscht die Verbindungen zwischen traditioneller Klezmer-Musik, der Musik jiddisch-sprachiger Juden Osteuropas, und die sie umgebenden Kulturen. <\/span><\/p><p><span style=\"font-size: 12pt;\">Nicolaas Cottenies Kompositionen verbinden sich sowohl mit der traditionellen Sensibilit\u00e4t osteurop\u00e4ischer Musik als auch mit den Vorlieben moderner Musikliebhaber und findet immer neue Wege, um frisch und einladend, interessant aber auch immer noch vertraut zu klingen.<br \/><\/span><\/p><p><span style=\"font-size: 12pt;\">Willkommen in einer Welt wirbelnder Virtuosit\u00e4t, hypnotisierender Sch\u00f6nheit, bet\u00e4ubender Traurigkeit, unbeschwertem Humor und bet\u00f6render Trance. Es ist eine lebendige energiegeladene Musik, die zum Tanzen einl\u00e4dt und doch hin und wieder einen ernsteren, in sich gekehrten, Ton anschl\u00e4gt. Musik, die sich sowohl an das Herz als auch an den Geist richtet.<br \/><\/span><\/p><h3><span style=\"font-size: 12pt;\"><span style=\"font-size: 14pt;\">Besetzung:<\/span> <br \/><\/span><\/h3><ul style=\"list-style-type: disc;\"><li><span style=\"font-size: 12pt;\">Nicolaas Cottenie (BE) &#8211; Geige &amp; Komposition<\/span><\/li><li><span style=\"font-size: 12pt;\">Alina Bauer (DE) &#8211; Geige<\/span><\/li><li><span style=\"font-size: 12pt;\">Eline Duerinck (BE) &#8211; Cello<\/span><\/li><li><span style=\"font-size: 12pt;\">Anja G\u00fcnther (DE) &#8211; Klarinette<\/span><\/li><li><span style=\"font-size: 12pt;\">Robbe Kieckens (BE) &#8211; Perkussion<\/span><\/li><li><span style=\"font-size: 12pt;\">Ira Shiran (ISR) \u2013 Akkordeon<br \/><\/span><\/li><\/ul><h3>Infos:\u00a0<\/h3><ul style=\"list-style-type: disc;\"><li><span style=\"font-size: 12pt;\">Freitag, den 8. Oktober 2021, um 19.30 Uhr im Markgrafensaal Schwabach<\/span><\/li><li><span style=\"font-size: 12pt;\">Eintritt: 15,\u2013\/erm. 12,\u2013 Euro <\/span><\/li><li><span style=\"font-size: 12pt;\">Live Stream Ticket: 8, \u2013 Euro<\/span><\/li><li><span style=\"font-size: 12pt;\">Tickets online \u00fcber <a href=\"http:\/\/www.reservix.de\" target=\"_blank\" rel=\"noopener\">www.reservix.de<\/a>,<br \/>vor Ort in Schwabach: im B\u00fcrgerb\u00fcro im Rathaus, beim Schwabacher Tagblatt, im Ticket-Paradise im ORO-Einkaufszentrum\u00a0<br \/><\/span><\/li><li><span style=\"font-size: 12pt;\">weitere Infos: www.schwabach.de\/halva<br \/><a href=\"mailto:kulturamt@schwabach.de\" target=\"_blank\" rel=\"noopener\">kulturamt@schwabach.de<\/a> <br \/>oder unter Tel. 09122-860-305 (Kulturamt)\u00a0<\/span><\/li><\/ul>\t\t\t\t\t\t<\/div>\n\t\t\t\t<\/div>\n\t\t\t\t<div class=\"elementor-element elementor-element-6520198 elementor-widget elementor-widget-shortcode\" data-id=\"6520198\" data-element_type=\"widget\" data-widget_type=\"shortcode.default\">\n\t\t\t\t<div class=\"elementor-widget-container\">\n\t\t\t\t\t<div class=\"elementor-shortcode\"><!-- Beginn https:\/\/www.financeads.net\/-Code --><a href=\"https:\/\/www.financeads.net\/tc.php?t=36648C38513858B\" target=\"_blank\"><center><img decoding=\"async\" src=\"https:\/\/www.financeads.net\/tb.php?t=36648V38513858B&https=1\" alt=\"\" border=\"0\" width=\"468\" height=\"60\"><\/a><!-- Ende https:\/\/www.financeads.net\/-Code --><\/div>\n\t\t\t\t<\/div>\n\t\t\t\t<\/div>\n\t\t\t\t<div class=\"elementor-element elementor-element-21c3450 elementor-widget-divider--view-line elementor-widget elementor-widget-divider\" data-id=\"21c3450\" data-element_type=\"widget\" data-widget_type=\"divider.default\">\n\t\t\t\t<div class=\"elementor-widget-container\">\n\t\t\t\t\t<div class=\"elementor-divider\">\n\t\t\t<span class=\"elementor-divider-separator\">\n\t\t\t\t\t\t<\/span>\n\t\t<\/div>\n\t\t\t\t<\/div>\n\t\t\t\t<\/div>\n\t\t\t\t<div class=\"elementor-element elementor-element-f4c690c elementor-widget elementor-widget-google_maps\" data-id=\"f4c690c\" data-element_type=\"widget\" data-widget_type=\"google_maps.default\">\n\t\t\t\t<div class=\"elementor-widget-container\">\n\t\t\t\t\t<div class=\"elementor-custom-embed\">\n\t\t\t<iframe loading=\"lazy\"\n\t\t\t\t\tsrc=\"https:\/\/maps.google.com\/maps?q=Ludwigstra%C3%9Fe%2016%2C%20Schwabach%2C%20Deutschland&#038;t=m&#038;z=17&#038;output=embed&#038;iwloc=near\"\n\t\t\t\t\ttitle=\"Ludwigstra\u00dfe 16, Schwabach, Deutschland\"\n\t\t\t\t\taria-label=\"Ludwigstra\u00dfe 16, Schwabach, Deutschland\"\n\t\t\t><\/iframe>\n\t\t<\/div>\n\t\t\t\t<\/div>\n\t\t\t\t<\/div>\n\t\t\t\t\t<\/div>\n\t\t<\/div>\n\t\t\t\t<div class=\"elementor-column elementor-col-50 elementor-top-column elementor-element elementor-element-dd4c02c\" data-id=\"dd4c02c\" data-element_type=\"column\">\n\t\t\t<div class=\"elementor-widget-wrap elementor-element-populated\">\n\t\t\t\t\t\t<div class=\"elementor-element elementor-element-afcda01 elementor-widget elementor-widget-heading\" data-id=\"afcda01\" data-element_type=\"widget\" data-widget_type=\"heading.default\">\n\t\t\t\t<div class=\"elementor-widget-container\">\n\t\t\t<h3 class=\"elementor-heading-title elementor-size-default\">Schnell vergleichen und sparen!<\/h3>\t\t<\/div>\n\t\t\t\t<\/div>\n\t\t\t\t<div class=\"elementor-element elementor-element-4a29827 elementor-widget elementor-widget-wp-widget-advads_ad_widget\" data-id=\"4a29827\" data-element_type=\"widget\" data-widget_type=\"wp-widget-advads_ad_widget.default\">\n\t\t\t\t<div class=\"elementor-widget-container\">\n\t\t\t<div id=\"regio-2664555091\"><div class=\"regio-adlabel\">Werbung<\/div><!-- Beginn https:\/\/www.financeads.net\/-Code --><a href=\"https:\/\/www.financeads.net\/tc.php?t=36648C236142529B\" target=\"_blank\"><img fetchpriority=\"high\" decoding=\"async\" src=\"https:\/\/www.financeads.net\/tb.php?t=36648V236142529B&https=1\" alt=\"\" border=\"0\" width=\"300\" height=\"250\"><\/a><!-- Ende https:\/\/www.financeads.net\/-Code --><\/div>\t\t<\/div>\n\t\t\t\t<\/div>\n\t\t\t\t<div class=\"elementor-element elementor-element-1017dfe elementor-widget elementor-widget-wp-widget-advads_ad_widget\" data-id=\"1017dfe\" data-element_type=\"widget\" data-widget_type=\"wp-widget-advads_ad_widget.default\">\n\t\t\t\t<div class=\"elementor-widget-container\">\n\t\t\t<div id=\"regio-1332682591\"><div class=\"regio-adlabel\">Werbung<\/div><!-- Beginn https:\/\/www.financeads.net\/-Code --><a href=\"https:\/\/www.financeads.net\/tc.php?t=36648C42614510B\" target=\"_blank\"><img decoding=\"async\" src=\"https:\/\/www.financeads.net\/tb.php?t=36648V42614510B&https=1\" alt=\"\" border=\"0\" width=\"200\" height=\"300\"><\/a><!-- Ende https:\/\/www.financeads.net\/-Code --><\/div>\t\t<\/div>\n\t\t\t\t<\/div>\n\t\t\t\t<div class=\"elementor-element elementor-element-fd0ad79 elementor-widget elementor-widget-wp-widget-advads_ad_widget\" data-id=\"fd0ad79\" data-element_type=\"widget\" data-widget_type=\"wp-widget-advads_ad_widget.default\">\n\t\t\t\t<div class=\"elementor-widget-container\">\n\t\t\t<div id=\"regio-1083475286\"><div class=\"regio-adlabel\">Werbung<\/div><!-- Beginn https:\/\/www.financeads.net\/-Code --><a href=\"https:\/\/www.financeads.net\/tc.php?t=36648C205040072B\" target=\"_blank\"><img loading=\"lazy\" decoding=\"async\" src=\"https:\/\/www.financeads.net\/tb.php?t=36648V205040072B&https=1\" alt=\"\" border=\"0\" width=\"300\" height=\"250\"><\/a><!-- Ende https:\/\/www.financeads.net\/-Code --><\/div>\t\t<\/div>\n\t\t\t\t<\/div>\n\t\t\t\t<div class=\"elementor-element elementor-element-4484a81 elementor-widget elementor-widget-wp-widget-advads_ad_widget\" data-id=\"4484a81\" data-element_type=\"widget\" data-widget_type=\"wp-widget-advads_ad_widget.default\">\n\t\t\t\t<div class=\"elementor-widget-container\">\n\t\t\t<div id=\"regio-681565661\"><div class=\"regio-adlabel\">Werbung<\/div><!-- Beginn https:\/\/www.financeads.net\/-Code --><a href=\"https:\/\/www.financeads.net\/tc.php?t=36648C271460142B\" target=\"_blank\"><img loading=\"lazy\" decoding=\"async\" src=\"https:\/\/www.financeads.net\/tb.php?t=36648V271460142B&https=1\" alt=\"PETPROTECT_Hund&Katze_Banner\" border=\"0\" width=\"250\" height=\"250\"><\/a><!-- Ende https:\/\/www.financeads.net\/-Code --><\/div>\t\t<\/div>\n\t\t\t\t<\/div>\n\t\t\t\t\t<\/div>\n\t\t<\/div>\n\t\t\t\t\t<\/div>\n\t\t<\/section>\n\t\t\t\t<\/div>\n\t\t","protected":false},"excerpt":{"rendered":"<div class=\"mh-excerpt\"><p>Im Rahmen des Festjahres 1700 Jahre j\u00fcdisches Leben in DeutschlandKonzert mit \u201eHalva\u201c \u2013 Eine musikalische Erkundung Osteuropas Schwabach &#8211; Im Rahmen des bundesweiten Festjahres 1700 Jahre j\u00fcdisches Leben in Deutschland werden rund 1.000 Veranstaltungen ausgerichtet. <a class=\"mh-excerpt-more\" href=\"https:\/\/www.region-schwabach.de\/wordpress\/konzert-mit-halva-eine-musikalische-erkundung-osteuropas-am-freitag-den-8-oktober-im-markgrafensaal\/\" title=\"Konzert mit \u201eHalva\u201c \u2013 Eine musikalische Erkundung Osteuropas am Freitag, den 8. Oktober &#8211; im Markgrafensaal\">[&#8230;]<\/a><\/p>\n<\/div>","protected":false},"author":1,"featured_media":150828,"comment_status":"open","ping_status":"open","sticky":false,"template":"","format":"standard","meta":{"_cbd_carousel_blocks":"[]","footnotes":""},"categories":[16,287,61,7504,231],"tags":[17094,17093,17128,3128,2029,2028,4051,17129,1480,19,3012,3151],"class_list":{"0":"post-150827","1":"post","2":"type-post","3":"status-publish","4":"format-standard","5":"has-post-thumbnail","7":"category-aktuell","8":"category-jugend-und-familie","9":"category-rathaus","10":"category-stadtmuseum-nachrichten","11":"category-veranstaltungsnews","12":"tag-17094","13":"tag-1700-jahre-juedisches-leben-in-deutschland-2","14":"tag-halva","15":"tag-konzert","16":"tag-ludwigstrasse","17":"tag-markgrafensaal","18":"tag-musik","19":"tag-musikalische-erkundung-osteuropas","20":"tag-rathaus","21":"tag-schwabach","22":"tag-stadt","23":"tag-stadt-schwabach"},"_links":{"self":[{"href":"https:\/\/www.region-schwabach.de\/wordpress\/wp-json\/wp\/v2\/posts\/150827","targetHints":{"allow":["GET"]}}],"collection":[{"href":"https:\/\/www.region-schwabach.de\/wordpress\/wp-json\/wp\/v2\/posts"}],"about":[{"href":"https:\/\/www.region-schwabach.de\/wordpress\/wp-json\/wp\/v2\/types\/post"}],"author":[{"embeddable":true,"href":"https:\/\/www.region-schwabach.de\/wordpress\/wp-json\/wp\/v2\/users\/1"}],"replies":[{"embeddable":true,"href":"https:\/\/www.region-schwabach.de\/wordpress\/wp-json\/wp\/v2\/comments?post=150827"}],"version-history":[{"count":0,"href":"https:\/\/www.region-schwabach.de\/wordpress\/wp-json\/wp\/v2\/posts\/150827\/revisions"}],"wp:featuredmedia":[{"embeddable":true,"href":"https:\/\/www.region-schwabach.de\/wordpress\/wp-json\/wp\/v2\/media\/150828"}],"wp:attachment":[{"href":"https:\/\/www.region-schwabach.de\/wordpress\/wp-json\/wp\/v2\/media?parent=150827"}],"wp:term":[{"taxonomy":"category","embeddable":true,"href":"https:\/\/www.region-schwabach.de\/wordpress\/wp-json\/wp\/v2\/categories?post=150827"},{"taxonomy":"post_tag","embeddable":true,"href":"https:\/\/www.region-schwabach.de\/wordpress\/wp-json\/wp\/v2\/tags?post=150827"}],"curies":[{"name":"wp","href":"https:\/\/api.w.org\/{rel}","templated":true}]}}