{"id":151658,"date":"2021-10-16T09:27:58","date_gmt":"2021-10-16T07:27:58","guid":{"rendered":"https:\/\/www.region-schwabach.de\/wordpress\/?p=151658"},"modified":"2021-10-16T09:29:25","modified_gmt":"2021-10-16T07:29:25","slug":"pkw-fahrerin-rastet-wegen-sperrung-fur-schwertransport-in-roth-aus","status":"publish","type":"post","link":"https:\/\/www.region-schwabach.de\/wordpress\/pkw-fahrerin-rastet-wegen-sperrung-fur-schwertransport-in-roth-aus\/","title":{"rendered":"PKW-Fahrerin rastet wegen Sperrung f\u00fcr Schwertransport in Roth aus"},"content":{"rendered":"\t\t<div data-elementor-type=\"wp-post\" data-elementor-id=\"151658\" class=\"elementor elementor-151658\">\n\t\t\t\t\t\t<section class=\"elementor-section elementor-top-section elementor-element elementor-element-1cuv9jr elementor-section-boxed elementor-section-height-default elementor-section-height-default\" data-id=\"1cuv9jr\" data-element_type=\"section\">\n\t\t\t\t\t\t<div class=\"elementor-container elementor-column-gap-default\">\n\t\t\t\t\t<div class=\"elementor-column elementor-col-50 elementor-top-column elementor-element elementor-element-q5zak7b\" data-id=\"q5zak7b\" data-element_type=\"column\">\n\t\t\t<div class=\"elementor-widget-wrap elementor-element-populated\">\n\t\t\t\t\t\t<div class=\"elementor-element elementor-element-dcef279 elementor-widget elementor-widget-wp-widget-advads_ad_widget\" data-id=\"dcef279\" data-element_type=\"widget\" data-widget_type=\"wp-widget-advads_ad_widget.default\">\n\t\t\t\t<div class=\"elementor-widget-container\">\n\t\t\t<div id=\"regio-1605023290\"><div class=\"regio-adlabel\">Werbung<\/div><center><a href=\"https:\/\/a.partner-versicherung.de\/click.php?partner_id=19992&ad_id=1578&deep=kreditkarten\"  target=\"_blank\"><img decoding=\"async\" src=\"https:\/\/a.partner-versicherung.de\/view.php?partner_id=19992&ad_id=1578\" ><\/a><\/center><\/div>\t\t<\/div>\n\t\t\t\t<\/div>\n\t\t\t\t<div class=\"elementor-element elementor-element-a4daeae elementor-widget elementor-widget-text-editor\" data-id=\"a4daeae\" data-element_type=\"widget\" data-widget_type=\"text-editor.default\">\n\t\t\t\t<div class=\"elementor-widget-container\">\n\t\t\t\t\t\t\t<h3>Gef\u00e4hrlicher Eingriff in den Stra\u00dfenverkehr<\/h3><p><span style=\"font-size: 12pt;\">Roth &#8211; Am Donnerstagmittag, den 14.10.2021, war ein Schwertransport von Gunzenhausen an die L\u00e4nde nach Roth unterwegs, wobei der Transport von drei Begleitfahrzeugen und einer Polizeistreife begleitet wurde. Dabei wurde kurzzeitig auch die Abenberger Stra\u00dfe gesperrt um dem Schwertransport das Abbiegen in die Hans-Breckwoldt- Stra\u00dfe zu erm\u00f6glichen, wobei der 44-j\u00e4hrige Fahrer eines Begleitfahrzeuges sein Fahrzeug mit der Anzeige \u201eDurchfahrt verboten\u201c auf die Gegenfahrbahn stellte.<\/span><\/p><p><span style=\"font-size: 12pt;\">Kurz darauf fuhr eine 43-j\u00e4hrige Mazdafahrerin langsam auf die Verkehrssperre zu, weshalb der 44-j\u00e4hrige Begleitfahrzeugfahrer ihr signalisierte, da\u00df sie anhalten sollte, was die Dame jedoch ignorierte und pl\u00f6tzlich beschleunigte und die Stra\u00dfensperre durchbrach. Bei diesem Man\u00f6ver streifte sie den Gesch\u00e4digten mit dem Kotfl\u00fcgel und dem rechten Au\u00dfenspiegel ihres Fahrzeugs, wobei der Mann gl\u00fccklicherweise nur leicht an seiner Hand verletzt wurde.<\/span><\/p><p><span style=\"font-size: 12pt;\">Die PKW-Fahrerin fl\u00fcchtete anschlie\u00dfend ohne stehen zu bleiben, konnte jedoch im Rahmen der folgenden Fahndung schnell gestellt werden. Noch vor Ort wurde der F\u00fchrerschein der Frau sichergestellt und sie mu\u00df sich jetzt unter anderem wegen der Verkehrsunfallflucht, N\u00f6tigung im Stra\u00dfenverkehr, gef\u00e4hrlichem Eingriff in den Stra\u00dfenverkehr und gef\u00e4hrlicher K\u00f6rperverletzung verantworten.\u00a0<\/span><\/p>\t\t\t\t\t\t<\/div>\n\t\t\t\t<\/div>\n\t\t\t\t<div class=\"elementor-element elementor-element-6c3f9de elementor-widget elementor-widget-shortcode\" data-id=\"6c3f9de\" data-element_type=\"widget\" data-widget_type=\"shortcode.default\">\n\t\t\t\t<div class=\"elementor-widget-container\">\n\t\t\t\t\t<div class=\"elementor-shortcode\"><center><a href=\"https:\/\/a.partner-versicherung.de\/click.php?partner_id=19992&ad_id=441&deep=kfz-versicherung\"  target=\"_blank\"><img decoding=\"async\" src=\"https:\/\/a.partner-versicherung.de\/view.php?partner_id=19992&ad_id=441\" ><\/a><\/center><\/div>\n\t\t\t\t<\/div>\n\t\t\t\t<\/div>\n\t\t\t\t<div class=\"elementor-element elementor-element-ace1283 elementor-widget-divider--view-line elementor-widget elementor-widget-divider\" data-id=\"ace1283\" data-element_type=\"widget\" data-widget_type=\"divider.default\">\n\t\t\t\t<div class=\"elementor-widget-container\">\n\t\t\t\t\t<div class=\"elementor-divider\">\n\t\t\t<span class=\"elementor-divider-separator\">\n\t\t\t\t\t\t<\/span>\n\t\t<\/div>\n\t\t\t\t<\/div>\n\t\t\t\t<\/div>\n\t\t\t\t<div class=\"elementor-element elementor-element-ac34ac3 elementor-widget elementor-widget-google_maps\" data-id=\"ac34ac3\" data-element_type=\"widget\" data-widget_type=\"google_maps.default\">\n\t\t\t\t<div class=\"elementor-widget-container\">\n\t\t\t\t\t<div class=\"elementor-custom-embed\">\n\t\t\t<iframe loading=\"lazy\"\n\t\t\t\t\tsrc=\"https:\/\/maps.google.com\/maps?q=Abenberger%20Stra%C3%9Fe%2C%20Roth%2C%20Deutschland&#038;t=m&#038;z=16&#038;output=embed&#038;iwloc=near\"\n\t\t\t\t\ttitle=\"Abenberger Stra\u00dfe, Roth, Deutschland\"\n\t\t\t\t\taria-label=\"Abenberger Stra\u00dfe, Roth, Deutschland\"\n\t\t\t><\/iframe>\n\t\t<\/div>\n\t\t\t\t<\/div>\n\t\t\t\t<\/div>\n\t\t\t\t\t<\/div>\n\t\t<\/div>\n\t\t\t\t<div class=\"elementor-column elementor-col-50 elementor-top-column elementor-element elementor-element-4ce46fb\" data-id=\"4ce46fb\" data-element_type=\"column\">\n\t\t\t<div class=\"elementor-widget-wrap elementor-element-populated\">\n\t\t\t\t\t\t<div class=\"elementor-element elementor-element-38f4e35 elementor-widget elementor-widget-heading\" data-id=\"38f4e35\" data-element_type=\"widget\" data-widget_type=\"heading.default\">\n\t\t\t\t<div class=\"elementor-widget-container\">\n\t\t\t<h3 class=\"elementor-heading-title elementor-size-default\">Schnell vergleichen und sparen!<\/h3>\t\t<\/div>\n\t\t\t\t<\/div>\n\t\t\t\t<div class=\"elementor-element elementor-element-92c49bc elementor-widget elementor-widget-wp-widget-advads_ad_widget\" data-id=\"92c49bc\" data-element_type=\"widget\" data-widget_type=\"wp-widget-advads_ad_widget.default\">\n\t\t\t\t<div class=\"elementor-widget-container\">\n\t\t\t<div id=\"regio-2860913645\"><div class=\"regio-adlabel\">Werbung<\/div><!-- Beginn https:\/\/www.financeads.net\/-Code --><a href=\"https:\/\/www.financeads.net\/tc.php?t=36648C236142529B\" target=\"_blank\"><img fetchpriority=\"high\" decoding=\"async\" src=\"https:\/\/www.financeads.net\/tb.php?t=36648V236142529B&https=1\" alt=\"\" border=\"0\" width=\"300\" height=\"250\"><\/a><!-- Ende https:\/\/www.financeads.net\/-Code --><\/div>\t\t<\/div>\n\t\t\t\t<\/div>\n\t\t\t\t<div class=\"elementor-element elementor-element-cb0c78c elementor-widget elementor-widget-wp-widget-advads_ad_widget\" data-id=\"cb0c78c\" data-element_type=\"widget\" data-widget_type=\"wp-widget-advads_ad_widget.default\">\n\t\t\t\t<div class=\"elementor-widget-container\">\n\t\t\t<div id=\"regio-203949324\"><div class=\"regio-adlabel\">Werbung<\/div><!-- Beginn https:\/\/www.financeads.net\/-Code --><a href=\"https:\/\/www.financeads.net\/tc.php?t=36648C42614510B\" target=\"_blank\"><img decoding=\"async\" src=\"https:\/\/www.financeads.net\/tb.php?t=36648V42614510B&https=1\" alt=\"\" border=\"0\" width=\"200\" height=\"300\"><\/a><!-- Ende https:\/\/www.financeads.net\/-Code --><\/div>\t\t<\/div>\n\t\t\t\t<\/div>\n\t\t\t\t<div class=\"elementor-element elementor-element-31c9ced elementor-widget elementor-widget-wp-widget-advads_ad_widget\" data-id=\"31c9ced\" data-element_type=\"widget\" data-widget_type=\"wp-widget-advads_ad_widget.default\">\n\t\t\t\t<div class=\"elementor-widget-container\">\n\t\t\t<div id=\"regio-1772113969\"><div class=\"regio-adlabel\">Werbung<\/div><!-- Beginn https:\/\/www.financeads.net\/-Code --><a href=\"https:\/\/www.financeads.net\/tc.php?t=36648C205040072B\" target=\"_blank\"><img decoding=\"async\" src=\"https:\/\/www.financeads.net\/tb.php?t=36648V205040072B&https=1\" alt=\"\" border=\"0\" width=\"300\" height=\"250\"><\/a><!-- Ende https:\/\/www.financeads.net\/-Code --><\/div>\t\t<\/div>\n\t\t\t\t<\/div>\n\t\t\t\t<div class=\"elementor-element elementor-element-0344b9f elementor-widget elementor-widget-wp-widget-advads_ad_widget\" data-id=\"0344b9f\" data-element_type=\"widget\" data-widget_type=\"wp-widget-advads_ad_widget.default\">\n\t\t\t\t<div class=\"elementor-widget-container\">\n\t\t\t<div id=\"regio-1781837684\"><div class=\"regio-adlabel\">Werbung<\/div><!-- Beginn https:\/\/www.financeads.net\/-Code --><a href=\"https:\/\/www.financeads.net\/tc.php?t=36648C271460142B\" target=\"_blank\"><img loading=\"lazy\" decoding=\"async\" src=\"https:\/\/www.financeads.net\/tb.php?t=36648V271460142B&https=1\" alt=\"PETPROTECT_Hund&Katze_Banner\" border=\"0\" width=\"250\" height=\"250\"><\/a><!-- Ende https:\/\/www.financeads.net\/-Code --><\/div>\t\t<\/div>\n\t\t\t\t<\/div>\n\t\t\t\t\t<\/div>\n\t\t<\/div>\n\t\t\t\t\t<\/div>\n\t\t<\/section>\n\t\t\t\t<\/div>\n\t\t","protected":false},"excerpt":{"rendered":"<div class=\"mh-excerpt\"><p>Gef\u00e4hrlicher Eingriff in den Stra\u00dfenverkehr Roth &#8211; Am Donnerstagmittag, den 14.10.2021, war ein Schwertransport von Gunzenhausen an die L\u00e4nde nach Roth unterwegs, wobei der Transport von drei Begleitfahrzeugen und einer Polizeistreife begleitet wurde. Dabei wurde <a class=\"mh-excerpt-more\" href=\"https:\/\/www.region-schwabach.de\/wordpress\/pkw-fahrerin-rastet-wegen-sperrung-fur-schwertransport-in-roth-aus\/\" title=\"PKW-Fahrerin rastet wegen Sperrung f\u00fcr Schwertransport in Roth aus\">[&#8230;]<\/a><\/p>\n<\/div>","protected":false},"author":1,"featured_media":151659,"comment_status":"open","ping_status":"open","sticky":false,"template":"","format":"standard","meta":{"_cbd_carousel_blocks":"[]","footnotes":""},"categories":[15],"tags":[17193,3453,5643,882,17242,1814,16553,17245,17243,728,454,764,3978,8912,1441,1043,924,515,571,1375,261,604,1509,981,32,17241,334,457,17244,1448],"class_list":{"0":"post-151658","1":"post","2":"type-post","3":"status-publish","4":"format-standard","5":"has-post-thumbnail","7":"category-polizeimeldungen","8":"tag-14-10-2021","9":"tag-abbiegemanoever","10":"tag-abenberger-strasse","11":"tag-aussenspiegel","12":"tag-begleitfahrzeug","13":"tag-beruehrung","14":"tag-beschleunigung","15":"tag-durchbruch","16":"tag-durchfahrt-verboten","17":"tag-fahndung","18":"tag-fahrerflucht","19":"tag-flucht","20":"tag-fuehrerschein-sichergestellt","21":"tag-gefaehrlicher-eingriff","22":"tag-gegenfahrbahn","23":"tag-gunzenhausen","24":"tag-hans-breckwoldt-strasse","25":"tag-koerperverletzung","26":"tag-kotfluegel","27":"tag-leicht-verletzt","28":"tag-lkw","29":"tag-mazda","30":"tag-noetigung","31":"tag-polizei","32":"tag-roth","33":"tag-schwertransport","34":"tag-unfall","35":"tag-unfallflucht","36":"tag-verkehrssperre","37":"tag-verkehrszeichen"},"_links":{"self":[{"href":"https:\/\/www.region-schwabach.de\/wordpress\/wp-json\/wp\/v2\/posts\/151658","targetHints":{"allow":["GET"]}}],"collection":[{"href":"https:\/\/www.region-schwabach.de\/wordpress\/wp-json\/wp\/v2\/posts"}],"about":[{"href":"https:\/\/www.region-schwabach.de\/wordpress\/wp-json\/wp\/v2\/types\/post"}],"author":[{"embeddable":true,"href":"https:\/\/www.region-schwabach.de\/wordpress\/wp-json\/wp\/v2\/users\/1"}],"replies":[{"embeddable":true,"href":"https:\/\/www.region-schwabach.de\/wordpress\/wp-json\/wp\/v2\/comments?post=151658"}],"version-history":[{"count":0,"href":"https:\/\/www.region-schwabach.de\/wordpress\/wp-json\/wp\/v2\/posts\/151658\/revisions"}],"wp:featuredmedia":[{"embeddable":true,"href":"https:\/\/www.region-schwabach.de\/wordpress\/wp-json\/wp\/v2\/media\/151659"}],"wp:attachment":[{"href":"https:\/\/www.region-schwabach.de\/wordpress\/wp-json\/wp\/v2\/media?parent=151658"}],"wp:term":[{"taxonomy":"category","embeddable":true,"href":"https:\/\/www.region-schwabach.de\/wordpress\/wp-json\/wp\/v2\/categories?post=151658"},{"taxonomy":"post_tag","embeddable":true,"href":"https:\/\/www.region-schwabach.de\/wordpress\/wp-json\/wp\/v2\/tags?post=151658"}],"curies":[{"name":"wp","href":"https:\/\/api.w.org\/{rel}","templated":true}]}}