{"id":152152,"date":"2021-10-21T00:37:00","date_gmt":"2021-10-20T22:37:00","guid":{"rendered":"https:\/\/www.region-schwabach.de\/wordpress\/?p=152152"},"modified":"2021-10-20T11:40:42","modified_gmt":"2021-10-20T09:40:42","slug":"fuhrungswechsel-bei-der-polizeiinspektion-schwabach","status":"publish","type":"post","link":"https:\/\/www.region-schwabach.de\/wordpress\/fuhrungswechsel-bei-der-polizeiinspektion-schwabach\/","title":{"rendered":"F\u00fchrungswechsel bei der Polizeiinspektion Schwabach"},"content":{"rendered":"\t\t<div data-elementor-type=\"wp-post\" data-elementor-id=\"152152\" class=\"elementor elementor-152152\">\n\t\t\t\t\t\t<section class=\"elementor-section elementor-top-section elementor-element elementor-element-1cuv9jr elementor-section-boxed elementor-section-height-default elementor-section-height-default\" data-id=\"1cuv9jr\" data-element_type=\"section\">\n\t\t\t\t\t\t<div class=\"elementor-container elementor-column-gap-default\">\n\t\t\t\t\t<div class=\"elementor-column elementor-col-50 elementor-top-column elementor-element elementor-element-q5zak7b\" data-id=\"q5zak7b\" data-element_type=\"column\">\n\t\t\t<div class=\"elementor-widget-wrap elementor-element-populated\">\n\t\t\t\t\t\t<div class=\"elementor-element elementor-element-dcef279 elementor-widget elementor-widget-wp-widget-advads_ad_widget\" data-id=\"dcef279\" data-element_type=\"widget\" data-widget_type=\"wp-widget-advads_ad_widget.default\">\n\t\t\t\t<div class=\"elementor-widget-container\">\n\t\t\t<div id=\"regio-4040520916\"><div class=\"regio-adlabel\">Werbung<\/div><center><a href=\"https:\/\/a.partner-versicherung.de\/click.php?partner_id=19992&ad_id=1578&deep=kreditkarten\"  target=\"_blank\"><img decoding=\"async\" src=\"https:\/\/a.partner-versicherung.de\/view.php?partner_id=19992&ad_id=1578\" ><\/a><\/center><\/div>\t\t<\/div>\n\t\t\t\t<\/div>\n\t\t\t\t<div class=\"elementor-element elementor-element-a4daeae elementor-widget elementor-widget-text-editor\" data-id=\"a4daeae\" data-element_type=\"widget\" data-widget_type=\"text-editor.default\">\n\t\t\t\t<div class=\"elementor-widget-container\">\n\t\t\t\t\t\t\t<h3>Neuer Dienststellenleiter in Schwabach<\/h3><p><span style=\"font-size: 12pt;\">Schwabach (ots) &#8211; Am Dienstag (19.10.2021) verabschiedete der mittelfr\u00e4nkische Polizeipr\u00e4sident Roman Fertinger feierlich den Dienststellenleiter der Polizeiinspektion Schwabach, Herrn Polizeioberrat Erwin Leitner, im Markgrafensaal in Schwabach. Zugleich wurde sein Nachfolger, Herr Polizeioberrat Martin Kupka, als neuer Dienststellenleiter der Polizeiinspektion Schwabach vorgestellt.<\/span><br \/><br \/><span style=\"font-size: 12pt;\">Der aus dem Landkreis Roth stammende Erwin Leitner begann seine Karriere bei der Bayerischen Polizei 1981 mit dem Studium f\u00fcr den damaligen &#8222;gehobenen Dienst&#8220; (mittlerweile 3. Qualifikationsebene). Nach einem sehr guten Pr\u00fcfungsergebnis folgten ab dem Jahr 1984 unter anderem T\u00e4tigkeiten als Dienstgruppenleiter bei der Polizeiinspektion Schwabach und als interimsm\u00e4\u00dfiger Leiter der Polizeiinspektion Feucht. Auf Grund seiner besonderen Bef\u00e4higung wurde er von 1994 bis 2000 ins Bayerische Staatsministerium des Inneren berufen und dort unter anderem als B\u00fcroleiter des Leiters der Polizeiabteilung (heute Landespolizeipr\u00e4sident) eingesetzt.<\/span><br \/><br \/><span style=\"font-size: 12pt;\">Seit dem Jahr 2000 leitete Erwin Leitner die Polizeiinspektion Schwabach, wo er sich als verl\u00e4sslicher Partner der Stadt Schwabach und der zum Dienstgebiet geh\u00f6renden Gemeinden in kurzer Zeit einen hervorragenden Ruf erarbeitete. Auf Grund seiner herausragenden Leistung stieg er 2012 in die 4. Qualifikationsebene (vormals h\u00f6herer Dienst) auf.<\/span><br \/><br \/><span style=\"font-size: 12pt;\">Mit dem langj\u00e4hrigen Dienststellenleiter geht ein Urgestein der Schwabacher Polizei und zugleich hoch gesch\u00e4tzter Ansprechpartner f\u00fcr die Schwabacher Beh\u00f6rden und Organisationen mit Sicherheitsaufgaben wie beispielsweise Feuerwehr, Rettungsdienst und des Technischen Hilfswerks in Pension.<\/span><br \/><br \/><span style=\"font-size: 12pt;\">Vor den geladen G\u00e4sten hob Polizeipr\u00e4sident Roman Fertinger im Rahmen seiner wertsch\u00e4tzenden und pers\u00f6nlichen Laudatio den Polizeibeamten, aber auch den Menschen Erwin Leitner hervor. Man verabschiede nicht nur einen exzellenten Inspektionsleiter, sondern auch eine weit \u00fcber die Inspektionsgrenzen hinaus angesehene F\u00fchrungskraft und hoch gesch\u00e4tzten Kollegen. Auch die Gru\u00dfworte von Herrn Oberb\u00fcrgermeister Peter Rei\u00df, Herrn Leitenden Polizeidirektor Peter Kreisel (Leiter der Polizeiinspektion Erlangen-Stadt) sowie vom Personalratsvorsitzenden, Herrn Polizeioberrat Rainer Hirschmann, waren voll der Anerkennung f\u00fcr den scheidenden Dienststellenleiter der Goldschl\u00e4gerstadt. Einstimmig wurde hervorgehoben, dass Erwin Leitner stets den Menschen in den Mittelpunkt seiner Arbeit stellte.<\/span><br \/><br \/><span style=\"font-size: 12pt;\">Erwin Leitner hob in seiner Abschiedsrede hervor, dass er mit gro\u00dfem Stolz \u00fcber viele Jahre die Polizeiinspektion Schwabach leitete und er sich stets auf seine Kolleginnen und Kollegen verlassen konnte. Den neuen Lebensabschnitt werde der passionierte Heimwerker nun ganz seiner Familie und seinen Hobbys widmen.<\/span><br \/><br \/><span style=\"font-size: 12pt;\">Nachfolger von Erwin Leitner wird Polizeioberrat Martin Kupka, welcher zuletzt als stellvertretender Dienststellenleiter bei der Polizeiinspektion N\u00fcrnberg-West eingesetzt war und \u00fcber eine langj\u00e4hrige Erfahrung in unterschiedlichen Bereichen der Bayerischen Polizei verf\u00fcgt. Er blickt seiner neuen T\u00e4tigkeit mit Freude entgegen und bedankte sich bei seinem Vorg\u00e4nger f\u00fcr die \u00dcbergabe einer bestens aufgestellten Dienststelle mit hochmotivierten Mitarbeiterinnen und Mitarbeitern.<\/span><br \/><br \/><span style=\"font-size: 12pt;\">Markus Feder<\/span><br \/><br \/><span style=\"font-size: 12pt;\">Original-Content von: Polizeipr\u00e4sidium Mittelfranken<\/span><\/p>\t\t\t\t\t\t<\/div>\n\t\t\t\t<\/div>\n\t\t\t\t<div class=\"elementor-element elementor-element-6c3f9de elementor-widget elementor-widget-shortcode\" data-id=\"6c3f9de\" data-element_type=\"widget\" data-widget_type=\"shortcode.default\">\n\t\t\t\t<div class=\"elementor-widget-container\">\n\t\t\t\t\t<div class=\"elementor-shortcode\"><center><a href=\"https:\/\/a.partner-versicherung.de\/click.php?partner_id=19992&ad_id=441&deep=kfz-versicherung\"  target=\"_blank\"><img decoding=\"async\" src=\"https:\/\/a.partner-versicherung.de\/view.php?partner_id=19992&ad_id=441\" ><\/a><\/center><\/div>\n\t\t\t\t<\/div>\n\t\t\t\t<\/div>\n\t\t\t\t<div class=\"elementor-element elementor-element-ace1283 elementor-widget-divider--view-line elementor-widget elementor-widget-divider\" data-id=\"ace1283\" data-element_type=\"widget\" data-widget_type=\"divider.default\">\n\t\t\t\t<div class=\"elementor-widget-container\">\n\t\t\t\t\t<div class=\"elementor-divider\">\n\t\t\t<span class=\"elementor-divider-separator\">\n\t\t\t\t\t\t<\/span>\n\t\t<\/div>\n\t\t\t\t<\/div>\n\t\t\t\t<\/div>\n\t\t\t\t<div class=\"elementor-element elementor-element-ac34ac3 elementor-widget elementor-widget-google_maps\" data-id=\"ac34ac3\" data-element_type=\"widget\" data-widget_type=\"google_maps.default\">\n\t\t\t\t<div class=\"elementor-widget-container\">\n\t\t\t\t\t<div class=\"elementor-custom-embed\">\n\t\t\t<iframe loading=\"lazy\"\n\t\t\t\t\tsrc=\"https:\/\/maps.google.com\/maps?q=Trommetsheim%2C%20Alesheim%2C%20Deutschland&#038;t=m&#038;z=15&#038;output=embed&#038;iwloc=near\"\n\t\t\t\t\ttitle=\"Trommetsheim, Alesheim, Deutschland\"\n\t\t\t\t\taria-label=\"Trommetsheim, Alesheim, Deutschland\"\n\t\t\t><\/iframe>\n\t\t<\/div>\n\t\t\t\t<\/div>\n\t\t\t\t<\/div>\n\t\t\t\t\t<\/div>\n\t\t<\/div>\n\t\t\t\t<div class=\"elementor-column elementor-col-50 elementor-top-column elementor-element elementor-element-4ce46fb\" data-id=\"4ce46fb\" data-element_type=\"column\">\n\t\t\t<div class=\"elementor-widget-wrap elementor-element-populated\">\n\t\t\t\t\t\t<div class=\"elementor-element elementor-element-38f4e35 elementor-widget elementor-widget-heading\" data-id=\"38f4e35\" data-element_type=\"widget\" data-widget_type=\"heading.default\">\n\t\t\t\t<div class=\"elementor-widget-container\">\n\t\t\t<h3 class=\"elementor-heading-title elementor-size-default\">Schnell vergleichen und sparen!<\/h3>\t\t<\/div>\n\t\t\t\t<\/div>\n\t\t\t\t<div class=\"elementor-element elementor-element-92c49bc elementor-widget elementor-widget-wp-widget-advads_ad_widget\" data-id=\"92c49bc\" data-element_type=\"widget\" data-widget_type=\"wp-widget-advads_ad_widget.default\">\n\t\t\t\t<div class=\"elementor-widget-container\">\n\t\t\t<div id=\"regio-2768374537\"><div class=\"regio-adlabel\">Werbung<\/div><!-- Beginn https:\/\/www.financeads.net\/-Code --><a href=\"https:\/\/www.financeads.net\/tc.php?t=36648C236142529B\" target=\"_blank\"><img fetchpriority=\"high\" decoding=\"async\" src=\"https:\/\/www.financeads.net\/tb.php?t=36648V236142529B&https=1\" alt=\"\" border=\"0\" width=\"300\" height=\"250\"><\/a><!-- Ende https:\/\/www.financeads.net\/-Code --><\/div>\t\t<\/div>\n\t\t\t\t<\/div>\n\t\t\t\t<div class=\"elementor-element elementor-element-cb0c78c elementor-widget elementor-widget-wp-widget-advads_ad_widget\" data-id=\"cb0c78c\" data-element_type=\"widget\" data-widget_type=\"wp-widget-advads_ad_widget.default\">\n\t\t\t\t<div class=\"elementor-widget-container\">\n\t\t\t<div id=\"regio-3355051170\"><div class=\"regio-adlabel\">Werbung<\/div><!-- Beginn https:\/\/www.financeads.net\/-Code --><a href=\"https:\/\/www.financeads.net\/tc.php?t=36648C42614510B\" target=\"_blank\"><img decoding=\"async\" src=\"https:\/\/www.financeads.net\/tb.php?t=36648V42614510B&https=1\" alt=\"\" border=\"0\" width=\"200\" height=\"300\"><\/a><!-- Ende https:\/\/www.financeads.net\/-Code --><\/div>\t\t<\/div>\n\t\t\t\t<\/div>\n\t\t\t\t<div class=\"elementor-element elementor-element-31c9ced elementor-widget elementor-widget-wp-widget-advads_ad_widget\" data-id=\"31c9ced\" data-element_type=\"widget\" data-widget_type=\"wp-widget-advads_ad_widget.default\">\n\t\t\t\t<div class=\"elementor-widget-container\">\n\t\t\t<div id=\"regio-2172271157\"><div class=\"regio-adlabel\">Werbung<\/div><!-- Beginn https:\/\/www.financeads.net\/-Code --><a href=\"https:\/\/www.financeads.net\/tc.php?t=36648C205040072B\" target=\"_blank\"><img decoding=\"async\" src=\"https:\/\/www.financeads.net\/tb.php?t=36648V205040072B&https=1\" alt=\"\" border=\"0\" width=\"300\" height=\"250\"><\/a><!-- Ende https:\/\/www.financeads.net\/-Code --><\/div>\t\t<\/div>\n\t\t\t\t<\/div>\n\t\t\t\t<div class=\"elementor-element elementor-element-0344b9f elementor-widget elementor-widget-wp-widget-advads_ad_widget\" data-id=\"0344b9f\" data-element_type=\"widget\" data-widget_type=\"wp-widget-advads_ad_widget.default\">\n\t\t\t\t<div class=\"elementor-widget-container\">\n\t\t\t<div id=\"regio-2303662637\"><div class=\"regio-adlabel\">Werbung<\/div><!-- Beginn https:\/\/www.financeads.net\/-Code --><a href=\"https:\/\/www.financeads.net\/tc.php?t=36648C271460142B\" target=\"_blank\"><img loading=\"lazy\" decoding=\"async\" src=\"https:\/\/www.financeads.net\/tb.php?t=36648V271460142B&https=1\" alt=\"PETPROTECT_Hund&Katze_Banner\" border=\"0\" width=\"250\" height=\"250\"><\/a><!-- Ende https:\/\/www.financeads.net\/-Code --><\/div>\t\t<\/div>\n\t\t\t\t<\/div>\n\t\t\t\t\t<\/div>\n\t\t<\/div>\n\t\t\t\t\t<\/div>\n\t\t<\/section>\n\t\t\t\t<\/div>\n\t\t","protected":false},"excerpt":{"rendered":"<div class=\"mh-excerpt\"><p>Neuer Dienststellenleiter in Schwabach Schwabach (ots) &#8211; Am Dienstag (19.10.2021) verabschiedete der mittelfr\u00e4nkische Polizeipr\u00e4sident Roman Fertinger feierlich den Dienststellenleiter der Polizeiinspektion Schwabach, Herrn Polizeioberrat Erwin Leitner, im Markgrafensaal in Schwabach. Zugleich wurde sein Nachfolger, Herr <a class=\"mh-excerpt-more\" href=\"https:\/\/www.region-schwabach.de\/wordpress\/fuhrungswechsel-bei-der-polizeiinspektion-schwabach\/\" title=\"F\u00fchrungswechsel bei der Polizeiinspektion Schwabach\">[&#8230;]<\/a><\/p>\n<\/div>","protected":false},"author":1,"featured_media":152153,"comment_status":"open","ping_status":"open","sticky":false,"template":"","format":"standard","meta":{"_cbd_carousel_blocks":"[]","footnotes":""},"categories":[15],"tags":[17272,17299,10350,17301,2029,2028,17303,17306,981,17305,17304,17302,19,17300],"class_list":{"0":"post-152152","1":"post","2":"type-post","3":"status-publish","4":"format-standard","5":"has-post-thumbnail","7":"category-polizeimeldungen","8":"tag-19-10-2021","9":"tag-dienststellenleiter","10":"tag-erwin-leitner","11":"tag-fuehrungswechsel","12":"tag-ludwigstrasse","13":"tag-markgrafensaal","14":"tag-martin-kupka","15":"tag-nachfolger","16":"tag-polizei","17":"tag-polizeipraesident","18":"tag-roman-fertinger","19":"tag-ruhestand","20":"tag-schwabach","21":"tag-verabschiedung"},"_links":{"self":[{"href":"https:\/\/www.region-schwabach.de\/wordpress\/wp-json\/wp\/v2\/posts\/152152","targetHints":{"allow":["GET"]}}],"collection":[{"href":"https:\/\/www.region-schwabach.de\/wordpress\/wp-json\/wp\/v2\/posts"}],"about":[{"href":"https:\/\/www.region-schwabach.de\/wordpress\/wp-json\/wp\/v2\/types\/post"}],"author":[{"embeddable":true,"href":"https:\/\/www.region-schwabach.de\/wordpress\/wp-json\/wp\/v2\/users\/1"}],"replies":[{"embeddable":true,"href":"https:\/\/www.region-schwabach.de\/wordpress\/wp-json\/wp\/v2\/comments?post=152152"}],"version-history":[{"count":0,"href":"https:\/\/www.region-schwabach.de\/wordpress\/wp-json\/wp\/v2\/posts\/152152\/revisions"}],"wp:featuredmedia":[{"embeddable":true,"href":"https:\/\/www.region-schwabach.de\/wordpress\/wp-json\/wp\/v2\/media\/152153"}],"wp:attachment":[{"href":"https:\/\/www.region-schwabach.de\/wordpress\/wp-json\/wp\/v2\/media?parent=152152"}],"wp:term":[{"taxonomy":"category","embeddable":true,"href":"https:\/\/www.region-schwabach.de\/wordpress\/wp-json\/wp\/v2\/categories?post=152152"},{"taxonomy":"post_tag","embeddable":true,"href":"https:\/\/www.region-schwabach.de\/wordpress\/wp-json\/wp\/v2\/tags?post=152152"}],"curies":[{"name":"wp","href":"https:\/\/api.w.org\/{rel}","templated":true}]}}