{"id":152192,"date":"2021-10-22T01:00:00","date_gmt":"2021-10-21T23:00:00","guid":{"rendered":"https:\/\/www.region-schwabach.de\/wordpress\/?p=152192"},"modified":"2021-10-21T21:59:43","modified_gmt":"2021-10-21T19:59:43","slug":"4-bildungskonferenz-der-stadt-schwabach-am-freitag-den-22-oktober-2021","status":"publish","type":"post","link":"https:\/\/www.region-schwabach.de\/wordpress\/4-bildungskonferenz-der-stadt-schwabach-am-freitag-den-22-oktober-2021\/","title":{"rendered":"4. Bildungskonferenz der Stadt Schwabach am Freitag, den 22. Oktober 2021"},"content":{"rendered":"\t\t<div data-elementor-type=\"wp-post\" data-elementor-id=\"152192\" class=\"elementor elementor-152192\">\n\t\t\t\t\t\t<section class=\"elementor-section elementor-top-section elementor-element elementor-element-678181b elementor-section-boxed elementor-section-height-default elementor-section-height-default\" data-id=\"678181b\" data-element_type=\"section\">\n\t\t\t\t\t\t<div class=\"elementor-container elementor-column-gap-default\">\n\t\t\t\t\t<div class=\"elementor-column elementor-col-50 elementor-top-column elementor-element elementor-element-6b34026\" data-id=\"6b34026\" data-element_type=\"column\">\n\t\t\t<div class=\"elementor-widget-wrap elementor-element-populated\">\n\t\t\t\t\t\t<div class=\"elementor-element elementor-element-8280879 elementor-widget elementor-widget-wp-widget-advads_ad_widget\" data-id=\"8280879\" data-element_type=\"widget\" data-widget_type=\"wp-widget-advads_ad_widget.default\">\n\t\t\t\t<div class=\"elementor-widget-container\">\n\t\t\t<div id=\"regio-2860581048\"><div class=\"regio-adlabel\">Werbung<\/div><center><a href=\"https:\/\/a.partner-versicherung.de\/click.php?partner_id=19992&ad_id=1578&deep=kreditkarten\"  target=\"_blank\"><img decoding=\"async\" src=\"https:\/\/a.partner-versicherung.de\/view.php?partner_id=19992&ad_id=1578\" ><\/a><\/center><\/div>\t\t<\/div>\n\t\t\t\t<\/div>\n\t\t\t\t<div class=\"elementor-element elementor-element-443ab98 elementor-widget elementor-widget-text-editor\" data-id=\"443ab98\" data-element_type=\"widget\" data-widget_type=\"text-editor.default\">\n\t\t\t\t<div class=\"elementor-widget-container\">\n\t\t\t\t\t\t\t<h3>Freitag, den 22. Oktober 2021, 14.00 Uhr bis 18.00 Uhr<br \/><span style=\"font-size: 14pt;\">Bildungskonferenz im Adam-Kraft-Gymnasium<\/span><\/h3><p><span style=\"font-size: 12pt;\">Schwabach &#8211; Mit dem diesj\u00e4hrigen Thema politische Bildung greift die 4. Bildungskonferenz der Stadt Schwabach eine hochaktuelle Diskussion auf. Das Vertrauen in die etablierte Politik schwindet, populistische Str\u00f6mungen erstarken, der politische Diskurs polarisiert und versch\u00e4rft sich. Kinder und Jugendliche f\u00fcr Demokratie zu begeistern und zu m\u00fcndigen B\u00fcrgerinnen und B\u00fcrgern machen, ist eine gesamtgesellschaftliche Aufgabe. Welchen Herausforderungen m\u00fcssen wir uns dabei stellen? Was bedeuten die aktuellen Entwicklungen f\u00fcr die Bildungsarbeit? Diesen und vielen weiteren Fragen wollen wir auf der Konferenz nachgehen und gemeinsam mit Ihnen diskutieren.\u00a0<\/span><\/p><p>Weiterf\u00fchrende Infos:<\/p><p><a href=\"https:\/\/www.schwabach.de\/images\/referate\/referat_1\/schul-und-sportamt\/Bildungsportal\/Flyer_SC_Bildungskonferenz_2021.pdf\" target=\"_blank\" rel=\"noopener\"><span style=\"font-size: 12pt;\">Den Info-Flyer zur Bildungskonferenz der Stadt Schwabach gibt es hier zum Download &#8230;\u00a0<\/span><\/a><\/p><p><a href=\"https:\/\/www.schwabach.de\/de\/stadtverwaltung\/referat-1-interne-dienste-und-schulen\/67-schul-und-sportamt\/68-neues\/9665-4-bildungskonferenz-der-stadt-schwabach.html#Veranstaltung\" target=\"_blank\" rel=\"noopener\"><span style=\"font-size: 12pt;\">Weitere Infos zu dieser Veranstaltung gibt es hier &#8230;<\/span><\/a><\/p>\t\t\t\t\t\t<\/div>\n\t\t\t\t<\/div>\n\t\t\t\t<div class=\"elementor-element elementor-element-1372e3f elementor-widget elementor-widget-shortcode\" data-id=\"1372e3f\" data-element_type=\"widget\" data-widget_type=\"shortcode.default\">\n\t\t\t\t<div class=\"elementor-widget-container\">\n\t\t\t\t\t<div class=\"elementor-shortcode\"><!-- Beginn https:\/\/www.financeads.net\/-Code --><a href=\"https:\/\/www.financeads.net\/tc.php?t=36648C38513858B\" target=\"_blank\"><center><img decoding=\"async\" src=\"https:\/\/www.financeads.net\/tb.php?t=36648V38513858B&https=1\" alt=\"\" border=\"0\" width=\"468\" height=\"60\"><\/a><!-- Ende https:\/\/www.financeads.net\/-Code --><\/div>\n\t\t\t\t<\/div>\n\t\t\t\t<\/div>\n\t\t\t\t<div class=\"elementor-element elementor-element-a2cb79b elementor-widget-divider--view-line elementor-widget elementor-widget-divider\" data-id=\"a2cb79b\" data-element_type=\"widget\" data-widget_type=\"divider.default\">\n\t\t\t\t<div class=\"elementor-widget-container\">\n\t\t\t\t\t<div class=\"elementor-divider\">\n\t\t\t<span class=\"elementor-divider-separator\">\n\t\t\t\t\t\t<\/span>\n\t\t<\/div>\n\t\t\t\t<\/div>\n\t\t\t\t<\/div>\n\t\t\t\t<div class=\"elementor-element elementor-element-da20a21 elementor-widget elementor-widget-google_maps\" data-id=\"da20a21\" data-element_type=\"widget\" data-widget_type=\"google_maps.default\">\n\t\t\t\t<div class=\"elementor-widget-container\">\n\t\t\t\t\t<div class=\"elementor-custom-embed\">\n\t\t\t<iframe loading=\"lazy\"\n\t\t\t\t\tsrc=\"https:\/\/maps.google.com\/maps?q=Bismarckstra%C3%9Fe%206%2C%20Schwabach%2C%20Deutschland&#038;t=m&#038;z=17&#038;output=embed&#038;iwloc=near\"\n\t\t\t\t\ttitle=\"Bismarckstra\u00dfe 6, Schwabach, Deutschland\"\n\t\t\t\t\taria-label=\"Bismarckstra\u00dfe 6, Schwabach, Deutschland\"\n\t\t\t><\/iframe>\n\t\t<\/div>\n\t\t\t\t<\/div>\n\t\t\t\t<\/div>\n\t\t\t\t\t<\/div>\n\t\t<\/div>\n\t\t\t\t<div class=\"elementor-column elementor-col-50 elementor-top-column elementor-element elementor-element-9ea5c6c\" data-id=\"9ea5c6c\" data-element_type=\"column\">\n\t\t\t<div class=\"elementor-widget-wrap elementor-element-populated\">\n\t\t\t\t\t\t<div class=\"elementor-element elementor-element-13a6746 elementor-widget elementor-widget-heading\" data-id=\"13a6746\" data-element_type=\"widget\" data-widget_type=\"heading.default\">\n\t\t\t\t<div class=\"elementor-widget-container\">\n\t\t\t<h3 class=\"elementor-heading-title elementor-size-default\">Schnell vergleichen und sparen!<\/h3>\t\t<\/div>\n\t\t\t\t<\/div>\n\t\t\t\t<div class=\"elementor-element elementor-element-dbc018a elementor-widget elementor-widget-wp-widget-advads_ad_widget\" data-id=\"dbc018a\" data-element_type=\"widget\" data-widget_type=\"wp-widget-advads_ad_widget.default\">\n\t\t\t\t<div class=\"elementor-widget-container\">\n\t\t\t<div id=\"regio-478736793\"><div class=\"regio-adlabel\">Werbung<\/div><!-- Beginn https:\/\/www.financeads.net\/-Code --><a href=\"https:\/\/www.financeads.net\/tc.php?t=36648C236142529B\" target=\"_blank\"><img fetchpriority=\"high\" decoding=\"async\" src=\"https:\/\/www.financeads.net\/tb.php?t=36648V236142529B&https=1\" alt=\"\" border=\"0\" width=\"300\" height=\"250\"><\/a><!-- Ende https:\/\/www.financeads.net\/-Code --><\/div>\t\t<\/div>\n\t\t\t\t<\/div>\n\t\t\t\t<div class=\"elementor-element elementor-element-7b7ed96 elementor-widget elementor-widget-wp-widget-advads_ad_widget\" data-id=\"7b7ed96\" data-element_type=\"widget\" data-widget_type=\"wp-widget-advads_ad_widget.default\">\n\t\t\t\t<div class=\"elementor-widget-container\">\n\t\t\t<div id=\"regio-718998368\"><div class=\"regio-adlabel\">Werbung<\/div><!-- Beginn https:\/\/www.financeads.net\/-Code --><a href=\"https:\/\/www.financeads.net\/tc.php?t=36648C42614510B\" target=\"_blank\"><img decoding=\"async\" src=\"https:\/\/www.financeads.net\/tb.php?t=36648V42614510B&https=1\" alt=\"\" border=\"0\" width=\"200\" height=\"300\"><\/a><!-- Ende https:\/\/www.financeads.net\/-Code --><\/div>\t\t<\/div>\n\t\t\t\t<\/div>\n\t\t\t\t<div class=\"elementor-element elementor-element-20e1d50 elementor-widget elementor-widget-wp-widget-advads_ad_widget\" data-id=\"20e1d50\" data-element_type=\"widget\" data-widget_type=\"wp-widget-advads_ad_widget.default\">\n\t\t\t\t<div class=\"elementor-widget-container\">\n\t\t\t<div id=\"regio-1908556451\"><div class=\"regio-adlabel\">Werbung<\/div><!-- Beginn https:\/\/www.financeads.net\/-Code --><a href=\"https:\/\/www.financeads.net\/tc.php?t=36648C205040072B\" target=\"_blank\"><img loading=\"lazy\" decoding=\"async\" src=\"https:\/\/www.financeads.net\/tb.php?t=36648V205040072B&https=1\" alt=\"\" border=\"0\" width=\"300\" height=\"250\"><\/a><!-- Ende https:\/\/www.financeads.net\/-Code --><\/div>\t\t<\/div>\n\t\t\t\t<\/div>\n\t\t\t\t<div class=\"elementor-element elementor-element-6ca0266 elementor-widget elementor-widget-wp-widget-advads_ad_widget\" data-id=\"6ca0266\" data-element_type=\"widget\" data-widget_type=\"wp-widget-advads_ad_widget.default\">\n\t\t\t\t<div class=\"elementor-widget-container\">\n\t\t\t<div id=\"regio-3251456452\"><div class=\"regio-adlabel\">Werbung<\/div><!-- Beginn https:\/\/www.financeads.net\/-Code --><a href=\"https:\/\/www.financeads.net\/tc.php?t=36648C271460142B\" target=\"_blank\"><img loading=\"lazy\" decoding=\"async\" src=\"https:\/\/www.financeads.net\/tb.php?t=36648V271460142B&https=1\" alt=\"PETPROTECT_Hund&Katze_Banner\" border=\"0\" width=\"250\" height=\"250\"><\/a><!-- Ende https:\/\/www.financeads.net\/-Code --><\/div>\t\t<\/div>\n\t\t\t\t<\/div>\n\t\t\t\t\t<\/div>\n\t\t<\/div>\n\t\t\t\t\t<\/div>\n\t\t<\/section>\n\t\t\t\t<\/div>\n\t\t","protected":false},"excerpt":{"rendered":"<div class=\"mh-excerpt\"><p>Freitag, den 22. Oktober 2021, 14.00 Uhr bis 18.00 Uhr Bildungskonferenz im Adam-Kraft-Gymnasium Schwabach &#8211; Mit dem diesj\u00e4hrigen Thema politische Bildung greift die 4. Bildungskonferenz der Stadt Schwabach eine hochaktuelle Diskussion auf. Das Vertrauen in <a class=\"mh-excerpt-more\" href=\"https:\/\/www.region-schwabach.de\/wordpress\/4-bildungskonferenz-der-stadt-schwabach-am-freitag-den-22-oktober-2021\/\" title=\"4. Bildungskonferenz der Stadt Schwabach am Freitag, den 22. Oktober 2021\">[&#8230;]<\/a><\/p>\n<\/div>","protected":false},"author":1,"featured_media":152193,"comment_status":"open","ping_status":"open","sticky":false,"template":"","format":"standard","meta":{"_cbd_carousel_blocks":"[]","footnotes":""},"categories":[16,1,287,79,61],"tags":[17312,17311,6311,17314,9213,4671,522,17313,1480,19,3609,3012,3151,3501],"class_list":{"0":"post-152192","1":"post","2":"type-post","3":"status-publish","4":"format-standard","5":"has-post-thumbnail","7":"category-aktuell","8":"category-allgemein","9":"category-jugend-und-familie","10":"category-politik","11":"category-rathaus","12":"tag-22-oktober-2021","13":"tag-22-10-2021","14":"tag-adam-kraft-gymnasium","15":"tag-bildung-zu-demokratischer-kompetenz","16":"tag-bildungskonferenz","17":"tag-bismarckstrasse","18":"tag-koenigsplatz","19":"tag-politische-bildung","20":"tag-rathaus","21":"tag-schwabach","22":"tag-sitzungssaal","23":"tag-stadt","24":"tag-stadt-schwabach","25":"tag-workshops"},"_links":{"self":[{"href":"https:\/\/www.region-schwabach.de\/wordpress\/wp-json\/wp\/v2\/posts\/152192","targetHints":{"allow":["GET"]}}],"collection":[{"href":"https:\/\/www.region-schwabach.de\/wordpress\/wp-json\/wp\/v2\/posts"}],"about":[{"href":"https:\/\/www.region-schwabach.de\/wordpress\/wp-json\/wp\/v2\/types\/post"}],"author":[{"embeddable":true,"href":"https:\/\/www.region-schwabach.de\/wordpress\/wp-json\/wp\/v2\/users\/1"}],"replies":[{"embeddable":true,"href":"https:\/\/www.region-schwabach.de\/wordpress\/wp-json\/wp\/v2\/comments?post=152192"}],"version-history":[{"count":0,"href":"https:\/\/www.region-schwabach.de\/wordpress\/wp-json\/wp\/v2\/posts\/152192\/revisions"}],"wp:featuredmedia":[{"embeddable":true,"href":"https:\/\/www.region-schwabach.de\/wordpress\/wp-json\/wp\/v2\/media\/152193"}],"wp:attachment":[{"href":"https:\/\/www.region-schwabach.de\/wordpress\/wp-json\/wp\/v2\/media?parent=152192"}],"wp:term":[{"taxonomy":"category","embeddable":true,"href":"https:\/\/www.region-schwabach.de\/wordpress\/wp-json\/wp\/v2\/categories?post=152192"},{"taxonomy":"post_tag","embeddable":true,"href":"https:\/\/www.region-schwabach.de\/wordpress\/wp-json\/wp\/v2\/tags?post=152192"}],"curies":[{"name":"wp","href":"https:\/\/api.w.org\/{rel}","templated":true}]}}